{"id":42455,"date":"2019-07-18T14:40:03","date_gmt":"2019-07-18T11:40:03","guid":{"rendered":"http:\/\/infois.ro\/?p=42455"},"modified":"2019-07-18T14:40:03","modified_gmt":"2019-07-18T11:40:03","slug":"birou-regional-infiintat-la-iasi-in-sprijinul-invatamantului-profesional-in-sistem-dual","status":"publish","type":"post","link":"https:\/\/infois.ro\/?p=42455","title":{"rendered":"Birou regional \u00eenfiin\u021bat la Ia\u0219i \u00een sprijinul \u00eenv\u0103\u021b\u0103m\u00e2ntului profesional \u00een sistem dual"},"content":{"rendered":"<p><a href=\"http:\/\/infois.ro\/wp-content\/uploads\/2019\/07\/invatamant-dual1.jpg\"><img loading=\"lazy\" decoding=\"async\" class=\"alignleft  wp-image-42456\" src=\"http:\/\/infois.ro\/wp-content\/uploads\/2019\/07\/invatamant-dual1.jpg\" alt=\"\" width=\"421\" height=\"165\" srcset=\"https:\/\/infois.ro\/wp-content\/uploads\/2019\/07\/invatamant-dual1.jpg 640w, https:\/\/infois.ro\/wp-content\/uploads\/2019\/07\/invatamant-dual1-300x118.jpg 300w\" sizes=\"(max-width: 421px) 100vw, 421px\" \/><\/a><\/p>\n<p style=\"text-align: justify;\">Camera de Comer\u021b \u0219i Industrie Ia\u0219i \u0219i Autoritatea Na\u021bional\u0103 pentru Formare Profesional\u0103 Ini\u021bial\u0103 \u00een Sistem Dual din Rom\u00e2nia (ANPFPISDR), au organizat joi, 18 iulie 2019, o conferin\u021b\u0103 de pres\u0103 cu ocazia semn\u0103rii protocolului de colaborare dintre cele dou\u0103 institu\u021bii.<\/p>\n<p style=\"text-align: justify;\">Dificult\u0103\u021bile cresc\u00e2nde cu care se confrunt\u0103 firmele \u00een privin\u021ba g\u0103sirii \u0219i angaj\u0103rii de lucr\u0103tori califica\u021bi determin\u0103 o apropiere mai mare \u00eentre mediul de afaceri \u0219i \u0219coal\u0103, pentru o mai bun\u0103 identificare a nevoilor pie\u021bei muncii \u0219i o mai bun\u0103 corelare cu \u00eenv\u0103\u021b\u0103m\u00e2ntul profesional \u0219i tehnic.<\/p>\n<p style=\"text-align: justify;\"><em>\u201ePia\u021ba for\u021bei de munc\u0103 duce o lips\u0103 din ce \u00een ce mai acut\u0103 de meseria\u0219i. Fie c\u0103 vorbim de migra\u021bia lucr\u0103torilor califica\u021bi, fie de schimbul de genera\u021bii care, iat\u0103, nu aduce din urm\u0103 un num\u0103r suficient de mare personal calificat \u00een domeniile tehnice, cert este c\u0103 firmele au probleme din ce \u00een ce mai mari. Chiar \u0219i \u00een condi\u021biile \u00een care aceste meserii au devenit tot mai bine pl\u0103tite, tot nu se g\u0103se\u0219te suficient personal calificat. Trebuie schimbat\u0103 o anumit\u0103 mentalitate care \u00eenc\u0103 mai persist\u0103 la nivelul p\u0103rin\u021bilor \u0219i al copiilor: aceea c\u0103 un trai mai bun \u00eenseamn\u0103 obligatoriu s\u0103 ai studii superioare \u0219i, eventual, s\u0103 desf\u0103\u0219ori o munc\u0103 de birou, cu un laptop \u00een fa\u021b\u0103. Realitatea arat\u0103 c\u0103 nu este chiar a\u0219a. Exist\u0103 o multitudine de calific\u0103ri tehnice bine pl\u0103tite, care nu necesit\u0103 studii superioare. \u0218i, \u00een acela\u0219i timp, nu to\u021bi copiii au acelea\u0219i \u00eenclina\u021bii \u0219i aptitudini. Cei cu \u00eenclina\u021bii tehnice trebuie \u00eencuraja\u021bi s\u0103 se \u00eendrepte spre \u00eenv\u0103\u021b\u0103m\u00e2ntul profesional dual, care se coreleaz\u0103 cu necesit\u0103\u021bile pie\u021bei muncii \u0219i include o component\u0103 major\u0103 de practic\u0103 efectiv\u0103 \u0219i real\u0103 \u00eentr-o firm\u0103, ceea ce, dublat de seriozitatea t\u00e2n\u0103rului, duce la certitudinea unui loc de munc\u0103, repet, bine pl\u0103tit, la finalizarea \u0219colii. Iar pe de alt\u0103 parte, nimeni \u0219i nimic nu \u00eempiedic\u0103 acel t\u00e2n\u0103r ca, ulterior, s\u0103-\u0219i continue studiile, s\u0103 fac\u0103 o facultate. Dar esen\u021bial este c\u0103 la finalul \u0219colii, urmat\u0103 \u00een cadrul \u00eenv\u0103\u021b\u0103m\u00e2ntului profesional dual, acel t\u00e2n\u0103r este instruit, are o calificare \u0219i are \u0219i un loc de munc\u0103, de multe ori chiar \u00een cadrul firmei \u00een care a efectuat practica. Se creeaz\u0103 astfel un fel de \u201dpia\u021b\u0103\u201d a \u00eenv\u0103\u021b\u0103m\u00e2ntului, pe segmentele: dual, profesional \u0219i tehnologic, astfel c\u0103 elevii vor beneficia de avantajele cunoa\u0219terii unei meserii \u0219i ale dob\u00e2ndirii unei calific\u0103ri\u201d,\u00a0<\/em>a declarat Paul Butnariu, pre\u0219edintele Camerei de Comer\u021b \u0219i Industrie Ia\u0219i.<a href=\"http:\/\/infois.ro\/wp-content\/uploads\/2019\/07\/invatamant-dual2.jpg\"><img loading=\"lazy\" decoding=\"async\" class=\" wp-image-42457 alignright\" src=\"http:\/\/infois.ro\/wp-content\/uploads\/2019\/07\/invatamant-dual2.jpg\" alt=\"\" width=\"452\" height=\"236\" srcset=\"https:\/\/infois.ro\/wp-content\/uploads\/2019\/07\/invatamant-dual2.jpg 640w, https:\/\/infois.ro\/wp-content\/uploads\/2019\/07\/invatamant-dual2-300x157.jpg 300w\" sizes=\"(max-width: 452px) 100vw, 452px\" \/><\/a><\/p>\n<p style=\"text-align: justify;\"><em>\u00a0<\/em>Parteneriatul constituit la nivelul sistemului Camerelor de Comer\u021b \u0219i Industrie \u0219i Autoritatea Na\u021bional\u0103 pentru Formare Profesional\u0103 Ini\u021bial\u0103 \u00een Sistem Dual din Rom\u00e2nia prevede \u0219i \u00eenfiin\u021barea \u00een teritoriu a 8 birouri regionale, cel aferent Regiunii Nord-Est fiind stabilit la Ia\u0219i, cu sprijinul Camerei de Comer\u021b.<\/p>\n<p style=\"text-align: justify;\">Dezbaterea a beneficiat de participarea reprezentan\u021bilor unui spectru larg de institu\u021bii cu inciden\u021b\u0103 asupra dezvolt\u0103rii \u00eenv\u0103\u021b\u0103m\u00e2ntului profesional dual: deputat Camelia Gavril\u0103 &#8211; \u00a0pre\u0219edinte al comisiei de \u00eenv\u0103\u021b\u0103m\u00e2nt din Camera Deputa\u021bilor, Maricel Popa &#8211; pre\u0219edintele Consiliul Jude\u021bean Ia\u0219i, Genoveva Farca\u0219 &#8211; inspector \u0219colar general \u0219i Rodica Dumitru &#8211; inspector de specialitate Inspectoratul \u0218colar Jude\u021bean Ia\u0219i, Radu Botez &#8211; viceprimar al Municipiului Ia\u0219i. De asemenea, au mai participat \u0219i Florentina Vasilescu, coordonator regional al Centrului Na\u021bional de Dezvoltare a \u00cenv\u0103\u021b\u0103m\u00e2ntului Profesional \u0219i Tehnic \u0219i, \u00een calitate de invitat special, Rodica Bivol, \u0219ef sec\u021bie \u00eenv\u0103\u021b\u0103m\u00e2nt dual din cadrul Camerei de Comer\u021b \u0219i Industrie a Republicii Moldova.<\/p>\n<p style=\"text-align: justify;\">Parteneri de dialog pentru autorit\u0103\u021bi au fost reprezentan\u021bi ai unor firme interesate de subiectul \u00eenv\u0103\u021b\u0103m\u00e2ntului dual, precum: Antibiotice, Delphi Diesel Systems Romania, Aeroportul Ia\u0219i, Piscicola, Mobila SACO Pa\u0219cani.<\/p>\n<p style=\"text-align: justify;\"><em>\u201eNici firmele nu trebuie s\u0103 fie reticente. Auzim de multe ori \u00eentrebarea: bine, dar dac\u0103 elevul pleac\u0103 dup\u0103 ce face practica la mine? Experien\u021ba celor c\u00e2teva \u0219coli \u00een sistem dual care au f\u0103cut pionierat \u00een Rom\u00e2nia ne-a ar\u0103tat c\u0103, per total, operatorul economic iese c\u00e2\u0219tigat prin aceast\u0103 implicare, chiar dac\u0103 nu-i poate re\u021bine \u00een propor\u021bie de 100% pe to\u021bii practican\u021bii. Trebuie privit \u0219i a\u0219a: a instrui mai mul\u021bi elevi dec\u00e2t locuri de munc\u0103 disponibile efectiv la tine \u00een firm\u0103, \u00ee\u021bi ofer\u0103 posibilitatea s\u0103 \u021bi-i alegi pe cei mai buni \u0219i mai serio\u0219i\u201d,\u00a0<\/em>a mai declarat Paul Butnariu, pre\u0219edintele Camerei de Comer\u021b \u0219i Industrie Ia\u0219i.<\/p>\n<p style=\"text-align: justify;\"><a href=\"http:\/\/infois.ro\/wp-content\/uploads\/2019\/07\/invatamant-dual3.jpg\"><img loading=\"lazy\" decoding=\"async\" class=\"alignleft  wp-image-42458\" src=\"http:\/\/infois.ro\/wp-content\/uploads\/2019\/07\/invatamant-dual3.jpg\" alt=\"\" width=\"342\" height=\"247\" srcset=\"https:\/\/infois.ro\/wp-content\/uploads\/2019\/07\/invatamant-dual3.jpg 640w, https:\/\/infois.ro\/wp-content\/uploads\/2019\/07\/invatamant-dual3-300x217.jpg 300w\" sizes=\"(max-width: 342px) 100vw, 342px\" \/><\/a>Prezentarea sistemului \u00eenv\u0103\u021b\u0103m\u00e2ntului dual \u0219i a obiectivelor avute \u00een vedere de parteneriatul dintre ANPFPISDR \u0219i CCI Ia\u0219i \u0219i \u00eenfiin\u021barea biroului regional de la Ia\u0219i, a fost urmat\u0103 de o ampl\u0103 discu\u021bie pornind de la \u00eentreb\u0103rile punctuale ale fiec\u0103rei firme \u0219i continu\u00e2nd cu un veritabil schimb de experien\u021b\u0103 cu reprezentanta CCI de la Chi\u0219in\u0103u, care a expus pe larg modalitatea \u00een care este implementat sistemul \u00eenv\u0103\u021b\u0103m\u00e2ntului dual \u00een Republica Moldova \u0219i concluziile dup\u0103 cinci ani de implementare.<\/p>\n<p style=\"text-align: justify;\"><em>\u201eSemnarea acestui protocol se \u00eenscrie \u00een strategia Autorit\u0103\u021bii Na\u021bionale de a deschide 8 Birouri Regionale, \u00een parteneriat cu camerele de comer\u021b \u0219i industrie. Obiectivul principal este acela de a ne apropia de mediul de business, \u00eentruc\u00e2t \u00eenv\u0103\u021b\u0103m\u00e2ntul dual se organizeaz\u0103 doar la solicitarea agen\u021bilor economici. Biroul regional care se va deschide la Ia\u0219i va acoperi \u00eentreaga regiune Nord-Est. Obiectivele imediate sunt apropierea de oamenii de afaceri, promovarea strategiei de dezvoltare, identificarea resursei umane \u0219i promovarea oportunit\u0103\u021bilor pentru mediul de afaceri. \u0218i deopotriv\u0103 pentru elevi \u0219i p\u0103rin\u021bi asigurarea c\u0103 a \u00eenv\u0103\u021ba o meserie \u0219i a avea la v\u00e2rsta majoratului un loc de munc\u0103 bine pl\u0103tit este o \u0219ans\u0103 \u00een plus\u201d<\/em>, a declarat Gabriel Bratu, pre\u0219edintele Autorit\u0103\u021bii Na\u021bionale pentru Formare Profesional\u0103 \u00een Sistem Dual din Rom\u00e2nia.<\/p>\n<p style=\"text-align: right;\"><strong>Camera de Comer\u021b \u0219i Industrie Ia\u0219i<\/strong><\/p>\n","protected":false},"excerpt":{"rendered":"<p>Camera de Comer\u021b \u0219i Industrie Ia\u0219i \u0219i Autoritatea Na\u021bional\u0103 pentru Formare Profesional\u0103 Ini\u021bial\u0103 \u00een Sistem&#8230; <a class=\"meta-more\" href=\"https:\/\/infois.ro\/?p=42455\">more <span class=\"meta-nav\">&raquo;<\/span><\/a><\/p>\n","protected":false},"author":2,"featured_media":42456,"comment_status":"closed","ping_status":"closed","sticky":false,"template":"","format":"standard","meta":{"footnotes":""},"categories":[6,41],"tags":[74,12458,40,8904,928],"aioseo_notices":[],"_links":{"self":[{"href":"https:\/\/infois.ro\/index.php?rest_route=\/wp\/v2\/posts\/42455"}],"collection":[{"href":"https:\/\/infois.ro\/index.php?rest_route=\/wp\/v2\/posts"}],"about":[{"href":"https:\/\/infois.ro\/index.php?rest_route=\/wp\/v2\/types\/post"}],"author":[{"embeddable":true,"href":"https:\/\/infois.ro\/index.php?rest_route=\/wp\/v2\/users\/2"}],"replies":[{"embeddable":true,"href":"https:\/\/infois.ro\/index.php?rest_route=%2Fwp%2Fv2%2Fcomments&post=42455"}],"version-history":[{"count":1,"href":"https:\/\/infois.ro\/index.php?rest_route=\/wp\/v2\/posts\/42455\/revisions"}],"predecessor-version":[{"id":42459,"href":"https:\/\/infois.ro\/index.php?rest_route=\/wp\/v2\/posts\/42455\/revisions\/42459"}],"wp:featuredmedia":[{"embeddable":true,"href":"https:\/\/infois.ro\/index.php?rest_route=\/wp\/v2\/media\/42456"}],"wp:attachment":[{"href":"https:\/\/infois.ro\/index.php?rest_route=%2Fwp%2Fv2%2Fmedia&parent=42455"}],"wp:term":[{"taxonomy":"category","embeddable":true,"href":"https:\/\/infois.ro\/index.php?rest_route=%2Fwp%2Fv2%2Fcategories&post=42455"},{"taxonomy":"post_tag","embeddable":true,"href":"https:\/\/infois.ro\/index.php?rest_route=%2Fwp%2Fv2%2Ftags&post=42455"}],"curies":[{"name":"wp","href":"https:\/\/api.w.org\/{rel}","templated":true}]}}