{"id":42579,"date":"2019-07-25T06:42:10","date_gmt":"2019-07-25T03:42:10","guid":{"rendered":"http:\/\/infois.ro\/?p=42579"},"modified":"2019-07-25T06:42:10","modified_gmt":"2019-07-25T03:42:10","slug":"centrul-de-dezvoltare-sociala-a-prezentat-rezultatele-proiectului-pro-pact","status":"publish","type":"post","link":"https:\/\/infois.ro\/?p=42579","title":{"rendered":"Centrul de Dezvoltare Social\u0103 a prezentat rezultatele proiectului Pro-Pact"},"content":{"rendered":"<p><a href=\"http:\/\/infois.ro\/wp-content\/uploads\/2019\/07\/conferinta_finala_PRO_PACT.jpg\"><img loading=\"lazy\" decoding=\"async\" class=\"alignleft  wp-image-42580\" src=\"http:\/\/infois.ro\/wp-content\/uploads\/2019\/07\/conferinta_finala_PRO_PACT.jpg\" alt=\"\" width=\"434\" height=\"217\" srcset=\"https:\/\/infois.ro\/wp-content\/uploads\/2019\/07\/conferinta_finala_PRO_PACT.jpg 640w, https:\/\/infois.ro\/wp-content\/uploads\/2019\/07\/conferinta_finala_PRO_PACT-300x150.jpg 300w\" sizes=\"(max-width: 434px) 100vw, 434px\" \/><\/a><\/p>\n<p style=\"text-align: justify;\">\u00cen perioada 22-23 iulie 2019, reprezentan\u021bi ai organiza\u021biilor neguvernamentale, ai organiza\u021biilor sindicale, patronale \u0219i ai institu\u021biilor publice locale, membri ai Pactelor Regionale \u0219i Parteneriatelor Jude\u021bene la nivel na\u021bional, au participat la Ia\u0219i, la Conferin\u021ba de \u00eenchidere a proiectului <strong>PRO-PACT &#8211; PROMOVAREA ONG-URILOR \u0218I PARTENERILOR SOCIALI PRIN ADVOCACY, CAPACITARE \u0218I TRAINING,<\/strong> cofinan\u021bat din Fondul Social European (FSE) prin Programul Opera\u0163ional Capacitate Administrativ\u0103 (POCA) 2014 \u2013 2020.<\/p>\n<p style=\"text-align: justify;\">Av\u00e2nd ca tem\u0103 \u201eBunele practici \u00een abord\u0103rile de policy din domeniile ocup\u0103rii \u0219i incluziunii sociale\u201d, cei peste 50 participan\u021bi la conferin\u021b\u0103 au dezb\u0103tut principalele probleme \u00eent\u00e2mpinate \u00een elaborarea unei politici publice care se adreseaz\u0103 unui grup \u021bint\u0103 devaforizat, c\u00e2t \u0219i lacunele legislative din cele dou\u0103 domenii, ale ocup\u0103rii \u0219i incluziunii sociale, \u00een ceea ce prive\u0219te reinser\u021bia \u00een c\u00e2mpul muncii a persoanelor cu dizabilit\u0103\u021bi.<\/p>\n<p style=\"text-align: justify;\">\u00cen prima zi a conferin\u021bei <strong>Roxana Ate\u0219oae<\/strong>, managerul de proiect, a prezentat o analiz\u0103 a rezultatelor ob\u021binute, propunerea de politic\u0103 public\u0103 alternativ\u0103 <em>\u201eOcuparea persoanelor cu dizabilit\u0103\u021bi, un r\u0103spuns la deficitul for\u021bei de munc\u0103\u201d<\/em>, precum \u0219i pa\u0219ii care urmeaz\u0103 dup\u0103 finalizarea proiectul de fa\u021b\u0103. \u201e<em>Proiectul PRO-PACT a reprezentat un exerci\u021biu comun al partenerilor sociali \u0219i ai reprezentan\u021bilor institu\u021biilor publice de a analiza o strategie specific\u0103 \u0219i de a construi o politic\u0103 public\u0103 alternativ\u0103 \u00een domeniul ocup\u0103rii persoanelor cu dizabilit\u0103\u021bi. Din punct de vedere a impactului rezultatului proiectului nostru, 85 de institu\u021bii din \u00eentreaga \u021bar\u0103 \u0219i-au manifestat sus\u021binerea oficial\u0103 a propunerii noastre de politic\u0103 public\u0103\u201d<\/em>.<\/p>\n<p style=\"text-align: justify;\"><strong>Diana Chiriacescu, <\/strong>Director al Federa\u021biei Organiza\u021biilor Neguvernamentale pentru Servicii Sociale, a c\u0103utat un r\u0103spuns la \u00eentrebarea \u201e<em>de ce ONG-urile s-au concentrat pe acest subiect al ocup\u0103rii \u0219i incluziunii sociale<\/em>?\u201d. <em>Peste 70% din furnizorii de servicii sociale sunt organiza\u021bii private.<\/em> \u201e<em>ONG-urile sunt active \u00een dialogul civic, dar ele nu st\u0103p\u00e2nesc \u00eentotdeauna ciclul de realizare al unei politici publice<\/em>\u201d.<\/p>\n<p style=\"text-align: justify;\"><strong>Anca Tompea, <\/strong>expert parteneriate in cadrul proiectului, a men\u021bionat ca <em>\u201eproiectul PRO-PACT a condus si la <\/em><em>dinamizarea Pactului Regional pentru Ocupare si Incluziune Social\u0103\u00a0din regiunea Nord-Est, care al\u0103turi de cele 6 Parteneriate jude\u021bene, au beneficiat de instruiri tematice si seminarii de lucru\u201d<\/em>.<\/p>\n<p style=\"text-align: justify;\"><strong>Angela Achi\u021bei<\/strong>, expert grupuri vulnerabile, a sintetizat propunerile formulate in cadrul documentului de politic\u0103 public\u0103 \u0219i modalit\u0103\u021bile realiste de implementare a acestora.<\/p>\n<p style=\"text-align: justify;\">\u00cen a doua zi, exper\u021bii din cadrul proiectului \u0219i participan\u021bii au dezb\u0103tut temele orizontale \u00een elaborarea politicilor publice din domeniile ocup\u0103rii \u0219i incluziunii sociale, respectiv dezvoltarea durabil\u0103, egalitatea de \u0219anse \u0219i nediscriminarea.<\/p>\n<p style=\"text-align: justify;\">Fiecare cursant a oferit, la sf\u00e2r\u0219itul trainingului, un feedback cu privire specificul zonei din care provine, din punctul de vedere al politicilor publice \u0219i al ocup\u0103rii, dar \u0219i al incluziunii sociale pentru persoanele cu dizabilit\u0103\u021bi. S-au acordat diplome tuturor participan\u021bilor.<\/p>\n<p style=\"text-align: justify;\">*********<\/p>\n<p style=\"text-align: justify;\"><strong>Centrul de Dezvoltare Social\u0103 T&amp;CO din Ia\u0219i<\/strong> a implementat \u00een perioada iulie 2018 &#8211; august 2019 proiectul PRO-PACT \u2013 PROMOVAREA ONG-URILOR \u0218I PARTENERILOR SOCIALI PRIN ADVOCACY, CAPACITARE \u0218I TRAINING, proiect cofinan\u021bat din Fondul Social European (FSE) prin Programul Opera\u0163ional Capacitate Administrativ\u0103 (POCA) 2014 \u2013 2020, axa prioritar\u0103: Dezvoltarea \u0219i introducerea de sisteme \u0219i standarde comune \u00een administra\u021bia public\u0103 ce optimizeaz\u0103 procesele decizionale orientate c\u0103tre cet\u0103\u021beni \u0219i mediul de afaceri, \u00een concordan\u021b\u0103 cu SCAP.<\/p>\n<p style=\"text-align: justify;\"><strong>Obiectivul\u00a0 general al proiectului<\/strong> a constat \u00een cre\u0219terea capacit\u0103\u021bii ONG-urilor \u0219i partenerilor sociali din cadrul Pactelor regionale \u0219i Parteneriatelor jude\u021bene pentru ocupare \u0219i incluziune social\u0103 de a se implica activ \u00een procesul de formulare a politicilor publice \u00een domeniile ocup\u0103rii \u0219i incluziunii sociale, \u00een cooperare cu autorit\u0103\u021bile publice.<\/p>\n<p style=\"text-align: justify;\">Principalul rezultat al proiectului este realizarea unei <strong>propuneri alternative de politic\u0103 public\u0103 \u00een domeniul ocup\u0103rii persoanelor cu dizabilit\u0103\u021bi<\/strong>.<\/p>\n<p style=\"text-align: justify;\">Documentul a fost prezentat \u00een cadrul Conferin\u021bei Na\u021bionale \u201eIncluziunea Social\u0103 \u2013 un r\u0103spuns la deficitul for\u021bei de munc\u0103. Solu\u021bii de integrare socio-profesional\u0103 a persoanelor cu dizabilit\u0103\u021bi\u201d, organizat\u0103 la Bucure\u0219ti, \u00een perioada 11-12 iunie 2019, la care au participat peste 50 de reprezentan\u021bi ai Ministerului Muncii \u0219i Justi\u021biei Sociale, Autorit\u0103\u021bii Na\u021bionale pentru Persoanele cu Dizabilit\u0103\u021bi, Ministerul Fondurilor Europene, ONG-uri, Pacte regionale pentru ocupare \u0219i incluziune social\u0103, AJPIS, sindicate, universit\u0103\u021bi etc.<\/p>\n<p style=\"text-align: justify;\">Pe parcursul celor 16 luni de implementare au fost atinse urm\u0103toarele rezultate:<\/p>\n<ol style=\"text-align: justify;\">\n<li><strong>a) Organizarea a trei sesiuni de training:<\/strong><\/li>\n<\/ol>\n<ul style=\"text-align: justify;\">\n<li><strong>6-8 septembrie 2018<\/strong> \u2013 Training cu tema \u201eElaborarea politicilor publice\u201d organizat la Sinaia cu 13 participan\u021bi din toate regiunile;<\/li>\n<li><strong>9-11 noiembrie 2018<\/strong> \u2013 Training cu tema \u201eTehnici de Advocacy \u0219i Comunicare Public\u0103\u201d, organizat la\u00a0 Predeal cu 16 participan\u021bi din toate regiunile;<\/li>\n<li><strong>Noiembrie \u2013 Decembrie 2018<\/strong> \u2013 Sesiune de Formare Online \u201eLegisla\u021bia din domeniul ocup\u0103rii \u0219i incluciunii sociale\u201d, desf\u0103\u0219urat\u0103 \u00een cadrul platformei online create \u00een cadrul proiectului, pentru 37 de cursan\u021bi: 24 au reprezentat ONG-uri, iar 13 au reprezentat parteneri sociali.<\/li>\n<\/ul>\n<p style=\"text-align: justify;\">\n<ol style=\"text-align: justify;\">\n<li><strong>b) Organizarea a 6 \u00eent\u00e2lniri de lucru ale Parteneriatelor Jude\u021bene pentru ocupare \u0219i incluziune social\u0103 pentru regiunea de Nord-Est, dup\u0103 cum urmeaz\u0103: <\/strong><\/li>\n<\/ol>\n<ul style=\"text-align: justify;\">\n<li>26 septembrie 2018 \u2013 \u00cent\u00e2lnirea Parteneriatului Jude\u021bean pentru ocupare \u0219i incluziune social\u0103 Boto\u0219ani;<\/li>\n<li>21 februarie 2019 &#8211; \u00cent\u00e2lnirea Parteneriatului Jude\u021bean pentru ocupare \u0219i incluziune social\u0103 Suceava;<\/li>\n<li>28 martie 2019 &#8211; \u00cent\u00e2lnirea Parteneriatului Jude\u021bean pentru ocupare \u0219i incluziune social\u0103 Bac\u0103u;<\/li>\n<li>10 aprilie 2019 &#8211; \u00cent\u00e2lnirea Parteneriatului Jude\u021bean pentru ocupare \u0219i incluziune social\u0103 Neam\u021b;<\/li>\n<li>25 iunie 2019 &#8211; \u00cent\u00e2lnirea Parteneriatului Jude\u021bean pentru ocupare \u0219i incluziune social\u0103 Vaslui;<\/li>\n<li>9 iulie 2019 &#8211; \u00cent\u00e2lnirea Parteneriatului Jude\u021bean pentru ocupare \u0219i incluziune Social\u0103 Ia\u0219i.<\/li>\n<\/ul>\n<p style=\"text-align: justify;\">\n<ol style=\"text-align: justify;\">\n<li><strong>c) Organizarea a dou\u0103 seminarii de lucru ale Pactului Regional pentu Ocuparea \u0219i Incluziune Social\u0103 Regiunea Nord-Est:<\/strong> 7 decembrie 2018 \u0219i 15 mai 2019, ambele la Ia\u0219i.<\/li>\n<\/ol>\n<p style=\"text-align: justify;\">\n<ol style=\"text-align: justify;\">\n<li>d) Realizarea <strong>platformei online pro-pact.ro<\/strong> care sus\u021bine activitatea a 3 grupuri de lucru online, adresate domeniilor incluziune, grupuri vulnerabile \u0219i ocupare.<\/li>\n<\/ol>\n<p style=\"text-align: justify;\">\n<p style=\"text-align: justify;\">\u00a0\u00a0\u00a0\u00a0\u00a0\u00a0\u00a0\u00a0\u00a0 Valoarea proiectului: 982.513,48 lei, din care valoarea eligibil\u0103 nerambursabil\u0103 din FSE 808.649,72 lei, valoarea eligibil\u0103 nerambursabil\u0103 din bugetul na\u0163ional 154.213,49 lei, cofinan\u0163are beneficiar 19.650, 27 lei.<\/p>\n<p style=\"text-align: justify;\"><em>\u00a0\u00a0\u00a0\u00a0\u00a0\u00a0\u00a0\u00a0\u00a0 <\/em><\/p>\n<p style=\"text-align: justify;\"><strong>Grupul \u021bint\u0103 al proiectului a fost constituit din: <\/strong><\/p>\n<ul style=\"text-align: justify;\">\n<li>50 angaja\u021bi ai ONG-urilor, membre al Pactelor regionale\/Parteneriatelor jude\u021bene pentru ocupare \u0219i incluziune social\u0103 din cele 8 regiuni de dezvoltare;<\/li>\n<\/ul>\n<ul style=\"text-align: justify;\">\n<li>50 angaja\u021bi ai partenerilor sociali, membri al Pactelor regionale\/Parteneriatelor jude\u021bene pentru ocupare \u0219i incluziune social\u0103 din cele 8 regiuni de dezvoltare;<\/li>\n<\/ul>\n<ul style=\"text-align: justify;\">\n<li>42 persoane, reprezent\u00e2nd personal din autorit\u0103\u021bile \u0219i institu\u021biile publice, membre ale Pactelor regionale\/Parteneriatelor jude\u021bene pentru ocupare \u0219i incluziune social\u0103 din cele 8 regiuni de dezvoltare.<\/li>\n<\/ul>\n<p style=\"text-align: justify;\"><strong>Detalii tehnice<\/strong><\/p>\n<p style=\"text-align: justify;\">Perioada de implementare a proiectului:\u00a0de la 18\/04\/2018 p\u00e2n\u0103 la 17\/08\/2019.<\/p>\n<p style=\"text-align: justify;\">Valoarea proiectului:\u00a0982.513,48 lei.<\/p>\n","protected":false},"excerpt":{"rendered":"<p>\u00cen perioada 22-23 iulie 2019, reprezentan\u021bi ai organiza\u021biilor neguvernamentale, ai organiza\u021biilor sindicale, patronale \u0219i ai&#8230; <a class=\"meta-more\" href=\"https:\/\/infois.ro\/?p=42579\">more <span class=\"meta-nav\">&raquo;<\/span><\/a><\/p>\n","protected":false},"author":2,"featured_media":42580,"comment_status":"closed","ping_status":"closed","sticky":false,"template":"","format":"standard","meta":{"footnotes":""},"categories":[32],"tags":[2385,40,3112,1002],"aioseo_notices":[],"_links":{"self":[{"href":"https:\/\/infois.ro\/index.php?rest_route=\/wp\/v2\/posts\/42579"}],"collection":[{"href":"https:\/\/infois.ro\/index.php?rest_route=\/wp\/v2\/posts"}],"about":[{"href":"https:\/\/infois.ro\/index.php?rest_route=\/wp\/v2\/types\/post"}],"author":[{"embeddable":true,"href":"https:\/\/infois.ro\/index.php?rest_route=\/wp\/v2\/users\/2"}],"replies":[{"embeddable":true,"href":"https:\/\/infois.ro\/index.php?rest_route=%2Fwp%2Fv2%2Fcomments&post=42579"}],"version-history":[{"count":1,"href":"https:\/\/infois.ro\/index.php?rest_route=\/wp\/v2\/posts\/42579\/revisions"}],"predecessor-version":[{"id":42581,"href":"https:\/\/infois.ro\/index.php?rest_route=\/wp\/v2\/posts\/42579\/revisions\/42581"}],"wp:featuredmedia":[{"embeddable":true,"href":"https:\/\/infois.ro\/index.php?rest_route=\/wp\/v2\/media\/42580"}],"wp:attachment":[{"href":"https:\/\/infois.ro\/index.php?rest_route=%2Fwp%2Fv2%2Fmedia&parent=42579"}],"wp:term":[{"taxonomy":"category","embeddable":true,"href":"https:\/\/infois.ro\/index.php?rest_route=%2Fwp%2Fv2%2Fcategories&post=42579"},{"taxonomy":"post_tag","embeddable":true,"href":"https:\/\/infois.ro\/index.php?rest_route=%2Fwp%2Fv2%2Ftags&post=42579"}],"curies":[{"name":"wp","href":"https:\/\/api.w.org\/{rel}","templated":true}]}}