{"id":4267,"date":"2013-02-25T15:38:52","date_gmt":"2013-02-25T13:38:52","guid":{"rendered":"http:\/\/infois.ro\/?p=4267"},"modified":"2013-02-25T15:38:52","modified_gmt":"2013-02-25T13:38:52","slug":"400-de-persoane-din-comunele-judetului-iasi-au-sansa-de-a-se-reintegra-socio-profesional-prin-intermediul-unui-proiect-european","status":"publish","type":"post","link":"https:\/\/infois.ro\/?p=4267","title":{"rendered":"400 de persoane din comunele jude\u021bului Ia\u0219i au \u0219ansa de a se reintegra socio-profesional prin intermediul unui proiect european"},"content":{"rendered":"<p style=\"text-align: justify;\"><a class=\"highslide\" onclick=\"return vz.expand(this)\" href=\"http:\/\/infois.ro\/wp-content\/uploads\/2013\/02\/tarani-reintegrati.jpg\"><img loading=\"lazy\" decoding=\"async\" class=\"alignleft size-large wp-image-4268\" title=\"tarani reintegrati\" src=\"http:\/\/infois.ro\/wp-content\/uploads\/cache\/2013\/02\/tarani-reintegrati\/28985771.jpg\" alt=\"\" width=\"1000\" height=\"678\" \/><\/a>\u00cen prezen\u021ba subprefectului Bogdan Ab\u0103la\u0219i, a directorului executiv adjunct al Agen\u021biei Jude\u021bene pentru Ocuparea For\u021bei de Munc\u0103 (AJOFM) Ia\u0219i, Ciprian Necula, precum \u0219i a reprezentan\u021bilor mai multor organiza\u021bii neguvernamentale, \u00een Sala Galben\u0103 a Institu\u021biei Prefectului Jude\u021bului Ia\u0219i a avut loc luni, 25 februarie, lansarea oficial\u0103 a proiectului social \u201dPo\u021bi \u0219i tu!\u201d, implementat de\u00a0 Asocia\u021bia pentru Integrare \u0219i Dezvoltare Comunitar\u0103 &#8211; INDECO, \u00een parteneriat cu AJOFM Ia\u0219i, Asocia\u021bia \u201dConsensual\u201d, Asocia\u021bia \u201dSmart ID\u201d \u0219i Asocia\u021bia \u201dCentrul de Resurse pentru Antreprenoriat\u201d. Obiectivele proiectului, care are ca durat\u0103 de implementare perioada 1 martie 2013 \u2013 30 iunie 2014, sunt promovarea antreprenoriatului, a afacerilor \u00een activit\u0103\u021bi non-agricole \u0219i a dezvolt\u0103rii durabile pentru un num\u0103r de 400 de persoane din zece comune ale jude\u021bului Ia\u0219i (Dag\u00e2\u021ba, Tansa, \u021aib\u0103ne\u0219ti, \u021aibana, Movileni, Horle\u0219ti, Popricani, Alexandru Ioan Cuza, Butea \u0219i Rom\u00e2ne\u0219ti), cre\u0219terea \u0219anselor de reintegrare socio-economic\u0103 pentru 300 de persoane din zona rural\u0103 a jude\u021bului Ia\u0219i, beneficiari de servicii integrate de informare, orientare, consiliere \u0219i ocupare, dezvoltarea nivelului de competen\u021be profesionale \u0219i personale pentru un num\u0103r de 210 persoane din zona rural\u0103 a jude\u021bului Ia\u0219i, participan\u021bi la cele 14 cursuri autorizate CNFPA, conforme cu aptitudinile \u0219i inclina\u021biile persoanle ale beneficiarilor, precum \u0219i, nu \u00een ultimul r\u00e2nd, reducerea \u0219omajului prin consilierea antreprenorial\u0103, sau medierea \u0219i plasarea a 6% din beneficiarii de servicii de informare, orientare, formare \u0219i consiliere. \u201dGrupul \u021bint\u0103 al proiectului este format din 300 de persoane din mediul rural al jude\u021bului Ia\u0219i, ce se \u00eencadreaz\u0103 \u00een una din categoriile: persoane \u00een c\u0103utarea unui loc de munc\u0103, persoane inactive, persoane ocupate \u00een agricultura de subzisten\u021b\u0103, \u0219omeri, angaja\u021bi din mediul rural. Proiectul \u00ee\u0219i propune, printre altele, promovarea oportunit\u0103\u021bilor de ocupare \u00een domenii non-agricole pentru persoanele din mediul rural din jude\u021bul Ia\u0219i, prin servicii integrate d eocupare, cum ar fi, de exemplu, informarea privind pia\u021ba muncii \u0219i evolu\u021bia ocupa\u021biilor, stabilirea traseului profesional, evaluarea \u0219i autoevaluarea personalit\u0103\u021bii, \u00een vederea orient\u0103rii profesionale, dezvoltarea abilit\u0103\u021bii \u0219i \u00eencrederii \u00een sine a persoanelor aflate \u00een c\u0103utarea unui loc de munc\u0103, instruire \u00een metode \u0219i tehnici de c\u0103utare a unui loc de munc\u0103\u201d, a declarat Elena Ioni\u021b\u0103, reprezentantul Asocia\u021biei pentru Integrare \u0219i Dezvoltare Comunitar\u0103 \u2013 INDECO. Formarea profesional\u0103, respectiv dezvoltarea competen\u021belor pentru beneficiarii, acestui proiect se va face prin intermediul a 14 cursuri autorizate CNFPA, dintre care patru cursuri pentru dob\u00e2ndirea competen\u021belor antreprenoriale, un curs de calificare pentru \u201d\u00eengrijitor b\u0103tr\u00e2ni\u201d, un curs de ini\u021biere \u00een meseria de buc\u0103tar, patru cursuri pentru dob\u00e2ndirea competen\u021belor de ordin informatic, precum \u0219i patru cursuri pentru competen\u021be sociale \u0219i civice. Serviciile integrate de ocupare vor fi oferite prin intermediul a patru puncte de lucru din mediul rural, dintre care trei se afl\u0103 \u00een acest moment \u00een stadiu de amenajare (satul \u0218cheia \u2013 comuna Alexandru Ioan Cuza, satul Micl\u0103u\u0219eni \u2013 comuna Butea \u0219i Andrie\u0219eni), cel de-al patrulea punct de lucru urm\u00e2nd s\u0103 fie stabilit ulterior, \u00een func\u021bie de interesul comunit\u0103\u021bii respective pentru antreprenoriat sau pentru programe de formare.<\/p>\n","protected":false},"excerpt":{"rendered":"<p>\u00cen prezen\u021ba subprefectului Bogdan Ab\u0103la\u0219i, a directorului executiv adjunct al Agen\u021biei Jude\u021bene pentru Ocuparea For\u021bei&#8230; <a class=\"meta-more\" href=\"https:\/\/infois.ro\/?p=4267\">more <span class=\"meta-nav\">&raquo;<\/span><\/a><\/p>\n","protected":false},"author":2,"featured_media":4268,"comment_status":"open","ping_status":"closed","sticky":false,"template":"","format":"standard","meta":{"footnotes":""},"categories":[1,32],"tags":[560,446,515],"aioseo_notices":[],"_links":{"self":[{"href":"https:\/\/infois.ro\/index.php?rest_route=\/wp\/v2\/posts\/4267"}],"collection":[{"href":"https:\/\/infois.ro\/index.php?rest_route=\/wp\/v2\/posts"}],"about":[{"href":"https:\/\/infois.ro\/index.php?rest_route=\/wp\/v2\/types\/post"}],"author":[{"embeddable":true,"href":"https:\/\/infois.ro\/index.php?rest_route=\/wp\/v2\/users\/2"}],"replies":[{"embeddable":true,"href":"https:\/\/infois.ro\/index.php?rest_route=%2Fwp%2Fv2%2Fcomments&post=4267"}],"version-history":[{"count":1,"href":"https:\/\/infois.ro\/index.php?rest_route=\/wp\/v2\/posts\/4267\/revisions"}],"predecessor-version":[{"id":4269,"href":"https:\/\/infois.ro\/index.php?rest_route=\/wp\/v2\/posts\/4267\/revisions\/4269"}],"wp:featuredmedia":[{"embeddable":true,"href":"https:\/\/infois.ro\/index.php?rest_route=\/wp\/v2\/media\/4268"}],"wp:attachment":[{"href":"https:\/\/infois.ro\/index.php?rest_route=%2Fwp%2Fv2%2Fmedia&parent=4267"}],"wp:term":[{"taxonomy":"category","embeddable":true,"href":"https:\/\/infois.ro\/index.php?rest_route=%2Fwp%2Fv2%2Fcategories&post=4267"},{"taxonomy":"post_tag","embeddable":true,"href":"https:\/\/infois.ro\/index.php?rest_route=%2Fwp%2Fv2%2Ftags&post=4267"}],"curies":[{"name":"wp","href":"https:\/\/api.w.org\/{rel}","templated":true}]}}