{"id":4273,"date":"2013-02-26T16:33:14","date_gmt":"2013-02-26T14:33:14","guid":{"rendered":"http:\/\/infois.ro\/?p=4273"},"modified":"2013-02-26T16:33:14","modified_gmt":"2013-02-26T14:33:14","slug":"o-delegatie-a-cj-iasi-participa-la-seminarul-transfrontalier-privind-euroregiunile-organizat-la-vinnita","status":"publish","type":"post","link":"https:\/\/infois.ro\/?p=4273","title":{"rendered":"O delega\u021bie a CJ Ia\u0219i particip\u0103 la seminarul transfrontalier privind euroregiunile, organizat la Vinni\u021ba"},"content":{"rendered":"<p style=\"text-align: justify;\"><a class=\"highslide\" onclick=\"return vz.expand(this)\" href=\"http:\/\/infois.ro\/wp-content\/uploads\/2013\/02\/euroregiuni-la-vinita.jpg\"><img loading=\"lazy\" decoding=\"async\" class=\"alignleft size-large wp-image-4274\" title=\"euroregiuni la vinita\" src=\"http:\/\/infois.ro\/wp-content\/uploads\/cache\/2013\/02\/euroregiuni-la-vinita\/2667791330.jpg\" alt=\"\" width=\"640\" height=\"319\" \/><\/a><\/p>\n<p style=\"text-align: justify;\">O delega\u021bie a Consiliului Jude\u021bean (CJ) Ia\u0219i, condus\u0103 de pre\u0219edintele Cristian Adomni\u021bei, va participa \u00een perioada 27-28 februarie 2013, la Vinni\u021ba (Ucraina), la lucr\u0103rile seminarului transfrontalier\u00a0cu tema \u201eEuroregiunile \u2013 instrument pozitiv \u00een cooperarea transfrontalier\u0103\u201d. La eveniment vor participa, al\u0103turi de trei reprezentan\u021bi din cadrul Direc\u021biei Proiecte \u0219i Dezvoltare Durabil\u0103 a CJ Ia\u0219i \u0219i primarii loca\u0219it\u0103\u021bilor Le\u021bcani, Scobin\u021bi, Aroneanu, Miroslava, H\u00e2rl\u0103u, Ipatele \u0219i Dume\u0219ti, din jude\u021bul Ia\u0219i. \u00cen luna noiembrie 2012, Euroregiunea Siret \u2013 Prut \u2013 Nistru a semnat un acord de cooperare cu Euroregiunea Nistru, cu sediul la Vinni\u021ba. \u201dVizita de lucru are loc \u00een baza acestei rela\u021bii \u0219i a acordului semnat de jude\u021bul Ia\u0219i cu regiunea Vinni\u021ba. Cu aceea\u0219i ocazie vor fi stabilite \u0219i rela\u021bii de cooperare \u00eentre unit\u0103\u021bile administrativ-teritoriale din cele dou\u0103 regiuni, \u00een vederea realiz\u0103rii unor proiecte comune \u0219i vor avea loc, de asemenea, o serie de discu\u021bii tehnice privind implementarea proiectului\u00a0\u201eTransagropolis \u2013 Transfrontier Agribusiness Support\u201d\u00a0&#8211; Parcul Agroindustrial al jude\u021bului Ia\u0219i\u201d, se precizeaz\u0103 \u00eentr-un comunicat al Biroului de pres\u0103 al CJ Ia\u0219i.<\/p>\n","protected":false},"excerpt":{"rendered":"<p>O delega\u021bie a Consiliului Jude\u021bean (CJ) Ia\u0219i, condus\u0103 de pre\u0219edintele Cristian Adomni\u021bei, va participa \u00een&#8230; <a class=\"meta-more\" href=\"https:\/\/infois.ro\/?p=4273\">more <span class=\"meta-nav\">&raquo;<\/span><\/a><\/p>\n","protected":false},"author":2,"featured_media":4274,"comment_status":"open","ping_status":"closed","sticky":false,"template":"","format":"standard","meta":{"footnotes":""},"categories":[1],"tags":[1788,374,1787],"aioseo_notices":[],"_links":{"self":[{"href":"https:\/\/infois.ro\/index.php?rest_route=\/wp\/v2\/posts\/4273"}],"collection":[{"href":"https:\/\/infois.ro\/index.php?rest_route=\/wp\/v2\/posts"}],"about":[{"href":"https:\/\/infois.ro\/index.php?rest_route=\/wp\/v2\/types\/post"}],"author":[{"embeddable":true,"href":"https:\/\/infois.ro\/index.php?rest_route=\/wp\/v2\/users\/2"}],"replies":[{"embeddable":true,"href":"https:\/\/infois.ro\/index.php?rest_route=%2Fwp%2Fv2%2Fcomments&post=4273"}],"version-history":[{"count":1,"href":"https:\/\/infois.ro\/index.php?rest_route=\/wp\/v2\/posts\/4273\/revisions"}],"predecessor-version":[{"id":4275,"href":"https:\/\/infois.ro\/index.php?rest_route=\/wp\/v2\/posts\/4273\/revisions\/4275"}],"wp:featuredmedia":[{"embeddable":true,"href":"https:\/\/infois.ro\/index.php?rest_route=\/wp\/v2\/media\/4274"}],"wp:attachment":[{"href":"https:\/\/infois.ro\/index.php?rest_route=%2Fwp%2Fv2%2Fmedia&parent=4273"}],"wp:term":[{"taxonomy":"category","embeddable":true,"href":"https:\/\/infois.ro\/index.php?rest_route=%2Fwp%2Fv2%2Fcategories&post=4273"},{"taxonomy":"post_tag","embeddable":true,"href":"https:\/\/infois.ro\/index.php?rest_route=%2Fwp%2Fv2%2Ftags&post=4273"}],"curies":[{"name":"wp","href":"https:\/\/api.w.org\/{rel}","templated":true}]}}