{"id":4376,"date":"2013-03-06T09:58:07","date_gmt":"2013-03-06T07:58:07","guid":{"rendered":"http:\/\/infois.ro\/?p=4376"},"modified":"2013-03-06T09:58:07","modified_gmt":"2013-03-06T07:58:07","slug":"iasul-va-gazdui-forumul-economic-al-euroregiunii-siret-prut-nistru","status":"publish","type":"post","link":"https:\/\/infois.ro\/?p=4376","title":{"rendered":"Ia\u0219ul va g\u0103zdui Forumul Economic al Euroregiunii Siret \u2013 Prut \u2013 Nistru"},"content":{"rendered":"<p style=\"text-align: justify;\"><a class=\"highslide\" onclick=\"return vz.expand(this)\" href=\"http:\/\/infois.ro\/wp-content\/uploads\/2013\/03\/forum-economic-spr.jpg\"><img loading=\"lazy\" decoding=\"async\" class=\"alignleft size-large wp-image-4377\" title=\"forum economic spr\" src=\"http:\/\/infois.ro\/wp-content\/uploads\/cache\/2013\/03\/forum-economic-spr\/639930276.jpg\" alt=\"\" width=\"640\" height=\"480\" \/><\/a><\/p>\n<p style=\"text-align: justify;\">\u00cen aceast\u0103 var\u0103, Ia\u0219ul va fi gazda unui important eveniment economic, organizat de Consiliul Jude\u021bean. La Forumul Economic al Euroregiunii Siret \u2013 Prut \u2013 Nistru, manifestare care va avea loc \u00een perioada 17-20 iunie, vor participa reprezentan\u021bi ai administra\u021biei publice \u0219i mediului de afaceri din toate cele \u0219ase jude\u021be din Regiunea de Nord-Est, precum \u0219i din cele 23 de raioane din Republica Moldova, care fac parte din Euroregiunea Siret \u2013 Prut \u2013 Nistru, dar \u0219i din regiunile Vinnitsa \u0219i Odessa, din Ucraina, care au \u00eencheiate acorduri de colaborare cu jude\u021bul Ia\u0219i. \u201eEste important pentru noi, ca rom\u00e2ni, s\u0103 avem leg\u0103turi str\u00e2nse \u0219i chiar s\u0103 avem proiecte de succes cu partenerii de peste Prut, dar \u0219i din Ucraina. De altfel, Rom\u00e2nia este principalul suporter al ader\u0103rii Ucrainei la Uniunea European\u0103. De aceea, la acest important eveniment pe care \u00eel vom organiza, printre invita\u021bi se vor num\u0103ra \u0219i partenerii no\u0219tri din Ucraina. Totodat\u0103, pe 17 \u0219i 18 mai. cu ocazia Zilelor Europei, o delega\u021bie a jude\u021bului Ia\u0219i, din care vor face parte cei doi vicepre\u0219edin\u021bi ai Consiliului Jude\u021bean, consilieri jude\u021beni, dar \u0219i mai mul\u021bi primari din jude\u021b, vor efectua o vizit\u0103 la Vinnitsa. Cu aceea\u0219i ocazie, Filarmonica din Ia\u0219i va sus\u021bine un spectacol \u00een localitate\u201d, a declarat Cristian Adomni\u021bei, pre\u0219edintele Consiliului Jude\u021bean (CJ) Ia\u0219i.<\/p>\n","protected":false},"excerpt":{"rendered":"<p>\u00cen aceast\u0103 var\u0103, Ia\u0219ul va fi gazda unui important eveniment economic, organizat de Consiliul Jude\u021bean&#8230;. <a class=\"meta-more\" href=\"https:\/\/infois.ro\/?p=4376\">more <span class=\"meta-nav\">&raquo;<\/span><\/a><\/p>\n","protected":false},"author":2,"featured_media":4377,"comment_status":"open","ping_status":"closed","sticky":false,"template":"","format":"standard","meta":{"footnotes":""},"categories":[1],"tags":[374,547,1822],"aioseo_notices":[],"_links":{"self":[{"href":"https:\/\/infois.ro\/index.php?rest_route=\/wp\/v2\/posts\/4376"}],"collection":[{"href":"https:\/\/infois.ro\/index.php?rest_route=\/wp\/v2\/posts"}],"about":[{"href":"https:\/\/infois.ro\/index.php?rest_route=\/wp\/v2\/types\/post"}],"author":[{"embeddable":true,"href":"https:\/\/infois.ro\/index.php?rest_route=\/wp\/v2\/users\/2"}],"replies":[{"embeddable":true,"href":"https:\/\/infois.ro\/index.php?rest_route=%2Fwp%2Fv2%2Fcomments&post=4376"}],"version-history":[{"count":1,"href":"https:\/\/infois.ro\/index.php?rest_route=\/wp\/v2\/posts\/4376\/revisions"}],"predecessor-version":[{"id":4378,"href":"https:\/\/infois.ro\/index.php?rest_route=\/wp\/v2\/posts\/4376\/revisions\/4378"}],"wp:featuredmedia":[{"embeddable":true,"href":"https:\/\/infois.ro\/index.php?rest_route=\/wp\/v2\/media\/4377"}],"wp:attachment":[{"href":"https:\/\/infois.ro\/index.php?rest_route=%2Fwp%2Fv2%2Fmedia&parent=4376"}],"wp:term":[{"taxonomy":"category","embeddable":true,"href":"https:\/\/infois.ro\/index.php?rest_route=%2Fwp%2Fv2%2Fcategories&post=4376"},{"taxonomy":"post_tag","embeddable":true,"href":"https:\/\/infois.ro\/index.php?rest_route=%2Fwp%2Fv2%2Ftags&post=4376"}],"curies":[{"name":"wp","href":"https:\/\/api.w.org\/{rel}","templated":true}]}}