{"id":44554,"date":"2019-11-28T15:11:30","date_gmt":"2019-11-28T13:11:30","guid":{"rendered":"http:\/\/infois.ro\/?p=44554"},"modified":"2019-11-28T15:11:30","modified_gmt":"2019-11-28T13:11:30","slug":"concurs-de-idei-de-afaceri-destinat-elevilor-de-liceu","status":"publish","type":"post","link":"https:\/\/infois.ro\/?p=44554","title":{"rendered":"Concurs de idei de afaceri destinat elevilor de liceu"},"content":{"rendered":"<p><a href=\"http:\/\/infois.ro\/wp-content\/uploads\/2019\/11\/elevi-antreprenori.jpg\"><img loading=\"lazy\" decoding=\"async\" class=\"alignleft  wp-image-44555\" src=\"http:\/\/infois.ro\/wp-content\/uploads\/2019\/11\/elevi-antreprenori.jpg\" alt=\"\" width=\"365\" height=\"243\" srcset=\"https:\/\/infois.ro\/wp-content\/uploads\/2019\/11\/elevi-antreprenori.jpg 640w, https:\/\/infois.ro\/wp-content\/uploads\/2019\/11\/elevi-antreprenori-300x200.jpg 300w\" sizes=\"(max-width: 365px) 100vw, 365px\" \/><\/a><\/p>\n<p style=\"text-align: justify;\">Biblioteca Central\u0103 Universitar\u0103 \u201dMihai Eminescu\u201d va g\u0103zdui vineri, 29 noiembrie, de la ora 17.00, primul concurs de idei de afaceri, destinat elevilor de liceu din municipiul Ia\u0219i. Evenimentul reprezint\u0103 etapa final\u0103 a proiectului \u201d\u0218coala de Vise\u201d, proiect ini\u021biat \u0219i derulat de Asocia\u021bia Grupul de Ini\u021biativ\u0103 a Studen\u021bilor Unici (GISU), \u00een parteneriat cu Federa\u021bia Organiza\u021biilor Neguvernamentale de Tineret din Ia\u0219i (FONTIS) \u0219i finan\u021bat de Prim\u0103ria Municipiului Ia\u0219i din fonduri nerambursabile \u00een baza Legii nr. 350\/2005. \u201cDup\u0103 o serie de 20 de ateliere de antreprenoriat \u00een cinci licee ie\u0219ene, la care au luat parte peste 300 de elevi \u0219i 30 de echipe care au realizat \u0219i aplicat planuri de afaceri, iat\u0103 c\u0103 avem \u0219i cele 19 echipe finaliste, care vor sus\u021bine prezentarea proiectelor \u00een cadrul finalei proiectului \u201d\u0218coala de Vise\u201d, eveniment denumit\u00a0 Concurs de Idei de Afaceri pentru Liceenii Ie\u0219eni. Proiectul \u201d\u0218coala de Vise\u201d, aflat la prima edi\u021bie, \u00ee\u0219i propune s\u0103 contribuie la cre\u0219terea capacit\u0103\u021bii de a valorifica oportunit\u0103\u021bile de dezvoltare personal\u0103 \u0219i profesional\u0103, \u00een r\u00e2ndul a minim 300 de elevi, cu v\u00e2rste cuprinse \u00eentre 16-19 ani, din cinci licee, din ora\u0219ul Ia\u0219i. Obiectivul principal al proiectului \u00eel reprezint\u0103 informarea \u0219i \u00eencurajarea ini\u021biativei \u00een r\u00e2ndul tinerilor din grupul \u021bint\u0103 vizat, cu privire la capacitarea acestora pentru a ini\u021bia \u0219i desf\u0103\u0219ura activit\u0103\u021bi cu specific antreprenorial, Programul vine \u00een ajutorul elevilor din Municipiul Ia\u0219i, cu activit\u0103\u021bi practice, prin organizarea a 25 de ateliere de formare pe comunicare \u0219i antreprenoriat, pentru 300 de elevi, din cinci licee ie\u0219ene \u0219i a unui concurs de planuri de afaceri, care s\u0103 contribuie la cre\u0219terea stimei de sine, \u00een\u021belegerea importan\u021bei rolului educa\u021biei non-formale \u0219i a implic\u0103rii \u00een activit\u0103\u021bi extra-\u0219colare, precum \u0219i s\u0103-\u0219i dezvolte abilit\u0103\u021bile antreprenoriale, beneficiind de \u00eendrumarea unor mentori, \u00een privin\u021ba alegerii carierei potrivite. De asemenea, la finalul proiectului, minimum o sut\u0103 de elevi vor fi motiva\u021bi s\u0103 dezvolte idei de afaceri care s\u0103 fie validate de antreprenori locali \u0219i, de ce nu, s\u0103 le implementeze, pe viitor, prin accesarea diverselor surse de finan\u021bare\u201d, declar\u0103 Ioan-Andrei Grozavu, managerul proiectului. Parteneri \u00een cadrul acestui proiect sunt: Colegiul Agricol \u0219i de Industrie Alimentar\u0103 \u201dVasile Adamachi\u201d, Liceul Tehnologic Economic &#8220;Virgil Madgearu&#8221;, \u00a0Liceul Tehnologic de Electronic\u0103 \u0219i Telecomunica\u021bii \u201eGheorghe M\u00e2rzescu\u201d, Liceul teoretic \u201dDimitrie Cantermie\u201d \u015fi Liceul Teoretic&#8221;Miron Costin&#8221;.<\/p>\n","protected":false},"excerpt":{"rendered":"<p>Biblioteca Central\u0103 Universitar\u0103 \u201dMihai Eminescu\u201d va g\u0103zdui vineri, 29 noiembrie, de la ora 17.00, primul&#8230; <a class=\"meta-more\" href=\"https:\/\/infois.ro\/?p=44554\">more <span class=\"meta-nav\">&raquo;<\/span><\/a><\/p>\n","protected":false},"author":2,"featured_media":44555,"comment_status":"closed","ping_status":"closed","sticky":false,"template":"","format":"standard","meta":{"footnotes":""},"categories":[12,41],"tags":[74,362,40,5394,3112,12869],"aioseo_notices":[],"_links":{"self":[{"href":"https:\/\/infois.ro\/index.php?rest_route=\/wp\/v2\/posts\/44554"}],"collection":[{"href":"https:\/\/infois.ro\/index.php?rest_route=\/wp\/v2\/posts"}],"about":[{"href":"https:\/\/infois.ro\/index.php?rest_route=\/wp\/v2\/types\/post"}],"author":[{"embeddable":true,"href":"https:\/\/infois.ro\/index.php?rest_route=\/wp\/v2\/users\/2"}],"replies":[{"embeddable":true,"href":"https:\/\/infois.ro\/index.php?rest_route=%2Fwp%2Fv2%2Fcomments&post=44554"}],"version-history":[{"count":1,"href":"https:\/\/infois.ro\/index.php?rest_route=\/wp\/v2\/posts\/44554\/revisions"}],"predecessor-version":[{"id":44556,"href":"https:\/\/infois.ro\/index.php?rest_route=\/wp\/v2\/posts\/44554\/revisions\/44556"}],"wp:featuredmedia":[{"embeddable":true,"href":"https:\/\/infois.ro\/index.php?rest_route=\/wp\/v2\/media\/44555"}],"wp:attachment":[{"href":"https:\/\/infois.ro\/index.php?rest_route=%2Fwp%2Fv2%2Fmedia&parent=44554"}],"wp:term":[{"taxonomy":"category","embeddable":true,"href":"https:\/\/infois.ro\/index.php?rest_route=%2Fwp%2Fv2%2Fcategories&post=44554"},{"taxonomy":"post_tag","embeddable":true,"href":"https:\/\/infois.ro\/index.php?rest_route=%2Fwp%2Fv2%2Ftags&post=44554"}],"curies":[{"name":"wp","href":"https:\/\/api.w.org\/{rel}","templated":true}]}}