{"id":44790,"date":"2019-12-10T15:15:47","date_gmt":"2019-12-10T13:15:47","guid":{"rendered":"http:\/\/infois.ro\/?p=44790"},"modified":"2019-12-10T15:15:47","modified_gmt":"2019-12-10T13:15:47","slug":"campania-fii-si-tu-mos-craciun-a-fundatiei-bethany-continua-si-in-acest-an","status":"publish","type":"post","link":"https:\/\/infois.ro\/?p=44790","title":{"rendered":"Campania \u201eFii \u0219i tu Mo\u0219 Cr\u0103ciun!\u201d a Funda\u021biei Bethany continu\u0103 \u0219i \u00een acest an"},"content":{"rendered":"<p><a href=\"http:\/\/infois.ro\/wp-content\/uploads\/2019\/12\/mos-craciun.jpg\"><img loading=\"lazy\" decoding=\"async\" class=\"alignleft  wp-image-44791\" src=\"http:\/\/infois.ro\/wp-content\/uploads\/2019\/12\/mos-craciun.jpg\" alt=\"\" width=\"326\" height=\"217\" srcset=\"https:\/\/infois.ro\/wp-content\/uploads\/2019\/12\/mos-craciun.jpg 640w, https:\/\/infois.ro\/wp-content\/uploads\/2019\/12\/mos-craciun-300x200.jpg 300w\" sizes=\"(max-width: 326px) 100vw, 326px\" \/><\/a><\/p>\n<p style=\"text-align: justify;\">Funda\u0163ia Serviciilor Sociale Bethany organizeaz\u0103, pentru al cincilea an consecutiv, campania \u201eFii \u0219i tu Mo\u0219 Cr\u0103ciun!\u201d, care \u00ee\u0219i propune s\u0103 \u00eendeplineasc\u0103 dorin\u021bele micu\u021bilor \u00een prag de s\u0103rb\u0103tori. Peste 2.400 de copii, de gr\u0103dini\u021b\u0103 \u0219i din clasele primare, din 44 de sate din jude\u021bul Ia\u0219i vor primi astfel, \u00een prag de s\u0103rb\u0103tori, cadourile mult visate. \u00a0Anul acesta, angaja\u021bii din 50 de companii \u0219i peste 350 de donatori din \u021bar\u0103 \u0219i din str\u0103in\u0103tate au ales s\u0103 \u00ee\u0219i asume rolul spiridu\u0219ilor, mul\u021bi dintre ace\u0219tia fiind al\u0103turi de ini\u021biativa funda\u021biei \u0219i \u00een edi\u021biile trecute. Totul a \u00eenceput c\u00e2nd copiii i-au trimis o scrisoare lui Mo\u0219 Cr\u0103ciun, m\u0103rturisindu-i ce \u00ee\u0219i doresc s\u0103 primeasc\u0103 \u00een dar. Ulterior, Funda\u021bia Bethany a mobilizat o \u00eentreag\u0103 comunitate de oameni genero\u0219i, dornic\u0103 de a face bine, care a \u201eadoptat\u201d toate scrisorile celor mici.\u00a0\u00a0 \u00cencep\u00e2nd cu data de 9 decembrie \u0219i p\u00e2n\u0103 \u00een data de 22 decembrie inclusiv, Funda\u021bia Bethany pune \u00een mi\u0219care sania lui Mo\u0219 Cr\u0103ciun \u0219i porne\u0219te c\u0103tre cele 44 de sate, pentru a le \u00eemp\u0103r\u021bi celor mici cadourile. \u00a0\u201eAn de an, ne propunem s\u0103 \u00eei \u00eencuraj\u0103m pe copiii din satele s\u0103race s\u0103 \u00eendr\u0103zneasc\u0103 s\u0103 viseze atunci c\u00e2nd au \u00een fa\u021b\u0103 scrisoarea c\u0103tre Mo\u0219 Cr\u0103ciun. Este al cincilea an \u00een care reu\u0219im s\u0103 aducem aproape de Funda\u021bia Bethany o \u00eentreag\u0103 comunitate care \u00een\u021belege importan\u021ba acestei campanii, care alege s\u0103 se implice \u0219i c\u0103reia \u00eei suntem recunosc\u0103tori. \u00cei invit\u0103m pe to\u021bi cei implica\u021bi s\u0103 ne \u00eenso\u021beasc\u0103 \u00een satele unde ducem cadouri copiilor. Consider\u0103m c\u0103 este important s\u0103 aib\u0103 parte de aceast\u0103 experien\u021b\u0103, at\u00e2t pentru a se bucura al\u0103turi de cei mici, dar \u0219i pentru a cunoa\u0219te dificult\u0103\u021bile pe care le \u00eent\u00e2mpin\u0103 ace\u0219ti copii \u0219i, \u00een general, \u00eenv\u0103\u021b\u0103m\u00e2ntul din mediul rural. Desigur, copiii au nevoie de sprijin pe tot parcursul anului, motiv pentru care lans\u0103m tuturor celor implica\u021bi invita\u021bia de a r\u0103m\u00e2ne al\u0103turi de noi \u0219i \u00een celelalte programe educa\u021bionale pe care le desf\u0103\u0219ur\u0103m \u0219i \u00een care investim, deoarece credem cu t\u0103rie c\u0103 doar prin educa\u021bie putem schimba via\u021ba acestor copii\u201d, a declarat Georgiana Vieru, Manager Atragere de Fonduri la Funda\u021bia Serviciilor Sociale Bethany \u0219i coordonatorul campaniei. \u00a0An de an, \u00een cadrul campaniei \u201eFii \u0219i tu Mo\u0219 Cr\u0103ciun!\u201d, Funda\u021bia Bethany se bucur\u0103 de sus\u021binerea partenerilor care accept\u0103 provocarea de a se implica direct \u00een aceast\u0103 ini\u021biativ\u0103.<\/p>\n","protected":false},"excerpt":{"rendered":"<p>Funda\u0163ia Serviciilor Sociale Bethany organizeaz\u0103, pentru al cincilea an consecutiv, campania \u201eFii \u0219i tu Mo\u0219&#8230; <a class=\"meta-more\" href=\"https:\/\/infois.ro\/?p=44790\">more <span class=\"meta-nav\">&raquo;<\/span><\/a><\/p>\n","protected":false},"author":2,"featured_media":44791,"comment_status":"closed","ping_status":"closed","sticky":false,"template":"","format":"standard","meta":{"footnotes":""},"categories":[41,32],"tags":[74,3515,3390,40,1326],"aioseo_notices":[],"_links":{"self":[{"href":"https:\/\/infois.ro\/index.php?rest_route=\/wp\/v2\/posts\/44790"}],"collection":[{"href":"https:\/\/infois.ro\/index.php?rest_route=\/wp\/v2\/posts"}],"about":[{"href":"https:\/\/infois.ro\/index.php?rest_route=\/wp\/v2\/types\/post"}],"author":[{"embeddable":true,"href":"https:\/\/infois.ro\/index.php?rest_route=\/wp\/v2\/users\/2"}],"replies":[{"embeddable":true,"href":"https:\/\/infois.ro\/index.php?rest_route=%2Fwp%2Fv2%2Fcomments&post=44790"}],"version-history":[{"count":1,"href":"https:\/\/infois.ro\/index.php?rest_route=\/wp\/v2\/posts\/44790\/revisions"}],"predecessor-version":[{"id":44792,"href":"https:\/\/infois.ro\/index.php?rest_route=\/wp\/v2\/posts\/44790\/revisions\/44792"}],"wp:featuredmedia":[{"embeddable":true,"href":"https:\/\/infois.ro\/index.php?rest_route=\/wp\/v2\/media\/44791"}],"wp:attachment":[{"href":"https:\/\/infois.ro\/index.php?rest_route=%2Fwp%2Fv2%2Fmedia&parent=44790"}],"wp:term":[{"taxonomy":"category","embeddable":true,"href":"https:\/\/infois.ro\/index.php?rest_route=%2Fwp%2Fv2%2Fcategories&post=44790"},{"taxonomy":"post_tag","embeddable":true,"href":"https:\/\/infois.ro\/index.php?rest_route=%2Fwp%2Fv2%2Ftags&post=44790"}],"curies":[{"name":"wp","href":"https:\/\/api.w.org\/{rel}","templated":true}]}}