{"id":4565,"date":"2013-03-19T12:41:15","date_gmt":"2013-03-19T10:41:15","guid":{"rendered":"http:\/\/infois.ro\/?p=4565"},"modified":"2013-03-19T12:41:15","modified_gmt":"2013-03-19T10:41:15","slug":"cj-iasi-va-contracta-un-imprumut-in-valoare-de-20-de-milioane-de-euro-de-la-berd","status":"publish","type":"post","link":"https:\/\/infois.ro\/?p=4565","title":{"rendered":"CJ Ia\u0219i va contracta un \u00eemprumut \u00een valoare de 20 de milioane de euro de la BERD"},"content":{"rendered":"<p style=\"text-align: justify;\"><a class=\"highslide\" onclick=\"return vz.expand(this)\" href=\"http:\/\/infois.ro\/wp-content\/uploads\/2013\/03\/euro.jpg\"><img loading=\"lazy\" decoding=\"async\" class=\"alignleft size-large wp-image-4566\" title=\"Euro\" src=\"http:\/\/infois.ro\/wp-content\/uploads\/cache\/2013\/03\/euro\/2696683222.jpg\" alt=\"\" width=\"640\" height=\"480\" \/><\/a><\/p>\n<p style=\"text-align: justify;\">Consiliul Jude\u021bean (CJ) Ia\u0219i va contracta un \u00eemprumut \u00een valoare de 20 de milioane de euro de la Banca European\u0103 pentru Reconstruc\u021bie \u0219i Dezvoltare (BERD), \u00een vederea cofinan\u021b\u0103rii proiectului privind realizarea sistemului de management integrat al de\u0219eurilor \u00een jude\u021bul Ia\u0219i (SMID). \u00cen acest sens, miercuri, 20 martie, reprezentan\u021bii CJ Ia\u0219i vor avea o prim\u0103 \u00eentrevedere cu membrii delega\u021biei BERD. \u201eProiectul SMID are o valoare de aproximativ 70 milioane de euro, din care 50 de milioane de euro sunt de la Comisia European\u0103, iar restul, care \u00eenseamn\u0103 inclusiv TVA aferent\u0103 proiectului, va fi cofinan\u021barea Consiliului Jude\u021bean Ia\u0219i. Nu avem ace\u0219ti bani disponibili \u00een buget. Din acest motiv vom face un credit la cea mai ieftin\u0103 \u0219i mai bine preg\u0103tit\u0103 banc\u0103 din punct de vedere al know-how-ului. Este vorba despre BERD. \u00cempreun\u0103 cu acel credit, banca ne va da \u0219i consultan\u021b\u0103 despre cum s\u0103 \u00eel implement\u0103m mai bine. Este un proiect pilot pentru ei, \u00eentruc\u00e2t nu au mai acordat finan\u021b\u0103ri \u00een Rom\u00e2nia pentru astfel de programe. Au g\u0103sit c\u0103 Ia\u0219iul este locul \u00een care ar avea cea mai bun\u0103 \u0219ans\u0103 de succes. \u00cen acest sens, miercuri, o echip\u0103 de exper\u021bi de la Londra va veni la Ia\u0219i\u201d, a declarat Cristian Adomni\u021bei, pre\u0219edintele CJ Ia\u0219i.<\/p>\n","protected":false},"excerpt":{"rendered":"<p>Consiliul Jude\u021bean (CJ) Ia\u0219i va contracta un \u00eemprumut \u00een valoare de 20 de milioane de&#8230; <a class=\"meta-more\" href=\"https:\/\/infois.ro\/?p=4565\">more <span class=\"meta-nav\">&raquo;<\/span><\/a><\/p>\n","protected":false},"author":2,"featured_media":4566,"comment_status":"open","ping_status":"closed","sticky":false,"template":"","format":"standard","meta":{"footnotes":""},"categories":[1,41],"tags":[74,867,374,576,1885,628],"aioseo_notices":[],"_links":{"self":[{"href":"https:\/\/infois.ro\/index.php?rest_route=\/wp\/v2\/posts\/4565"}],"collection":[{"href":"https:\/\/infois.ro\/index.php?rest_route=\/wp\/v2\/posts"}],"about":[{"href":"https:\/\/infois.ro\/index.php?rest_route=\/wp\/v2\/types\/post"}],"author":[{"embeddable":true,"href":"https:\/\/infois.ro\/index.php?rest_route=\/wp\/v2\/users\/2"}],"replies":[{"embeddable":true,"href":"https:\/\/infois.ro\/index.php?rest_route=%2Fwp%2Fv2%2Fcomments&post=4565"}],"version-history":[{"count":1,"href":"https:\/\/infois.ro\/index.php?rest_route=\/wp\/v2\/posts\/4565\/revisions"}],"predecessor-version":[{"id":4567,"href":"https:\/\/infois.ro\/index.php?rest_route=\/wp\/v2\/posts\/4565\/revisions\/4567"}],"wp:featuredmedia":[{"embeddable":true,"href":"https:\/\/infois.ro\/index.php?rest_route=\/wp\/v2\/media\/4566"}],"wp:attachment":[{"href":"https:\/\/infois.ro\/index.php?rest_route=%2Fwp%2Fv2%2Fmedia&parent=4565"}],"wp:term":[{"taxonomy":"category","embeddable":true,"href":"https:\/\/infois.ro\/index.php?rest_route=%2Fwp%2Fv2%2Fcategories&post=4565"},{"taxonomy":"post_tag","embeddable":true,"href":"https:\/\/infois.ro\/index.php?rest_route=%2Fwp%2Fv2%2Ftags&post=4565"}],"curies":[{"name":"wp","href":"https:\/\/api.w.org\/{rel}","templated":true}]}}