{"id":46553,"date":"2020-03-24T16:29:20","date_gmt":"2020-03-24T14:29:20","guid":{"rendered":"http:\/\/infois.ro\/?p=46553"},"modified":"2020-03-25T07:31:04","modified_gmt":"2020-03-25T05:31:04","slug":"proiectele-uti-cele-mai-performante-din-tara-la-competitia-pentru-fondul-de-dezvoltare-institutionala","status":"publish","type":"post","link":"https:\/\/infois.ro\/?p=46553","title":{"rendered":"Proiectele UTI, cele mai performante din \u021bar\u0103 la competi\u021bia pentru Fondul de Dezvoltare Institu\u021bional\u0103"},"content":{"rendered":"<p><a href=\"http:\/\/infois.ro\/wp-content\/uploads\/2017\/01\/rectorat-universitatea-tehnica.jpg\"><img loading=\"lazy\" decoding=\"async\" class=\"alignleft  wp-image-27022\" src=\"http:\/\/infois.ro\/wp-content\/uploads\/2017\/01\/rectorat-universitatea-tehnica.jpg\" alt=\"\" width=\"378\" height=\"195\" srcset=\"https:\/\/infois.ro\/wp-content\/uploads\/2017\/01\/rectorat-universitatea-tehnica.jpg 640w, https:\/\/infois.ro\/wp-content\/uploads\/2017\/01\/rectorat-universitatea-tehnica-300x155.jpg 300w\" sizes=\"(max-width: 378px) 100vw, 378px\" \/><\/a><\/p>\n<p style=\"text-align: justify;\">Universitatea Tehnic\u0103 \u201eGheorghe Asachi\u201d din Ia\u0219i (UTI) a ob\u021binut aproximativ 2,1 milioane de lei din competi\u021bia pentru Fondul de Dezvoltare Institu\u021bional\u0103 de anul acesta, av\u00e2nd aprobate \u0219ase proiecte \u00een total, c\u00e2te unul pe fiecare domeniu. Politehnica ie\u015fean\u0103 continu\u0103 astfel performan\u021bele din ultimii ani la competi\u021bia FDI, fiind institu\u021bia de \u00eenv\u0103\u021b\u0103m\u00e2nt superior din \u021bar\u0103 cu cele mai multe proiecte evaluate pe primele trei pozi\u021bii din domeniile respective. \u00cen mod concret, UTI a avut proiectele cu cel mai mare punctaj din \u021bar\u0103 la domeniile 1 \u0219i 3, care vizeaz\u0103 \u201ecre\u015fterea echit\u0103\u0163ii sociale, \u00een vederea incluziunii sociale \u0219i sporirea accesului la \u00eenv\u0103\u021b\u0103m\u00e2ntul superior, corelarea ofertei educa\u0163ionale cu cererea pie\u0163ei muncii (inclusiv cele privitoare la consilierea \u0219i orientarea \u00een carier\u0103)\u201d, respectiv \u201easigurarea func\u021bion\u0103rii \u00een bune condi\u021bii a gr\u0103dinilor botanice universitare, a sta\u021biunilor didactice, a bazelor de practic\u0103 \u0219i a altor infrastructuri de sus\u021binere a activit\u0103\u021bilor didactice din cadrul universit\u0103\u0163ilor\u201d. La domeniul 6, care vizeaz\u0103 \u201esus\u021binerea cercet\u0103rii de excelen\u021b\u0103 din universit\u0103\u021bi\u201d, proiectul propus de cercet\u0103torii UTI a fost al doilea cel mai bine clasat, iar la domeniul 4, mai exact \u201esus\u021binerea activit\u0103\u021bilor societ\u0103\u021bilor antreprenoriale studen\u021be\u0219ti (SAS) din cadrul universit\u0103\u021bilor\u201d, Universitatea Tehnic\u0103 a propus un proiect care a fost evaluat pe pozi\u021bia a treia la nivel na\u021bional. Celelalte dou\u0103 domenii unde au fost aprobate pentru finan\u021bare proiectele UTI sunt \u201e\u00eembun\u0103t\u0103\u021birea calit\u0103\u021bii activit\u0103\u021bii didactice, inclusiv a respect\u0103rii deontologiei \u0219i eticii academice\u201d \u0219i \u201einterna\u021bionalizarea \u00eenv\u0103\u021b\u0103m\u00e2ntului superior din Rom\u00e2nia\u201d. Suma c\u00e2\u0219tigat\u0103 \u00een acest an pozi\u021bioneaz\u0103 Politehnica ie\u0219ean\u0103 pe locul al treilea la nivel na\u021bional \u00eentre cele 40 de universit\u0103\u021bi care nu posed\u0103 gr\u0103dini botanice, acestea din urm\u0103 av\u00e2nd o finan\u021bare mai mare din start cu 50% mai mare la domeniul 3. \u201eRezultatele din acest an ale competi\u021biei proiectelor FDI, o competi\u021bie care devine tot mai consistent\u0103, confirm\u0103 expertiza noastr\u0103, care \u0219i \u00een acest an ne-a plasat \u00een topul universit\u0103\u021bilor rom\u00e2ne\u0219ti. Faptul c\u0103 am reu\u0219it ca \u00een cadrul a patru domenii s\u0103 fim pe podium, la dou\u0103 fiind primii, reprezint\u0103 o performan\u021b\u0103 unic\u0103. \u00cen acest an, cu ajutorul fondurilor c\u00e2\u0219tigate, vom dezvolta proiectele anterioare, proiecte de succes, dup\u0103 cum s-a v\u0103zut\u201d, a declarat prof. univ. dr. ing. Dan Ca\u0219caval, rectorul UTI. \u00cen acest an, \u00een competi\u021bia pentru Fondul de Dezvoltare Institu\u021bional\u0103 (FDI) au fost depuse 263 de proiecte ale universit\u0103\u021bilor de stat, pentru cele \u0219ase domenii de finan\u021bare.<\/p>\n","protected":false},"excerpt":{"rendered":"<p>Universitatea Tehnic\u0103 \u201eGheorghe Asachi\u201d din Ia\u0219i (UTI) a ob\u021binut aproximativ 2,1 milioane de lei din&#8230; <a class=\"meta-more\" href=\"https:\/\/infois.ro\/?p=46553\">more <span class=\"meta-nav\">&raquo;<\/span><\/a><\/p>\n","protected":false},"author":2,"featured_media":27022,"comment_status":"closed","ping_status":"closed","sticky":false,"template":"","format":"standard","meta":{"footnotes":""},"categories":[12,41],"tags":[74,13177,40,3112,5618],"aioseo_notices":[],"_links":{"self":[{"href":"https:\/\/infois.ro\/index.php?rest_route=\/wp\/v2\/posts\/46553"}],"collection":[{"href":"https:\/\/infois.ro\/index.php?rest_route=\/wp\/v2\/posts"}],"about":[{"href":"https:\/\/infois.ro\/index.php?rest_route=\/wp\/v2\/types\/post"}],"author":[{"embeddable":true,"href":"https:\/\/infois.ro\/index.php?rest_route=\/wp\/v2\/users\/2"}],"replies":[{"embeddable":true,"href":"https:\/\/infois.ro\/index.php?rest_route=%2Fwp%2Fv2%2Fcomments&post=46553"}],"version-history":[{"count":1,"href":"https:\/\/infois.ro\/index.php?rest_route=\/wp\/v2\/posts\/46553\/revisions"}],"predecessor-version":[{"id":46554,"href":"https:\/\/infois.ro\/index.php?rest_route=\/wp\/v2\/posts\/46553\/revisions\/46554"}],"wp:featuredmedia":[{"embeddable":true,"href":"https:\/\/infois.ro\/index.php?rest_route=\/wp\/v2\/media\/27022"}],"wp:attachment":[{"href":"https:\/\/infois.ro\/index.php?rest_route=%2Fwp%2Fv2%2Fmedia&parent=46553"}],"wp:term":[{"taxonomy":"category","embeddable":true,"href":"https:\/\/infois.ro\/index.php?rest_route=%2Fwp%2Fv2%2Fcategories&post=46553"},{"taxonomy":"post_tag","embeddable":true,"href":"https:\/\/infois.ro\/index.php?rest_route=%2Fwp%2Fv2%2Ftags&post=46553"}],"curies":[{"name":"wp","href":"https:\/\/api.w.org\/{rel}","templated":true}]}}