{"id":4692,"date":"2013-03-29T09:19:42","date_gmt":"2013-03-29T07:19:42","guid":{"rendered":"http:\/\/infois.ro\/?p=4692"},"modified":"2013-03-29T09:19:42","modified_gmt":"2013-03-29T07:19:42","slug":"clm-a-aprobat-bugetul-pe-anul-2013-al-iasului","status":"publish","type":"post","link":"https:\/\/infois.ro\/?p=4692","title":{"rendered":"CLM a aprobat bugetul pe anul 2013 al Ia\u0219ului"},"content":{"rendered":"<p style=\"text-align: justify;\"><a class=\"highslide\" onclick=\"return vz.expand(this)\" href=\"http:\/\/infois.ro\/wp-content\/uploads\/2013\/03\/clm.jpg\"><img loading=\"lazy\" decoding=\"async\" class=\"alignleft size-large wp-image-4693\" title=\"clm\" src=\"http:\/\/infois.ro\/wp-content\/uploads\/cache\/2013\/03\/clm\/3188099036.jpg\" alt=\"\" width=\"640\" height=\"227\" \/><\/a><\/p>\n<p style=\"text-align: justify;\">\u00centruni\u021bi \u00een \u0219edin\u021b\u0103 ordinar\u0103, consilierii locali au aprobat joi, 28 martie, bugetul de venituri \u0219i cheltuieli al municipiului Ia\u0219i pentru anul 2013, \u00een sum\u0103 de 910 milioane de lei, din care aproape 300 de milioane de lei reprezint\u0103 veniturile proprii ale Prim\u0103riei. Valoarea estimat\u0103 s\u0103 fie colectat\u0103 la buget din cote \u0219i sume defalcate din impozitul pe venit se va ridica, \u00een acest an, la 170,6 milioane de lei, \u00een timp ce\u00a0 valoarea taxelor \u0219i impozitelor pe proprietate va fi de circa 60, 3 milioane de lei, din care impozite \u0219i taxe pe cl\u0103diri \u2013 48,4 milioane de lei, impozitele pe cl\u0103diri de la persoanele fizice &#8211;\u00a0 17milioane de lei, impozitele \u0219i taxele pe cl\u0103diri de la persoanele juridice \u2013 31, 4 milioane de lei. \u00cen acest valoarea, valoarea subven\u021biilor acordate care vor fi acordate municipiului Ia\u0219i de la Bugetul de Stat se ridic\u0103 la 183, 3 milioane de lei, din care 18 milioane de lei reprezint\u0103 subven\u021bii de la bugetul de stat, necesare sus\u021binerii derul\u0103rii proiectelor finan\u021bate din fonduri externe nerambursabile, iar o sut\u0103 de milioane de lei reprezint\u0103 subven\u021bii pentru acordarea ajutorului pentru \u00eenc\u0103lzirea locuin\u021bei.\u00a0 Valoarea cheltuielilor prev\u0103zute pentru acest an \u00een proiectul de buget \u00eentocmit de Prim\u0103rie se ridic\u0103 la suma de 930.695,88 mii lei. Cea mai mare sum\u0103 la acest capitol este destinat\u0103 cheltuielilor cu asigurarea combustibilului \u0219i furniz\u0103rii energiei termice pentru popula\u021bie \u2013 282, 2 milioane de lei, urmat\u0103 de \u00eenv\u0103\u021b\u0103m\u00e2nt \u2013 186, 4 milioane de lei, din care 146, 1 milioane de lei cheltuieli de personal. Pentru asisten\u021ba social\u0103, \u00een bugetul pentru acest an a fost prev\u0103zut\u0103 suma de 38, 7 milioane de lei, iar pentru construc\u021bia de locuin\u021be \u0219i dezvoltare public\u0103 suma de 49,5 milioane de lei. Pentru plata \u00eemprumuturilor contractate de Prim\u0103rie, \u00een buget s-a prev\u0103zut suma de 20,5 milioane de lei, pentru asigurarea func\u021bion\u0103rii autorit\u0103\u021bilor publice suma de 32,3 milioane de lei, pentru asigurarea ordinii publice \u0219i siguran\u021bei na\u021bionale \u2013 9,1 milioane de lei pentru s\u0103n\u0103tate \u2013 9,3 milioane de lei, pentru cultur\u0103 \u2013 30,1 milioane de lei, iar pentru protec\u021bia mediului \u2013 7,8 milioane de lei. Un capitol important \u00een proiectul de buget pe anul 2013 \u00eel reprezint\u0103 cel referitor la finan\u021barea programelor de dezvoltare regional\u0103 \u0219i social\u0103, pentru care a fost prev\u0103zut\u0103 suma de 60,4 milioane de lei. \u00cen ceea ce prive\u0219te continuarea lucr\u0103rilor la o obiectivele de investi\u021bii deja \u00eencepute, \u00een bugetul pe acest an au fost alocate sume importante pentru refacerea esplanadei de la Hala Central\u0103 (2 milioane de lei), pentru finalizarea lucr\u0103rilor la pasajul \u201dSf\u00e2nta Vineri (1,5 milioane de lei), pentru reabilitarea iluminatului public (8,2 milioane de lei), amenajarea Bazarului (820.000 de lei), sau pentru construc\u021bia unui nou ad\u0103post pentru animale (700.000 de lei). Au fost alocate sume \u00eensemnate \u0219i pentru \u00eenceperea unor noi lucr\u0103ri de investi\u021bii, precum cele care vizeaz\u0103 modernizarea iluminatului public pe Bulevardul \u0218tefan cel Mare \u0219i Sf\u00e2nt (300.000 de lei), amenajarea unei parc\u0103ri \u00eentre Bl. B1 \u0219i B2 de pe str. Roman Vod\u0103 (122.650 lei), sau pentru construc\u021bia de locuin\u021be colective \u00een cadrul programului de sprijinire a tinerilor (177.000 de lei). La capitolul transporturi, lista investi\u021biilor noi pentru acest an cuprinde, printre altele, reabilitarea \u0219i modernizarea liniei de tramvai dintre Nicori\u021b\u0103 \u2013 Pia\u021ba Chiril\u0103 \u2013 Doi B\u0103ie\u021bi (2 milioane de lei), achizi\u021bia de noi autobuze (4,5 milioane de lei). Pentru modernizarea str\u0103zilor din municipiu, \u00een acest an, Prim\u0103ria va aloca de la bugetul local suma de 5 milioane de lei, \u00een timp ce pentru cofinan\u021barea obiectivelor de investi\u021bii de la CET a fost prev\u0103zut\u0103 suma de 313.000 lei. Printre celelalte investi\u021bii prev\u0103zute \u00een buget pentru acest an se num\u0103r\u0103 modernizarea Stadionului \u201dEmil Alexandrescu\u201d (210.000 lei), reabilitarea Parcului Copou (100.000 lei).<\/p>\n","protected":false},"excerpt":{"rendered":"<p>\u00centruni\u021bi \u00een \u0219edin\u021b\u0103 ordinar\u0103, consilierii locali au aprobat joi, 28 martie, bugetul de venituri \u0219i&#8230; <a class=\"meta-more\" href=\"https:\/\/infois.ro\/?p=4692\">more <span class=\"meta-nav\">&raquo;<\/span><\/a><\/p>\n","protected":false},"author":2,"featured_media":4693,"comment_status":"open","ping_status":"closed","sticky":false,"template":"","format":"standard","meta":{"footnotes":""},"categories":[1,41],"tags":[74,1553,495,1583,296],"aioseo_notices":[],"_links":{"self":[{"href":"https:\/\/infois.ro\/index.php?rest_route=\/wp\/v2\/posts\/4692"}],"collection":[{"href":"https:\/\/infois.ro\/index.php?rest_route=\/wp\/v2\/posts"}],"about":[{"href":"https:\/\/infois.ro\/index.php?rest_route=\/wp\/v2\/types\/post"}],"author":[{"embeddable":true,"href":"https:\/\/infois.ro\/index.php?rest_route=\/wp\/v2\/users\/2"}],"replies":[{"embeddable":true,"href":"https:\/\/infois.ro\/index.php?rest_route=%2Fwp%2Fv2%2Fcomments&post=4692"}],"version-history":[{"count":1,"href":"https:\/\/infois.ro\/index.php?rest_route=\/wp\/v2\/posts\/4692\/revisions"}],"predecessor-version":[{"id":4694,"href":"https:\/\/infois.ro\/index.php?rest_route=\/wp\/v2\/posts\/4692\/revisions\/4694"}],"wp:featuredmedia":[{"embeddable":true,"href":"https:\/\/infois.ro\/index.php?rest_route=\/wp\/v2\/media\/4693"}],"wp:attachment":[{"href":"https:\/\/infois.ro\/index.php?rest_route=%2Fwp%2Fv2%2Fmedia&parent=4692"}],"wp:term":[{"taxonomy":"category","embeddable":true,"href":"https:\/\/infois.ro\/index.php?rest_route=%2Fwp%2Fv2%2Fcategories&post=4692"},{"taxonomy":"post_tag","embeddable":true,"href":"https:\/\/infois.ro\/index.php?rest_route=%2Fwp%2Fv2%2Ftags&post=4692"}],"curies":[{"name":"wp","href":"https:\/\/api.w.org\/{rel}","templated":true}]}}