{"id":4772,"date":"2013-04-03T17:00:45","date_gmt":"2013-04-03T14:00:45","guid":{"rendered":"http:\/\/infois.ro\/?p=4772"},"modified":"2013-04-03T17:00:45","modified_gmt":"2013-04-03T14:00:45","slug":"acord-de-colaborare-privind-reinfiintarea-consiliului-de-dezvoltare-economica-si-sociala-a-judetului-iasi","status":"publish","type":"post","link":"https:\/\/infois.ro\/?p=4772","title":{"rendered":"Acord de colaborare privind re\u00eenfiin\u021barea Consiliului de Dezvoltare Economic\u0103 \u0219i Social\u0103 a jude\u021bului Ia\u0219i"},"content":{"rendered":"<p style=\"text-align: justify;\"><a class=\"highslide\" onclick=\"return vz.expand(this)\" href=\"http:\/\/infois.ro\/wp-content\/uploads\/2013\/04\/acord-cdes.jpg\"><img loading=\"lazy\" decoding=\"async\" class=\"alignleft size-large wp-image-4773\" title=\"acord cdes\" src=\"http:\/\/infois.ro\/wp-content\/uploads\/cache\/2013\/04\/acord-cdes\/292016488.jpg\" alt=\"\" width=\"640\" height=\"425\" \/><\/a><\/p>\n<p style=\"text-align: justify;\">\u00cen Sala Galben\u0103 a Institu\u021biei Prefectului Jude\u021bului Ia\u0219i a avut loc miercuri, 3 aprilie, semnarea oficial\u0103 a noului acord de colaborare privind re\u00eenfiin\u021barea Consiliul de Dezvoltare Economic\u0103 \u015fi Social\u0103 a Jude\u0163ului Ia\u015fi\u00a0(CDES). Din partea Institu\u021biei Prefectului Jude\u021bului Ia\u0219i, documentul a fost semnat de prefectul Romeo Olteanu, din partea Prim\u0103riei municipiului Ia\u0219i de primarul Gheorghe Nichita, iar din partea Consiliului Jude\u021bean (CJ) Ia\u0219i de c\u0103tre pre\u0219edintele Cristian Adomni\u021bei. Al\u0103turi de cele trei institu\u021bii ale administra\u021biei publice locale, parteneri ai acestui document sunt comunitatea oamenilor de afaceri ie\u0219eni, reprezentan\u021bii universit\u0103\u0163ilor \u0219i cei ai societ\u0103\u0163ii civile. Noul accord, care a fost semnat pentru o perioad\u0103 de trei ani, \u00ee\u015fi propune intensificarea eforturilor celor trei institu\u0163ii ale administra\u021biei publice locale pentru coagularea ac\u0163iunilor \u00eentreprinse \u00een beneficiul cet\u0103\u0163enilor.\u00a0Pre\u015fedin\u0163ia CDES va fi asigurat\u0103, prin rota\u0163ie, de c\u0103tre reprezentan\u0163ii legali ai celor trei institu\u0163ii semnatare. Mandatul pre\u015fedintelui va fi de \u0219ase luni, iar algoritmul de rota\u0163ie este prefectul jude\u0163ului, pre\u015fedintele Consiliului Jude\u0163ean, respectiv primarul municipiului Ia\u015fi. Printre obiectivele Consiliului de Dezvoltare Economic\u0103 \u015fi Social\u0103 a Jude\u021bului Ia\u0219i (CDES) se num\u0103r\u0103 cre\u015fterea tranparen\u0163ei administrative, reducerea \u015fi simplificarea procedurilor administrative, dezvoltarea instrumentelor de informare \u015fi educare a cet\u0103\u0163enilor, promovarea produselor locale, sprijinirea activit\u0103\u0163ilor inovative. Primarul municipiului Ia\u0219i, Gheorghe Nichita, unul dintre semnatarii acestui acord, a declarat c\u0103 odat\u0103 cu reactivarea Consiliului de Dezvoltare Economic\u0103 \u0219i Social\u0103 a Jude\u021bului Ia\u0219i, p\u0103r\u021bile \u0219i-au asumat responsabilitatea privind promovarea proiectelor de dezvoltare ale municipiului \u0219i jude\u021bului, acest organism urm\u00e2nd s\u0103 reprezinte o interfa\u021b\u0103 \u00eentre autorit\u0103\u021bile locale \u0219i cele central. \u201d\u00cen opinia mea, acest Consiliu de Dezvoltare Economic\u0103 \u0219i Social\u0103 a Jude\u021bului Ia\u0219i ar fi unul lucrativ dac\u0103 ar reu\u0219i s\u0103 fac\u0103 leg\u0103tura \u00eentre administra\u021bia public\u0103 local\u0103 \u0219i mediul local de afaceri \u0219i dac\u0103, \u00eentr-adev\u0103r, se va realize o mai mare implicare a oamenilor de afaceri \u00een promovarea proiectelor Ia\u0219ilor. Personal, sper ca de aceast\u0103 dat\u0103, acordul pe care l-am semnat ast\u0103zi (miercuri \u2013n.r.) s\u0103 fie unul mult mai practice, \u00eentruc\u00e2t p\u00e2n\u0103 acum, el a fost doar unul pur teoretic. Sper, de asemenea, ca acest Consiliu de Dezvoltare Economic\u0103 \u0219i Social\u0103 s\u0103 fie un organism \u00een care s\u0103 se discute cu adev\u0103rat despre proeictele Ia\u0219ilor, \u00een care mediul de afaceri locale s\u0103 se implice efectiv. Dac\u0103 toate aceste lucruri vor fi realizate, am convingerea c\u0103 acest consiliu \u00ee\u0219i va dovedi eficien\u021ba\u201d, a afirmat Gheorghe Nichita. \u0218eful municipalit\u0103\u021bii a precizat c\u0103, printre ac\u021biunile pe care Consiliul de Dezvoltare Economic\u0103 \u0219i Social\u0103 urmeaz\u0103 s\u0103 le promoveze \u00een perioada urm\u0103toare se num\u0103r\u0103, pe l\u00e2ng\u0103 Programul \u201dFabricat \u00een Ia\u0219i\u201d, \u201dFestivalul Educa\u021biei\u201d, manifestare care se va desf\u0103\u0219ura \u00een premier\u0103, \u00een acest an, la Ia\u0219i, precum \u0219i sus\u021binerea ini\u021biativei privind declararea Ia\u0219ilor drept Capital\u0103 Cultural\u0103 European\u0103.<\/p>\n","protected":false},"excerpt":{"rendered":"<p>\u00cen Sala Galben\u0103 a Institu\u021biei Prefectului Jude\u021bului Ia\u0219i a avut loc miercuri, 3 aprilie, semnarea&#8230; <a class=\"meta-more\" href=\"https:\/\/infois.ro\/?p=4772\">more <span class=\"meta-nav\">&raquo;<\/span><\/a><\/p>\n","protected":false},"author":2,"featured_media":4773,"comment_status":"open","ping_status":"closed","sticky":false,"template":"","format":"standard","meta":{"footnotes":""},"categories":[1,41],"tags":[74,1971,692,446],"aioseo_notices":[],"_links":{"self":[{"href":"https:\/\/infois.ro\/index.php?rest_route=\/wp\/v2\/posts\/4772"}],"collection":[{"href":"https:\/\/infois.ro\/index.php?rest_route=\/wp\/v2\/posts"}],"about":[{"href":"https:\/\/infois.ro\/index.php?rest_route=\/wp\/v2\/types\/post"}],"author":[{"embeddable":true,"href":"https:\/\/infois.ro\/index.php?rest_route=\/wp\/v2\/users\/2"}],"replies":[{"embeddable":true,"href":"https:\/\/infois.ro\/index.php?rest_route=%2Fwp%2Fv2%2Fcomments&post=4772"}],"version-history":[{"count":1,"href":"https:\/\/infois.ro\/index.php?rest_route=\/wp\/v2\/posts\/4772\/revisions"}],"predecessor-version":[{"id":4774,"href":"https:\/\/infois.ro\/index.php?rest_route=\/wp\/v2\/posts\/4772\/revisions\/4774"}],"wp:featuredmedia":[{"embeddable":true,"href":"https:\/\/infois.ro\/index.php?rest_route=\/wp\/v2\/media\/4773"}],"wp:attachment":[{"href":"https:\/\/infois.ro\/index.php?rest_route=%2Fwp%2Fv2%2Fmedia&parent=4772"}],"wp:term":[{"taxonomy":"category","embeddable":true,"href":"https:\/\/infois.ro\/index.php?rest_route=%2Fwp%2Fv2%2Fcategories&post=4772"},{"taxonomy":"post_tag","embeddable":true,"href":"https:\/\/infois.ro\/index.php?rest_route=%2Fwp%2Fv2%2Ftags&post=4772"}],"curies":[{"name":"wp","href":"https:\/\/api.w.org\/{rel}","templated":true}]}}