{"id":47978,"date":"2020-06-05T09:16:11","date_gmt":"2020-06-05T06:16:11","guid":{"rendered":"http:\/\/infois.ro\/?p=47978"},"modified":"2020-06-05T09:16:11","modified_gmt":"2020-06-05T06:16:11","slug":"inca-noua-terenuri-de-sport-din-cadrul-scolilor-vor-fi-modernizate","status":"publish","type":"post","link":"https:\/\/infois.ro\/?p=47978","title":{"rendered":"\u00cenc\u0103 nou\u0103 terenuri de sport din cadrul \u015fcolilor vor fi modernizate"},"content":{"rendered":"<p><a href=\"http:\/\/infois.ro\/wp-content\/uploads\/2020\/06\/terenuri-de-sport-in-scoli.jpg\"><img loading=\"lazy\" decoding=\"async\" class=\"alignleft  wp-image-47979\" src=\"http:\/\/infois.ro\/wp-content\/uploads\/2020\/06\/terenuri-de-sport-in-scoli.jpg\" alt=\"\" width=\"377\" height=\"267\" srcset=\"https:\/\/infois.ro\/wp-content\/uploads\/2020\/06\/terenuri-de-sport-in-scoli.jpg 640w, https:\/\/infois.ro\/wp-content\/uploads\/2020\/06\/terenuri-de-sport-in-scoli-300x212.jpg 300w\" sizes=\"(max-width: 377px) 100vw, 377px\" \/><\/a><\/p>\n<p style=\"text-align: justify;\">Primarul Mihai Chirica \u0219i reprezentan\u021bii firmei Andru Solutions SRL au semnat joi, 4 iunie, contractul de execu\u021bie a lucr\u0103rilor pentru mai multe terenuri moderne de sport din cadrul unor institu\u0163ii de \u00eenv\u0103\u0163\u0103m\u00e2nt preuniversitar, a c\u0103ror execu\u0163ie va \u00eencepe s\u0103pt\u0103m\u00e2na viitoare. Valoarea contractului este de 3.452.191,34 lei, f\u0103r\u0103 TVA (4.108.107,69 lei, cu TVA), iar firma va avea la dispozi\u021bie \u0219ase luni pentru a finaliza lucr\u0103rile. Terenurile de sport vor fi amenajate la Colegiul Na\u021bional (420 metri p\u0103tra\u021bi), Colegiul Na\u021bional \u201eCostache Negruzzi\u201d (825 metri p\u0103tra\u021bi), Colegiul Na\u021bional \u201eEmil Racovi\u021b\u0103\u201d (1.008 metri p\u0103tra\u021bi), Colegiul Na\u021bional de Arte \u201eOctav B\u0103ncil\u0103\u201d (1.008 metri p\u0103tra\u021bi), Colegiul National \u201eGarabet Ibr\u0103ileanu\u201d (670 metri p\u0103tra\u021bi), Liceul Tehnologic \u201ePetru Poni\u201d (1.008 metri p\u0103ttra\u021bi), \u015ecoala Gimnazial\u0103 \u201eElena Cuza\u201d (594 metri p\u0103tra\u021bi), \u015ecoala Gimnazial\u0103 \u201eBogdan Petriceicu Ha\u015fdeu\u201d (420 metri p\u0103tra\u021bi &#8211; Corp D din str. Ion Creang\u0103 nr. 131; 745 metri p\u0103tra\u021bi &#8211; strada Ion Creang\u0103, nr. 27). \u201cToate cele nou\u0103 terenuri vor avea form\u0103 dreptunghiular\u0103, iar \u00een jurul lor va fi amenajat\u0103 c\u00e2te o zon\u0103 de siguran\u021b\u0103. Fiecare teren va fi \u00eemprejmuit cu plas\u0103 bordurat\u0103 \u0219i st\u00e2lpi metalici. Gardul va avea o \u00een\u0103l\u021bime de \u0219ase metri \u00een spatele por\u021bilor \u0219i patru metri pe lateralele terenului. Totodat\u0103, pentru folosirea terenului \u00een condi\u021bii de luminozitate redus\u0103, perimetral va fi montat\u0103 o instala\u021bie de iluminat cu reflectoare de tip led. Suprafa\u021ba de joc a terenurilor va fi fie din gazon sintetic, cu \u00een\u0103l\u021bimea firului de 40 de milimetri, av\u00e2nd compozi\u021bia firului 100% din polietilen\u0103, fie din tartan, montat pe stratul support\u201d, se precizeaz\u0103 \u00eentr-un comunicat al Prim\u0103riei. Proiectele fac parte dintr-un program al municipalit\u0103\u021bii de a realiza terenuri de sport pentru mai multe \u0219coli \u0219i licee din Ia\u0219i. Este vorba, \u00een total, despre 17 unit\u0103\u021bi de \u00eenv\u0103\u021b\u0103m\u00e2nt: Colegiul Na\u021bional, Colegiul Na\u021bional \u201eCostache Negruzzi\u201d, Colegiul Na\u021bional \u201eMihai Eminescu\u201d, Colegiul Na\u021bional \u201eOctav B\u0103ncil\u0103\u201d, Colegiul National \u201eGarabet Ibr\u0103ileanu\u201d, Liceul Teoretic \u201eDimitrie Cantemir\u201d, Liceul Tehnologic \u201ePetru Poni\u201d, , \u015ecoala Gimnazial\u0103 \u201eTitu Maiorescu\u201d, \u015ecoala Gimnazial\u0103 \u201eAlexandru cel Bun\u201d, \u015ecoala Gimnazial\u0103 \u201eElena Cuza\u201d, \u015ecoala Gimnazial\u0103 \u201eBogdan Petriceicu Ha\u015fdeu\u201d \u0219i \u015ecoala Gimnazial\u0103 \u201eBogdan Petriceicu Ha\u015fdeu\u201d \u2013 Corp D. Cele nou\u0103 terenuri la care lucr\u0103rile vor \u00eencepe \u00een aceast\u0103 perioad\u0103 sunt ultimele din acest program.<\/p>\n","protected":false},"excerpt":{"rendered":"<p>Primarul Mihai Chirica \u0219i reprezentan\u021bii firmei Andru Solutions SRL au semnat joi, 4 iunie, contractul&#8230; <a class=\"meta-more\" href=\"https:\/\/infois.ro\/?p=47978\">more <span class=\"meta-nav\">&raquo;<\/span><\/a><\/p>\n","protected":false},"author":2,"featured_media":47979,"comment_status":"closed","ping_status":"closed","sticky":false,"template":"","format":"standard","meta":{"footnotes":""},"categories":[12,41],"tags":[74,3905,40,3112,128,9548],"aioseo_notices":[],"_links":{"self":[{"href":"https:\/\/infois.ro\/index.php?rest_route=\/wp\/v2\/posts\/47978"}],"collection":[{"href":"https:\/\/infois.ro\/index.php?rest_route=\/wp\/v2\/posts"}],"about":[{"href":"https:\/\/infois.ro\/index.php?rest_route=\/wp\/v2\/types\/post"}],"author":[{"embeddable":true,"href":"https:\/\/infois.ro\/index.php?rest_route=\/wp\/v2\/users\/2"}],"replies":[{"embeddable":true,"href":"https:\/\/infois.ro\/index.php?rest_route=%2Fwp%2Fv2%2Fcomments&post=47978"}],"version-history":[{"count":1,"href":"https:\/\/infois.ro\/index.php?rest_route=\/wp\/v2\/posts\/47978\/revisions"}],"predecessor-version":[{"id":47980,"href":"https:\/\/infois.ro\/index.php?rest_route=\/wp\/v2\/posts\/47978\/revisions\/47980"}],"wp:featuredmedia":[{"embeddable":true,"href":"https:\/\/infois.ro\/index.php?rest_route=\/wp\/v2\/media\/47979"}],"wp:attachment":[{"href":"https:\/\/infois.ro\/index.php?rest_route=%2Fwp%2Fv2%2Fmedia&parent=47978"}],"wp:term":[{"taxonomy":"category","embeddable":true,"href":"https:\/\/infois.ro\/index.php?rest_route=%2Fwp%2Fv2%2Fcategories&post=47978"},{"taxonomy":"post_tag","embeddable":true,"href":"https:\/\/infois.ro\/index.php?rest_route=%2Fwp%2Fv2%2Ftags&post=47978"}],"curies":[{"name":"wp","href":"https:\/\/api.w.org\/{rel}","templated":true}]}}