{"id":4825,"date":"2013-04-07T07:12:43","date_gmt":"2013-04-07T04:12:43","guid":{"rendered":"http:\/\/infois.ro\/?p=4825"},"modified":"2013-04-07T07:12:43","modified_gmt":"2013-04-07T04:12:43","slug":"primarul-cere-schimbarea-lichidatorului-patrimoniului-de-la-cet","status":"publish","type":"post","link":"https:\/\/infois.ro\/?p=4825","title":{"rendered":"Primarul cere schimbarea lichidatorului patrimoniului de la CET"},"content":{"rendered":"<p style=\"text-align: justify;\"><a class=\"highslide\" onclick=\"return vz.expand(this)\" href=\"http:\/\/infois.ro\/wp-content\/uploads\/2013\/04\/primarul-si-patrimoniul-cet.jpg\"><img loading=\"lazy\" decoding=\"async\" class=\"alignleft size-large wp-image-4826\" title=\"primarul si patrimoniul cet\" src=\"http:\/\/infois.ro\/wp-content\/uploads\/cache\/2013\/04\/primarul-si-patrimoniul-cet\/4029330020.jpg\" alt=\"\" width=\"640\" height=\"400\" \/><\/a><\/p>\n<p style=\"text-align: justify;\">Primarul Gheorghe Nichita a anun\u021bat vineri, 5 aprilie, \u00eentr-o conferin\u021b\u0103 de pres\u0103, c\u0103 institu\u021bia pe care o conduce va solicita schimbarea lichidatorului care a decis \u00een aceast\u0103 s\u0103pt\u0103m\u00e2n\u0103 s\u0103 demareze procedurile de executare silit\u0103 a instala\u021biilor func\u021bionale de la CET Ia\u0219i. \u00a0\u201dCel mai t\u00e2rziu s\u0103pt\u0103m\u00e2na viitoare, Prim\u0103ria municipiului Ia\u0219i va cere \u00een mod oficial schimbarea lichidatorului CET \u0219i desemnarea unuia nou. Prim\u0103ria nu mai are \u00eencredere \u00een acest lichidator, \u00eentruc\u00e2t s-a v\u0103zut foarte limpede c\u0103 acesta ia decizii dup\u0103 cum bate v\u00e2ntul. Noi, Prim\u0103ria, am f\u0103cut inclusiv o pl\u00e2ngere penal\u0103 la Parchet \u00eempotriva acestui lichidator. \u0218i a\u0219tept\u0103m, acum, de la Parchet un punct de vedere fa\u021b\u0103 de aceast\u0103 situa\u021bie, \u00eentruc\u00e2t nu putem s\u0103 l\u0103s\u0103m ca pe patrimoniul CET, care este al comunit\u0103\u021bii locale, s\u0103 se \u00eembog\u0103\u021beasc\u0103 unii sau al\u021bii, a\u0219a cum s-a \u00eent\u00e2mplat \u00een Rom\u00e2nia \u00een ultimii ani. Menirea mea ca primar al ora\u0219ului este s\u0103 ap\u0103r patrimoniul ora\u0219ului. Dac\u0103 noi nu eram fermi pe pozi\u021bie, CET-ul urma s\u0103 fie t\u0103iat bucat\u0103 cu bucat\u0103\u201d, a declarat primarul. Acesta a mai spus c\u0103 ac\u021biunea executorului judec\u0103toresc este cu at\u00e2t mai suspect\u0103 cu c\u00e2t at\u00e2t acesta, c\u00e2t \u0219i firma care a adjudecat licita\u021bia pentru de\u0219eurile feroase, au fost informate de c\u0103tre municipalitate de termenul de judecat\u0103 pentru suspendarea procedurii execut\u0103rii silite, programat\u0103 pentru data de 5 aprilie 2013. \u201dPrima condi\u021bie este s\u0103 licitezi, pentru a vedea dac\u0103 cineva este interesat s\u0103 cumpere echipamentul sau utilajul respectiv, pentru scopul pentru care el a fost fabricat \u0219i nu s\u0103 vinzi echipamentul ca fier vechi. Ca s\u0103 faci v\u00e2nzarea respectivului echipament ca fier vechi, trebuie s\u0103 faci, mai \u00eent\u00e2i, scoaterea lui din uz, dezmembrarea lui, s\u0103 vezi apoi ce piese din acel echipament pot fi v\u00e2ndute \u0219i abia dup\u0103 aceea, ce nu mai po\u021bi exploata din acel bun, po\u021bi s\u0103-l dai la fier vechi\u201d, a spus Gheorghe Nichita. \u0218eful municipalit\u0103\u021bii a dat vina pentru ceea ce se \u00eent\u00e2mpl\u0103 \u00een acest moment cu patrimoniul CET pe legisla\u021bia precar\u0103 din Rom\u00e2nia \u00een acest domeniu.<\/p>\n","protected":false},"excerpt":{"rendered":"<p>Primarul Gheorghe Nichita a anun\u021bat vineri, 5 aprilie, \u00eentr-o conferin\u021b\u0103 de pres\u0103, c\u0103 institu\u021bia pe&#8230; <a class=\"meta-more\" href=\"https:\/\/infois.ro\/?p=4825\">more <span class=\"meta-nav\">&raquo;<\/span><\/a><\/p>\n","protected":false},"author":2,"featured_media":4826,"comment_status":"open","ping_status":"closed","sticky":false,"template":"","format":"standard","meta":{"footnotes":""},"categories":[1,41],"tags":[74,495,1995,296],"aioseo_notices":[],"_links":{"self":[{"href":"https:\/\/infois.ro\/index.php?rest_route=\/wp\/v2\/posts\/4825"}],"collection":[{"href":"https:\/\/infois.ro\/index.php?rest_route=\/wp\/v2\/posts"}],"about":[{"href":"https:\/\/infois.ro\/index.php?rest_route=\/wp\/v2\/types\/post"}],"author":[{"embeddable":true,"href":"https:\/\/infois.ro\/index.php?rest_route=\/wp\/v2\/users\/2"}],"replies":[{"embeddable":true,"href":"https:\/\/infois.ro\/index.php?rest_route=%2Fwp%2Fv2%2Fcomments&post=4825"}],"version-history":[{"count":1,"href":"https:\/\/infois.ro\/index.php?rest_route=\/wp\/v2\/posts\/4825\/revisions"}],"predecessor-version":[{"id":4827,"href":"https:\/\/infois.ro\/index.php?rest_route=\/wp\/v2\/posts\/4825\/revisions\/4827"}],"wp:featuredmedia":[{"embeddable":true,"href":"https:\/\/infois.ro\/index.php?rest_route=\/wp\/v2\/media\/4826"}],"wp:attachment":[{"href":"https:\/\/infois.ro\/index.php?rest_route=%2Fwp%2Fv2%2Fmedia&parent=4825"}],"wp:term":[{"taxonomy":"category","embeddable":true,"href":"https:\/\/infois.ro\/index.php?rest_route=%2Fwp%2Fv2%2Fcategories&post=4825"},{"taxonomy":"post_tag","embeddable":true,"href":"https:\/\/infois.ro\/index.php?rest_route=%2Fwp%2Fv2%2Ftags&post=4825"}],"curies":[{"name":"wp","href":"https:\/\/api.w.org\/{rel}","templated":true}]}}