{"id":48538,"date":"2020-07-02T16:26:17","date_gmt":"2020-07-02T13:26:17","guid":{"rendered":"http:\/\/infois.ro\/?p=48538"},"modified":"2020-07-03T06:30:15","modified_gmt":"2020-07-03T03:30:15","slug":"muzica-spectacole-de-teatru-si-targ-de-antichitati-in-weekend-la-palas","status":"publish","type":"post","link":"https:\/\/infois.ro\/?p=48538","title":{"rendered":"Muzic\u0103, spectacole de teatru \u0219i t\u00e2rg de antichit\u0103\u021bi, \u00een weekend, la Palas"},"content":{"rendered":"<p><a href=\"http:\/\/infois.ro\/wp-content\/uploads\/2020\/07\/spectacol-Palas.jpg\"><img loading=\"lazy\" decoding=\"async\" class=\"alignleft  wp-image-48539\" src=\"http:\/\/infois.ro\/wp-content\/uploads\/2020\/07\/spectacol-Palas.jpg\" alt=\"\" width=\"369\" height=\"246\" srcset=\"https:\/\/infois.ro\/wp-content\/uploads\/2020\/07\/spectacol-Palas.jpg 640w, https:\/\/infois.ro\/wp-content\/uploads\/2020\/07\/spectacol-Palas-300x200.jpg 300w\" sizes=\"(max-width: 369px) 100vw, 369px\" \/><\/a><\/p>\n<p class=\"yiv4019369878MsoNormal\" style=\"text-align: justify;\"><b><i>Finalul de s\u0103pt\u0103m\u00e2n\u0103 este un bun prilej pentru a da curs unei invita\u021bii la cultur\u0103 \u0219i divertisment \u00een aer liber. \u00cen perioada 2 \u2013 5 iulie 2020, at\u00e2t \u00een Amfiteatru, c\u00e2t \u0219i \u00een parcul Palas, ie\u0219enii \u0219i nu numai sunt \u00eent\u00e2mpina\u021bi cu spectacole de teatru pentru toate v\u00e2rstele \u0219i cu muzic\u0103. \u0218i pentru ca experien\u021ba s\u0103 fie complet\u0103, pute\u021bi s\u0103 explora\u021bi \u0219i universul accesoriilor \u0219i al obiectelor retro.<\/i><\/b><\/p>\n<p class=\"yiv4019369878MsoNormal\" style=\"text-align: justify;\">Serile r\u0103coroase de var\u0103 pot fi petrecute la Palas, \u00een compania familiei \u015fi a prietenilor, \u00een timp ce participa\u021bi la cele mai frumoase evenimente.<\/p>\n<p class=\"yiv4019369878MsoNormal\" style=\"text-align: justify;\"><b>J<\/b><b>oi \u0219i vineri\u00a0<\/b>vi s-au preg\u0103tit surprize muzicale. Astfel, de la\u00a0<b>ora 19.00<\/b>, \u00een\u00a0<b>Amfiteatrul Palas<\/b>\u00a0v\u0103 pute\u021bi bucura sufletele ascult\u00e2nd concerte ale\u00a0<b>Filarmonicii Ia\u0219i<\/b>. Orchestra simfonic\u0103, sub bagheta dirijorului\u00a0<b>Radu Post\u0103varu<\/b>, va interpreta lucr\u0103ri din crea\u021bia marilor compozitori H\u00e4ndel, Mozart, Beethoven sau Boccherini. De asemenea, dac\u0103 v-a fost dor de un concert live cu muzic\u0103 jazz, tot<b>\u00a0joi<\/b>, de la\u00a0<b>ora 20.00<\/b>, v\u0103 pute\u021bi bucura, de un concert\u00a0<b>Andra Botez and Band<\/b>, \u00een\u00a0<b>Pia\u021beta din parcul Palas<\/b>. Distrac\u021bia este garantat\u0103, iar\u00a0<b>intrarea la concerte este liber\u0103, \u00een limita locurilor disponibile.<\/b><\/p>\n<p class=\"yiv4019369878MsoNormal\" style=\"text-align: justify;\">\u00cen schimb,\u00a0<b>vineri<\/b>, de la\u00a0<b>ora 20.00<\/b>,\u00a0<b>Vama\u00a0<\/b>v\u0103 invit\u0103 la o sear\u0103 \u201ePerfeeeect\u0103\u201d de dans \u0219i bun\u0103 dispozi\u021bie. Concertul va avea loc pe scena\u00a0<b>Fratelli<\/b>\u00a0din\u00a0<b>parcul Palas<\/b>, iar biletele pot fi achizi\u021bionate pe\u00a0<a href=\"http:\/\/www.iabilet.ro\/\" target=\"_blank\" rel=\"nofollow noopener\">www.iabilet.ro<\/a>\u00a0sau de la Fratelli Lounge &amp; Club.<\/p>\n<p class=\"yiv4019369878MsoNormal\" style=\"text-align: justify;\">S\u0103pt\u0103m\u00e2na se \u00eencheie tot cu muzic\u0103, dar \u0219i cu spectacole de teatru.\u00a0<b>S\u00e2mb\u0103t\u0103,<\/b>\u00a0de la\u00a0<b>ora 16.00<\/b>, \u00een\u00a0<b>Amfiteatrul Palas<\/b>\u00a0are loc edi\u021bia estival\u0103 a concertului live\u00a0<b>Petran&amp;The Gang.\u00a0<\/b>Evenimentul va fi sus\u021binut de talenta\u021bii copii condu\u0219i de Raluca Zaharia \u0219i se va desf\u0103\u0219ura \u00een trei acte. \u00cen schimb,\u00a0<b>duminic\u0103<\/b>, de la\u00a0<b>ora 10.00<\/b>, spectatorii sunt invita\u021bi s\u0103 o \u00eent\u00e2lneasc\u0103 pe\u00a0<b>\u201eCenu\u0219\u0103reasa\u201d.\u00a0<\/b>Spectacolul prezint\u0103 povestea despre bine \u0219i r\u0103u, frumos \u0219i ur\u00e2t \u0219i modul \u00een care for\u021ba iubirii r\u0103zbate dincolo de orice obstacol. Regia \u00eei apar\u021bine lui Toma Hogea. Tot\u00a0<b>duminic\u0103<\/b>, dar de la\u00a0<b>ora 19.00,\u00a0<\/b>are loc piesa\u00a0<b>\u201eDineu cu pro\u0219ti\u201d.\u00a0<\/b>Produc\u021bia, regizat\u0103 de Sebastian B\u0103d\u0103r\u0103u, v\u0103 va face s\u0103 r\u00e2de\u0163i copios pentru c\u0103 Pierre Brochant, un mare editor parizian, \u015fi-a g\u0103sit prostul!<\/p>\n<p class=\"yiv4019369878MsoNormal\" style=\"text-align: justify;\">Accesul la spectacolele Ateneului Na\u021bional din Ia\u0219i se face pe baz\u0103 de bilet, care poate fi achizi\u021bionat online, pe\u00a0<a href=\"http:\/\/www.ateneuiasi.ro\/\" target=\"_blank\" rel=\"nofollow noopener\">www.ateneuiasi.ro<\/a>, la casieria institu\u021biei culuturale sau direct la loca\u021bie, cu o or\u0103 \u00eenainte de \u00eenceperea evenimentului, \u00een limita locurilor disponibile.<\/p>\n<p class=\"yiv4019369878MsoNormal\" style=\"text-align: justify;\">\u0218i iubitorii pieselor vintage vor fi \u00eent\u00e2mpina\u021bi cu o selec\u021bie impresionant\u0103 de propuneri, pentru c\u0103 de\u00a0<b>vineri p\u00e2n\u0103 duminic\u0103<\/b>, \u00een\u00a0<b>Atriumul Palas Mall,<\/b>\u00a0are loc\u00a0<b>T\u00e2rgul de Antichit\u0103\u021bi.\u00a0<\/b>Evenimentul reune\u0219te zeci de expozan\u021bi din toat\u0103 \u021bara, iar pasiona\u021bii sunt a\u0219tepta\u021bi cu bijuterii elegante, ceasuri de colec\u021bie, por\u021belanuri, argint\u0103rie, viniluri, numismatic\u0103, filatelie, piese de mic mobilier, tablouri, decora\u021biuni \u0219i multe alte articole. Piesele trecutului provin din diferite culturi \u0219i perioade de timp \u0219i poart\u0103 pove\u0219ti pe care publicul interesat le poate afla de la colec\u021bionari.<\/p>\n<p class=\"yiv4019369878MsoNormal\" style=\"text-align: justify;\">La toate evenimentele, pentru\u00a0<b>siguran\u021ba publicului,\u00a0<\/b>se\u00a0<b>p\u0103streaz\u0103 distan\u021barea fizic\u0103\u00a0<\/b>prin<b>\u00a0reducerea locurilor disponibile<\/b>, sunt asigurate<b>\u00a0substan\u021be dezinfectante,\u00a0<\/b>iar\u00a0<b>purtarea m\u0103\u0219tii de protec\u021bie este obligatorie.\u00a0<\/b>\u00cen cazul \u00een care\u00a0<b>condi\u021biile meteo vor fi nefavorabile, evenimentele exterioare vor fi reprogramate pentru o dat\u0103 ulterioar\u0103, ce va fi anun\u021bat\u0103 pe pagina de Facebook Palas Ia\u0219i.<\/b><\/p>\n","protected":false},"excerpt":{"rendered":"<p>Finalul de s\u0103pt\u0103m\u00e2n\u0103 este un bun prilej pentru a da curs unei invita\u021bii la cultur\u0103&#8230; <a class=\"meta-more\" href=\"https:\/\/infois.ro\/?p=48538\">more <span class=\"meta-nav\">&raquo;<\/span><\/a><\/p>\n","protected":false},"author":2,"featured_media":48539,"comment_status":"closed","ping_status":"closed","sticky":false,"template":"","format":"standard","meta":{"footnotes":""},"categories":[41,60],"tags":[74,40,1617,100,2624,727],"aioseo_notices":[],"_links":{"self":[{"href":"https:\/\/infois.ro\/index.php?rest_route=\/wp\/v2\/posts\/48538"}],"collection":[{"href":"https:\/\/infois.ro\/index.php?rest_route=\/wp\/v2\/posts"}],"about":[{"href":"https:\/\/infois.ro\/index.php?rest_route=\/wp\/v2\/types\/post"}],"author":[{"embeddable":true,"href":"https:\/\/infois.ro\/index.php?rest_route=\/wp\/v2\/users\/2"}],"replies":[{"embeddable":true,"href":"https:\/\/infois.ro\/index.php?rest_route=%2Fwp%2Fv2%2Fcomments&post=48538"}],"version-history":[{"count":1,"href":"https:\/\/infois.ro\/index.php?rest_route=\/wp\/v2\/posts\/48538\/revisions"}],"predecessor-version":[{"id":48540,"href":"https:\/\/infois.ro\/index.php?rest_route=\/wp\/v2\/posts\/48538\/revisions\/48540"}],"wp:featuredmedia":[{"embeddable":true,"href":"https:\/\/infois.ro\/index.php?rest_route=\/wp\/v2\/media\/48539"}],"wp:attachment":[{"href":"https:\/\/infois.ro\/index.php?rest_route=%2Fwp%2Fv2%2Fmedia&parent=48538"}],"wp:term":[{"taxonomy":"category","embeddable":true,"href":"https:\/\/infois.ro\/index.php?rest_route=%2Fwp%2Fv2%2Fcategories&post=48538"},{"taxonomy":"post_tag","embeddable":true,"href":"https:\/\/infois.ro\/index.php?rest_route=%2Fwp%2Fv2%2Ftags&post=48538"}],"curies":[{"name":"wp","href":"https:\/\/api.w.org\/{rel}","templated":true}]}}