{"id":4933,"date":"2013-04-14T14:51:48","date_gmt":"2013-04-14T11:51:48","guid":{"rendered":"http:\/\/infois.ro\/?p=4933"},"modified":"2015-02-04T08:59:46","modified_gmt":"2015-02-04T06:59:46","slug":"cj-a-aprobat-proiectul-privind-realizarea-centrului-intermodal-regional-de-transport-marfa-iasi","status":"publish","type":"post","link":"https:\/\/infois.ro\/?p=4933","title":{"rendered":"CJ a aprobat proiectul privind realizarea Centrului Intermodal Regional de Transport Marf\u0103 Ia\u0219i"},"content":{"rendered":"<p style=\"text-align: justify;\"><a class=\"highslide\" href=\"http:\/\/infois.ro\/wp-content\/uploads\/2013\/04\/plenul-ci-si-centrul-intermodal-1.jpg\"><img loading=\"lazy\" decoding=\"async\" class=\"size-large wp-image-4934\" title=\"plenul ci si centrul intermodal (1)\" src=\"http:\/\/infois.ro\/wp-content\/uploads\/cache\/2013\/04\/plenul-ci-si-centrul-intermodal-1\/3568938991.jpg\" alt=\"\" width=\"640\" height=\"387\" \/><\/a><\/p>\n<p style=\"text-align: justify;\">Plenul Consiliului Jude\u021bean (CJ) Ia\u0219i a aprobat, \u00een cadrul \u0219edin\u021bei extraordinare desf\u0103\u0219urate la sf\u00e2r\u0219itul s\u0103pt\u0103m\u00e2nii trecute, proiectul privind realizarea \u015fi exploatarea \u201dCentrului Intermodal Regional de Transport Marf\u0103\u201d Ia\u0219i.\u00a0 \u201eDeocamdat\u0103, s-a achitat suma de 500.000 lei pentru studiul de fezabilitate. Urm\u0103toarea sum\u0103 va fi pentru reabilitarea \u015fi extinderea drumului jude\u0163ean 248B Tome\u015fti-Holboca. \u00cen bugetul pe anul \u00een curs a fost prev\u0103zut\u0103 suma de 40.000 lei pentru studii, iar pentru 2014 ar mai fi nevoie de 1,6 milioane\u201d, a declarat Carmen Irimescu, reprezentanta departamentului Servicii, Proiecte \u015fi Parteneriate a CJ Ia\u015fi. Proiectul privind realizarea \u00a0\u201cCentrul Intermodal Regional de Transport Marf\u0103 Ia\u0219i\u201d, \u00een valoare de 15 milioane de euro, urmeaz\u0103 s\u0103 fie implementat de Consiliul Jude\u021bean Ia\u0219i, \u00een parteneriat cu Compania Na\u021bional\u0103 de C\u0103i Ferate \u201cCFR\u201d. Centrul Intermodal Regional de Transport Marf\u0103 Ia\u0219i va fi construit pe o suprafa\u021b\u0103 de circa 40 de hectare, situate \u00een apropierea CET II Holboca. Studiul de fezabilitate include realizarea lucr\u0103rilor de infrastructur\u0103 la calea ferat\u0103 \u0219i triaj, spre Criste\u0219ti, realizarea re\u021belei rutiere \u0219i a parc\u0103rii pentru camioane, construc\u021bia platformei intermodale, racordarea la re\u021belele de utilit\u0103\u021bi din zon\u0103, precum \u0219i realziarea propriei re\u021bele de utilit\u0103\u021bi a centrului intermodal. Potrivit reprezentan\u021bilor Consiliului Jude\u021bean, realizarea Centrului intermodal va spori atractivitatea, at\u00e2t a jude\u021bului Ia\u0219i, c\u00e2t \u0219i a zonei de nord-est a Rom\u00e2niei, pentru investi\u021bii str\u0103ine \u0219i pentru noi activit\u0103\u021bi economice, care folosesc serviciile de transport intermodal, urm\u00e2nd s\u0103 contribuie, totodat\u0103, <strong>\u00a0<\/strong>la cre\u0219terea competitivit\u0103\u021bii economiei pe plan local.<\/p>\n","protected":false},"excerpt":{"rendered":"<p>Plenul Consiliului Jude\u021bean (CJ) Ia\u0219i a aprobat, \u00een cadrul \u0219edin\u021bei extraordinare desf\u0103\u0219urate la sf\u00e2r\u0219itul s\u0103pt\u0103m\u00e2nii&#8230; <a class=\"meta-more\" href=\"https:\/\/infois.ro\/?p=4933\">more <span class=\"meta-nav\">&raquo;<\/span><\/a><\/p>\n","protected":false},"author":2,"featured_media":4934,"comment_status":"open","ping_status":"closed","sticky":false,"template":"","format":"standard","meta":{"footnotes":""},"categories":[1,41],"tags":[74,985,374],"aioseo_notices":[],"_links":{"self":[{"href":"https:\/\/infois.ro\/index.php?rest_route=\/wp\/v2\/posts\/4933"}],"collection":[{"href":"https:\/\/infois.ro\/index.php?rest_route=\/wp\/v2\/posts"}],"about":[{"href":"https:\/\/infois.ro\/index.php?rest_route=\/wp\/v2\/types\/post"}],"author":[{"embeddable":true,"href":"https:\/\/infois.ro\/index.php?rest_route=\/wp\/v2\/users\/2"}],"replies":[{"embeddable":true,"href":"https:\/\/infois.ro\/index.php?rest_route=%2Fwp%2Fv2%2Fcomments&post=4933"}],"version-history":[{"count":4,"href":"https:\/\/infois.ro\/index.php?rest_route=\/wp\/v2\/posts\/4933\/revisions"}],"predecessor-version":[{"id":15638,"href":"https:\/\/infois.ro\/index.php?rest_route=\/wp\/v2\/posts\/4933\/revisions\/15638"}],"wp:featuredmedia":[{"embeddable":true,"href":"https:\/\/infois.ro\/index.php?rest_route=\/wp\/v2\/media\/4934"}],"wp:attachment":[{"href":"https:\/\/infois.ro\/index.php?rest_route=%2Fwp%2Fv2%2Fmedia&parent=4933"}],"wp:term":[{"taxonomy":"category","embeddable":true,"href":"https:\/\/infois.ro\/index.php?rest_route=%2Fwp%2Fv2%2Fcategories&post=4933"},{"taxonomy":"post_tag","embeddable":true,"href":"https:\/\/infois.ro\/index.php?rest_route=%2Fwp%2Fv2%2Ftags&post=4933"}],"curies":[{"name":"wp","href":"https:\/\/api.w.org\/{rel}","templated":true}]}}