{"id":49332,"date":"2020-08-17T16:15:32","date_gmt":"2020-08-17T13:15:32","guid":{"rendered":"http:\/\/infois.ro\/?p=49332"},"modified":"2020-08-18T10:17:37","modified_gmt":"2020-08-18T07:17:37","slug":"cladirea-fostei-policlinici-cu-plata-din-copou-va-fi-transformata-in-gradinita","status":"publish","type":"post","link":"https:\/\/infois.ro\/?p=49332","title":{"rendered":"Cl\u0103direa fostei Policlinici cu plat\u0103 din Copou va fi transformat\u0103 \u00een gr\u0103dini\u0163\u0103"},"content":{"rendered":"<p><a href=\"http:\/\/infois.ro\/wp-content\/uploads\/2020\/08\/gradinita-codrescu.jpg\"><img loading=\"lazy\" decoding=\"async\" class=\"alignleft  wp-image-49333\" src=\"http:\/\/infois.ro\/wp-content\/uploads\/2020\/08\/gradinita-codrescu.jpg\" alt=\"\" width=\"375\" height=\"211\" srcset=\"https:\/\/infois.ro\/wp-content\/uploads\/2020\/08\/gradinita-codrescu.jpg 640w, https:\/\/infois.ro\/wp-content\/uploads\/2020\/08\/gradinita-codrescu-300x169.jpg 300w, https:\/\/infois.ro\/wp-content\/uploads\/2020\/08\/gradinita-codrescu-140x80.jpg 140w\" sizes=\"(max-width: 375px) 100vw, 375px\" \/><\/a><\/p>\n<p style=\"text-align: justify;\">Prim\u0103ria continu\u0103 ac\u0163iunea de amenajare \u015fi reamenajare de noi spa\u0163ii destinate procesului educativ din municipiu. Astfel, dup\u0103 ce \u00een cursul acestui an au fost date \u00een folosin\u0163\u0103 mai multe astfel de spa\u0163ii \u00een cartierele din municipiu, autorit\u0103\u0163ile locale se preg\u0103tesc s\u0103 reabiliteze \u015fi s\u0103 transforme cl\u0103direa fostei Policlinici cu plat\u0103 de pe strada Codrescu nr. 5 \u00een gr\u0103dini\u0163\u0103. \u00centruni\u0163i \u00een \u015fedin\u0163\u0103 extraordinar\u0103, consilierii locali ie\u015feni au aprobat luni, cu unanimitate de voturi, documenta\u021bia tehnico \u2013 economic\u0103 privind acest nou obiectiv de investi\u021bii, cu o capacitate total\u0103 de 200 de locuri, respectiv opt s\u0103li de grup\u0103. Valoarea estimat\u0103 a investi\u0163iei, care are ca termen de finalizare 12 luni, este de de 5.556.875,17 lei cu TVA, din care 4.194.087,17 lei, cu TVA, reprezint\u0103 lucr\u0103rile de construc\u021bii. \u201cPentru aducerea imobilului la standardele \u00een vigoare, at\u00e2t din punct de vedere sanitar, c\u00e2t \u015fi al stabilit\u0103\u0163ii \u015fi siguran\u0163ei construc\u0163iei, vor fi f\u0103cute mai multe lucr\u0103ri, printre care refacerea zonelor de tencuial\u0103, lucr\u0103ri de termoizolare, refacerea instala\u0163iilor electrice, termice \u0219i sanitare, refacerea aleilor \u0219i trotuarelor din preajma cl\u0103dirii, amenajarea de rampe pentru persoanele cu dizabilit\u0103\u021bi \u0219i c\u0103rucioare pentru copii\u201d, se arat\u0103 \u00een nota de fundamentare care a \u00eenso\u0163it proiectul de hot\u0103r\u00e2re aprobat de ale\u015fii locali.<\/p>\n","protected":false},"excerpt":{"rendered":"<p>Prim\u0103ria continu\u0103 ac\u0163iunea de amenajare \u015fi reamenajare de noi spa\u0163ii destinate procesului educativ din municipiu&#8230;. <a class=\"meta-more\" href=\"https:\/\/infois.ro\/?p=49332\">more <span class=\"meta-nav\">&raquo;<\/span><\/a><\/p>\n","protected":false},"author":2,"featured_media":49333,"comment_status":"closed","ping_status":"closed","sticky":false,"template":"","format":"standard","meta":{"footnotes":""},"categories":[12,41],"tags":[74,3246,40,13604,3112],"aioseo_notices":[],"_links":{"self":[{"href":"https:\/\/infois.ro\/index.php?rest_route=\/wp\/v2\/posts\/49332"}],"collection":[{"href":"https:\/\/infois.ro\/index.php?rest_route=\/wp\/v2\/posts"}],"about":[{"href":"https:\/\/infois.ro\/index.php?rest_route=\/wp\/v2\/types\/post"}],"author":[{"embeddable":true,"href":"https:\/\/infois.ro\/index.php?rest_route=\/wp\/v2\/users\/2"}],"replies":[{"embeddable":true,"href":"https:\/\/infois.ro\/index.php?rest_route=%2Fwp%2Fv2%2Fcomments&post=49332"}],"version-history":[{"count":1,"href":"https:\/\/infois.ro\/index.php?rest_route=\/wp\/v2\/posts\/49332\/revisions"}],"predecessor-version":[{"id":49334,"href":"https:\/\/infois.ro\/index.php?rest_route=\/wp\/v2\/posts\/49332\/revisions\/49334"}],"wp:featuredmedia":[{"embeddable":true,"href":"https:\/\/infois.ro\/index.php?rest_route=\/wp\/v2\/media\/49333"}],"wp:attachment":[{"href":"https:\/\/infois.ro\/index.php?rest_route=%2Fwp%2Fv2%2Fmedia&parent=49332"}],"wp:term":[{"taxonomy":"category","embeddable":true,"href":"https:\/\/infois.ro\/index.php?rest_route=%2Fwp%2Fv2%2Fcategories&post=49332"},{"taxonomy":"post_tag","embeddable":true,"href":"https:\/\/infois.ro\/index.php?rest_route=%2Fwp%2Fv2%2Ftags&post=49332"}],"curies":[{"name":"wp","href":"https:\/\/api.w.org\/{rel}","templated":true}]}}