{"id":49570,"date":"2020-09-01T10:21:32","date_gmt":"2020-09-01T07:21:32","guid":{"rendered":"http:\/\/infois.ro\/?p=49570"},"modified":"2020-09-01T10:21:32","modified_gmt":"2020-09-01T07:21:32","slug":"tombola-pentru-iesenii-care-vor-sa-scape-de-deseurile-electrice-si-electronice","status":"publish","type":"post","link":"https:\/\/infois.ro\/?p=49570","title":{"rendered":"Tombol\u0103 pentru ie\u015fenii care vor s\u0103 scape de de\u015feurile electrice \u015fi electronice"},"content":{"rendered":"<p><a href=\"http:\/\/infois.ro\/wp-content\/uploads\/2019\/09\/colectare-deee.jpg\"><img loading=\"lazy\" decoding=\"async\" class=\"alignleft  wp-image-43317\" src=\"http:\/\/infois.ro\/wp-content\/uploads\/2019\/09\/colectare-deee.jpg\" alt=\"\" width=\"386\" height=\"263\" srcset=\"https:\/\/infois.ro\/wp-content\/uploads\/2019\/09\/colectare-deee.jpg 640w, https:\/\/infois.ro\/wp-content\/uploads\/2019\/09\/colectare-deee-300x205.jpg 300w\" sizes=\"(max-width: 386px) 100vw, 386px\" \/><\/a><\/p>\n<p style=\"text-align: justify;\">\u00cen perioada\u00a01 septembrie &#8211; 13 octombrie, la Ia\u015fi va avea loc o nou\u0103 campanie de\u00a0colectare a\u00a0de\u0219eurilor de echipamente electrice \u0219i electronice\u00a0(DEEE), ini\u0163iat\u0103 de Asocia\u0163ia Rom\u00e2n\u0103 pentru Reciclare RoRe \u015fi care \u00ee\u0219i propune s\u0103 creasc\u0103 nivelul de con\u0219tientizare al popula\u021biei privind importan\u021ba colect\u0103rii de\u0219eurilor electrice \u0219i a recicl\u0103rii responsabile. Partenerii locali ai acestei actiuni sunt Prim\u0103ria Municipiului Ia\u0219i, SC Salubris Ia\u0219i, Agen\u021bia pentru Prote\u021bia Mediului Ia\u0219i, Garda de Mediu, Inspectoratul \u0218colar Jude\u021bean Ia\u0219i, Universitatea de \u0218tiin\u021be Agricole \u0219i Medicin\u0103 Veterinar\u0103 &#8220;Ion Ionescu de la Brad&#8221; Ia\u0219i, Ecoarena, Palatului Copiilor Ia\u0219i \u0219i Fabrica de Print. \u201dNe dorim ca Ia\u0219iul s\u0103 fie un reper al cur\u0103\u021beniei \u0219i al responsabilit\u0103\u021bii fa\u021b\u0103 de mediu, a\u0219a c\u0103 \u00eei invit pe to\u021bi ie\u0219enii s\u0103 se debaraseze responsabil de de\u0219eurile electrice!\u00a0 \u00cempreun\u0103 cu Serviciul Local de Colectare Ia\u0219i, cu Salubris SA \u0219i cu partenerii locali, ne dorim s\u0103 servim urbea \u0219i s\u0103 ajut\u0103m popula\u021bia s\u0103 \u00een\u021beleag\u0103 c\u0103 aportul fiec\u0103ruia dintre noi e esen\u021bial pentru s\u0103n\u0103tatea comunit\u0103\u021bii din care suntem parte cu to\u021bii. Prin implicarea publicului mai t\u00e2n\u0103r \u00een problemele legate de de\u0219eurile electrice, cre\u0103m o nou\u0103 genera\u021bie de consumatori responsabili, care vor duce mesajul lor \u00een r\u00e2ndul familiilor, al profesorilor \u0219i al comunit\u0103\u021bilor locale\u201d,\u00a0a declarat Mihai Chirica, primarul municipiului Ia\u0219i. Astfel, \u00eentre 1 septembrie \u2013 13 octombrie, aparatele electrice stricate sau care nu mai pot fi folosite pot fi aduse la unul dintre\u00a0punctele de colectare provizorii,\u00a0ce vor fi deschise \u00een urm\u0103toarele locuri din Ia\u0219i: sediul SC Salubris S.A., \u0218oseaua Na\u021bional\u0103 nr. 43, Centrul de cartier T\u0103t\u0103ra\u0219i, str. Vasile Lupu nr. 8, Centrul de cartier Alexandru cel Bun, str. Tabacului nr. 18, Centrul de cartier Frumoasa, Bld. Poitiers nr. 20-22, Centrul de cartier Nicolina, str. Petre \u021au\u021bea nr. 2, Centrul de cartier P\u0103curari, \u0218oseaua P\u0103curari nr. 34, Centrul permanent de Colectare DEEE Ia\u0219i, strada Pompei nr. 3, zona Podul de Piatr\u0103. Programul punctelor de colectare este de luni p\u00e2n\u0103 vineri \u00een interval orar 09:00-16:00. Persoanele care nu pot transporta de\u0219eurile electrice la unul dintre punctele de colectare men\u021bionate mai sus\u00a0pot apela Serviciul Local de Colectare Ia\u0219i care asigur\u0103 preluarea gratuit\u0103 a aparatelor electrice grele sau voluminoase, de la domiciliu, sediu de firm\u0103 sau institu\u021bie. Tot ce trebuie s\u0103 fac\u0103 o persoan\u0103 care dore\u015fte s\u0103 scape de de\u015feurile DEEE este s\u0103\u00a0sune gratuit la TelVerde 0800 444 800, num\u0103r disponibil zilnic \u00eentre orele 9.00-17.00, sau la\u00a00764 399 399\u00a0(num\u0103r cu tarif normal) \u0219i s\u0103 fac\u0103 o programare p\u00e2n\u0103 pe data de 13 octombrie. Echipa Serviciului Local de Colectare Ia\u0219i asigur\u0103\u00a0colectarea gratuit\u0103\u00a0a de\u0219eurilor electrice \u0219i\u00a0transportul \u00een siguran\u021b\u0103\u00a0c\u0103tre\u00a0fabricile de reciclare\u00a0acreditate dup\u0103 standarde europene, acolo unde aceste de\u0219euri vor fi\u00a0tratate \u0219i reciclate conform normelor de mediu. \u00cen plus, particip\u00e2nd la aceast\u0103 ac\u021biune de colectare, ie\u015fenii au \u0219ansa s\u0103 c\u00e2\u0219tige unul dintre\u00a0premiile oferite prin tragere la sor\u021bi: 11 blendere, 11 mixere, 11 ma\u0219ini de c\u0103lcat \u0219i trei cuptoare cu microunde digitale. Tragerea la sor\u021bi a c\u00e2\u0219tig\u0103torilor va avea loc pe\u00a014 octombrie, la\u00a0ora 12.00, la\u00a0Centrul Permanent de Colectare DEEE Ia\u0219i (strada Pompei, nr. 3, Zona Podul de Piatr\u0103), moment \u00een care, la nivel european, se s\u0103rb\u0103tore\u0219te\u00a0Ziua Interna\u021bional\u0103 a Recicl\u0103rii De\u0219eurilor Electrice.<\/p>\n","protected":false},"excerpt":{"rendered":"<p>\u00cen perioada\u00a01 septembrie &#8211; 13 octombrie, la Ia\u015fi va avea loc o nou\u0103 campanie de\u00a0colectare&#8230; <a class=\"meta-more\" href=\"https:\/\/infois.ro\/?p=49570\">more <span class=\"meta-nav\">&raquo;<\/span><\/a><\/p>\n","protected":false},"author":2,"featured_media":43317,"comment_status":"closed","ping_status":"closed","sticky":false,"template":"","format":"standard","meta":{"footnotes":""},"categories":[6,41],"tags":[74,899,40,577,4394],"aioseo_notices":[],"_links":{"self":[{"href":"https:\/\/infois.ro\/index.php?rest_route=\/wp\/v2\/posts\/49570"}],"collection":[{"href":"https:\/\/infois.ro\/index.php?rest_route=\/wp\/v2\/posts"}],"about":[{"href":"https:\/\/infois.ro\/index.php?rest_route=\/wp\/v2\/types\/post"}],"author":[{"embeddable":true,"href":"https:\/\/infois.ro\/index.php?rest_route=\/wp\/v2\/users\/2"}],"replies":[{"embeddable":true,"href":"https:\/\/infois.ro\/index.php?rest_route=%2Fwp%2Fv2%2Fcomments&post=49570"}],"version-history":[{"count":1,"href":"https:\/\/infois.ro\/index.php?rest_route=\/wp\/v2\/posts\/49570\/revisions"}],"predecessor-version":[{"id":49571,"href":"https:\/\/infois.ro\/index.php?rest_route=\/wp\/v2\/posts\/49570\/revisions\/49571"}],"wp:featuredmedia":[{"embeddable":true,"href":"https:\/\/infois.ro\/index.php?rest_route=\/wp\/v2\/media\/43317"}],"wp:attachment":[{"href":"https:\/\/infois.ro\/index.php?rest_route=%2Fwp%2Fv2%2Fmedia&parent=49570"}],"wp:term":[{"taxonomy":"category","embeddable":true,"href":"https:\/\/infois.ro\/index.php?rest_route=%2Fwp%2Fv2%2Fcategories&post=49570"},{"taxonomy":"post_tag","embeddable":true,"href":"https:\/\/infois.ro\/index.php?rest_route=%2Fwp%2Fv2%2Ftags&post=49570"}],"curies":[{"name":"wp","href":"https:\/\/api.w.org\/{rel}","templated":true}]}}