{"id":4990,"date":"2013-04-17T10:51:58","date_gmt":"2013-04-17T07:51:58","guid":{"rendered":"http:\/\/infois.ro\/?p=4990"},"modified":"2013-04-17T10:51:58","modified_gmt":"2013-04-17T07:51:58","slug":"seful-politiei-comunitare-iasi-alexandru-hordila-a-fost-suspendat-din-functie","status":"publish","type":"post","link":"https:\/\/infois.ro\/?p=4990","title":{"rendered":"\u0218eful Poli\u021biei Comunitare Ia\u0219i, Alexandru Hordil\u0103, a fost suspendat din func\u021bie"},"content":{"rendered":"<p style=\"text-align: justify;\"><a class=\"highslide\" onclick=\"return vz.expand(this)\" href=\"http:\/\/infois.ro\/wp-content\/uploads\/2013\/04\/hordila.jpg\"><img loading=\"lazy\" decoding=\"async\" class=\"alignleft size-large wp-image-4991\" title=\"hordila\" src=\"http:\/\/infois.ro\/wp-content\/uploads\/cache\/2013\/04\/hordila\/1479200604.jpg\" alt=\"\" width=\"240\" height=\"230\" \/><\/a>Primarul Gheorghe Nichita a anun\u021bat mar\u021bi, 16 aprilie, \u00eentr-o conferin\u021b\u0103 extraordinar\u0103 de pres\u0103, c\u0103 o parte din vina pentru incidentele petrecute luna trecut\u0103, c\u00e2nd din Parcul Copou au fost furate busturile a trei personalit\u0103\u021bi ie\u0219ene, o are \u0219i Poli\u021bia Local\u0103, institu\u021bie care nu a reu\u0219it s\u0103 contracareze astfel de ac\u021biuni \u00eempotriva legii. \u201d\u00cenc\u0103 din anul 2004, de c\u00e2nd sunt primar, am f\u0103cut eforturi deosebite pentru a \u00eenfiin\u021ba Poli\u021bia Local\u0103. Am f\u0103cut toate eforturile pentru ca aceast\u0103 institui\u021bie s\u0103 aib\u0103 personal suficient \u0219i condi\u021bii satisf\u0103c\u0103toare, astfel \u00eenc\u00e2t lucr\u0103torii Poli\u021biei Locale s\u0103-\u0219i poat\u0103 desf\u0103\u0219ura activitatea \u00een cele mai bune condi\u021bii\u201d, a declarat Gheorghe Nichita. Av\u00e2nd \u00een vedere incidentele petrecute \u00een ultima perioad\u0103, primarul a anun\u021bat c\u0103 a decis s\u0103-l suspende din func\u021bie pe comandatul Poli\u021biei Locale Ia\u0219i, Alexandru Hordila, \u0219i pe adjunctului s\u0103u, Aurel Harabul\u0103. Potrivit edilului \u0219ef, \u00een locul lui Alexandru Hordila, \u00een fruntea Poli\u021biei Locale Ia\u0219i a fost numit comisarul \u0219ef Georgel Grumeza, \u0219eful Serviciului de Ordine Public\u0103 din cadrul Inspectoratului Jude\u021bean de Poli\u021bie (IJP ) Ia\u0219i. \u201dS-a intrat \u00eentr-o rutin\u0103 la\u00a0Poli\u021bia Local\u0103\u00a0\u0219i nimeni nu mai \u021bine cont de problemele din\u00a0strad\u0103, care au \u00eenceput s\u0103 fie din ce \u00een ce mai numeroase. La \u0219edin\u021ba de analiz\u0103, organizat\u0103 \u00een luna ianuarie a acestui an, i-am certat foarte tare at\u00e2t pe\u00a0directorul Poli\u021biei Locale, c\u00e2t \u0219i pe adjunctrul s\u0103u. \u00a0Lucrurile au culminat cu ceea ce s-a \u00eent\u00e2mplat cu statuile din Copou \u0219i apoi cu spargerea geamului de la intrarea \u00een Prim\u0103rie\u201d, a spus primarul. Gheorghe Nichita a precizat c\u0103, \u00een urma discu\u021biilor pe care le-a avut cu reprezentan\u021bii Inspectoratului Jude\u021bean de Poli\u021bie s-a convenit asupra unei reorganiz\u0103ri a tuturor obiectivelor din municipiu. \u201d\u00cen ceea ce-l prive\u0219te de domnul Alexandru Hordil\u0103, am decis ca domnia sa s\u0103 lucreze \u00een perioada urm\u0103toare \u00eentr-o\u00a0direc\u021bie de servicii comunitare, av\u00e2nd \u00een vedre c\u0103 este func\u021bionar public. \u00cen locul domnului Harabul\u0103\u00a0vom pune pe cineva din\u00a0cadrul Poli\u021biei Locale, \u00a0pentru ca vreau ca aceast\u0103 institu\u021bie s\u0103 aib\u0103, totu\u0219i, o continuitate\u201d, a spus Nichita.<\/p>\n","protected":false},"excerpt":{"rendered":"<p>Primarul Gheorghe Nichita a anun\u021bat mar\u021bi, 16 aprilie, \u00eentr-o conferin\u021b\u0103 extraordinar\u0103 de pres\u0103, c\u0103 o&#8230; <a class=\"meta-more\" href=\"https:\/\/infois.ro\/?p=4990\">more <span class=\"meta-nav\">&raquo;<\/span><\/a><\/p>\n","protected":false},"author":2,"featured_media":4991,"comment_status":"open","ping_status":"closed","sticky":false,"template":"","format":"standard","meta":{"footnotes":""},"categories":[1],"tags":[2074,387,692,2075],"aioseo_notices":[],"_links":{"self":[{"href":"https:\/\/infois.ro\/index.php?rest_route=\/wp\/v2\/posts\/4990"}],"collection":[{"href":"https:\/\/infois.ro\/index.php?rest_route=\/wp\/v2\/posts"}],"about":[{"href":"https:\/\/infois.ro\/index.php?rest_route=\/wp\/v2\/types\/post"}],"author":[{"embeddable":true,"href":"https:\/\/infois.ro\/index.php?rest_route=\/wp\/v2\/users\/2"}],"replies":[{"embeddable":true,"href":"https:\/\/infois.ro\/index.php?rest_route=%2Fwp%2Fv2%2Fcomments&post=4990"}],"version-history":[{"count":1,"href":"https:\/\/infois.ro\/index.php?rest_route=\/wp\/v2\/posts\/4990\/revisions"}],"predecessor-version":[{"id":4992,"href":"https:\/\/infois.ro\/index.php?rest_route=\/wp\/v2\/posts\/4990\/revisions\/4992"}],"wp:featuredmedia":[{"embeddable":true,"href":"https:\/\/infois.ro\/index.php?rest_route=\/wp\/v2\/media\/4991"}],"wp:attachment":[{"href":"https:\/\/infois.ro\/index.php?rest_route=%2Fwp%2Fv2%2Fmedia&parent=4990"}],"wp:term":[{"taxonomy":"category","embeddable":true,"href":"https:\/\/infois.ro\/index.php?rest_route=%2Fwp%2Fv2%2Fcategories&post=4990"},{"taxonomy":"post_tag","embeddable":true,"href":"https:\/\/infois.ro\/index.php?rest_route=%2Fwp%2Fv2%2Ftags&post=4990"}],"curies":[{"name":"wp","href":"https:\/\/api.w.org\/{rel}","templated":true}]}}