{"id":5001,"date":"2013-04-18T09:21:41","date_gmt":"2013-04-18T06:21:41","guid":{"rendered":"http:\/\/infois.ro\/?p=5001"},"modified":"2013-04-18T09:21:41","modified_gmt":"2013-04-18T06:21:41","slug":"pana-in-2015-toate-cablurile-de-pe-strazile-unde-primaria-deruleaza-proiecte-din-fondurile-europene-vor-fi-ingropate","status":"publish","type":"post","link":"https:\/\/infois.ro\/?p=5001","title":{"rendered":"P\u00e2n\u0103 \u00een 2015, toate cablurile de pe str\u0103zile unde Prim\u0103ria deruleaz\u0103 proiecte din fondurile europene vor fi \u00eengropate"},"content":{"rendered":"<p style=\"text-align: justify;\"><a class=\"highslide\" onclick=\"return vz.expand(this)\" href=\"http:\/\/infois.ro\/wp-content\/uploads\/2013\/04\/cabluri-ingropate.jpg\"><img loading=\"lazy\" decoding=\"async\" class=\"alignleft size-large wp-image-5002\" title=\"cabluri ingropate\" src=\"http:\/\/infois.ro\/wp-content\/uploads\/cache\/2013\/04\/cabluri-ingropate\/3146389823.jpg\" alt=\"\" width=\"640\" height=\"380\" \/><\/a><\/p>\n<p style=\"text-align: justify;\">Toate re\u021belele de utilit\u0103\u021bi din municipiul Ia\u0219i se vor reg\u0103si \u00een subteran. Consiliul Local Municipal (CLM) Ia\u0219i a aprobat, \u00eenc\u0103 din 2011, hot\u0103r\u00e2rea care vine \u00een spiritul normelor Uniunii Europene \u0219i a Hot\u0103r\u00e2rii de Guvern 525 \/ 1996, cu anexa 1 modificat\u0103 \u00een \u0219edin\u021ba de guvern din 11 mai 2011. Decizia municipalit\u0103\u021bii a fost atacat\u0103 \u00een instan\u021b\u0103 de c\u0103tre E.ON, \u00eens\u0103 procesul a fost c\u00e2\u0219tigat irevocabil de c\u0103tre Prim\u0103ria Ia\u0219i. \u00cen prezent, pe axele de dezvoltare unde se efectueaz\u0103 lucr\u0103ri din fonduri europene nerambursabile de reabilitare \u0219i modernizare a infrastructurii rutiere, pietonale \u0219i de spa\u021bii verzi sunt prev\u0103zute canivouri speciale unde vor fi \u00eengropate re\u021belele de pe st\u00e2lpi. \u201eDin loc \u00een loc, aceste canivouri &#8220;comunic\u0103&#8221; cu exteriorul, de unde pot fi observate cu ochiul liber tubulaturi ro\u0219ii \u0219i negre, cu un diametru de 54 mm, a\u0219a cum prevede legisla\u021bia european\u0103 \u00een domeniu, pe unde vor fi introduse re\u021belele \u00een subteran. Este vorba de 14 p\u00e2n\u0103 la 20 de conducte pe fiecare tubulatur\u0103, uneori pe ambele p\u0103r\u021bi ale str\u0103zii. Ca o precizare necesar\u0103, niciunul din proiectele cu finan\u021bare european\u0103 nu ar fi fost aprobat dac\u0103 acestea nu prevedeau inclusiv rezolvarea problemelor create de re\u021belele aeriene, cu obligativitatea de a le trece \u00een subteran\u201d, a declarat Sebastian Buraga, purt\u0103torul de cuv\u00e2nt al Prim\u0103riei Municipiului Ia\u0219i. Potrivit acestuia, proprietarul re\u021belei aeriene este obligat s\u0103 asigure trecerea \u00een subteran, la finalul lucr\u0103rilor de modernizare. \u201e\u00cen cazul lucr\u0103rilor de pe pietonalul \u0218tefan cel Mare, precum \u015fi pe tot traseul spre Pia\u0163a Unirii \u015fi str. Cuza Vod\u0103, at\u00e2t E.On, c\u00e2t \u015fi ceilal\u0163i proprietari de re\u0163ele aeriene vor trece obligatoriu \u00een subteranul amenajat f\u0103r\u0103 a aduce prejudicii lucr\u0103rile recep\u0163ionate de noi. Pe pietonalul \u015etefan cel Mare, p\u00e2n\u0103 \u00een toamna acestui an, vom obliga operatorii s\u0103-\u015fi treac\u0103 re\u0163ele \u00een subteran. Pentru proiectele pe care le derul\u0103m \u00een acest moment, termenul estimat pentru trecerea re\u021belelor \u00een subteran este cel t\u00e2rziu anul 2015 \u201d, a declarat viceprimarul Mihai Chirica. Potriivt acestuia, Prim\u0103ria Municipiului Ia\u0219i va sanc\u021biona orice refuz de aliniere la normele europene ale operatorilor de re\u021bele aeriene din ora\u0219, anun\u021b\u00e2nd c\u0103 nu va mai elibera nicio construc\u021bie pentru extindere, modernizare sau repara\u021bii pentru infrastructura aerian\u0103.<\/p>\n","protected":false},"excerpt":{"rendered":"<p>Toate re\u021belele de utilit\u0103\u021bi din municipiul Ia\u0219i se vor reg\u0103si \u00een subteran. Consiliul Local Municipal&#8230; <a class=\"meta-more\" href=\"https:\/\/infois.ro\/?p=5001\">more <span class=\"meta-nav\">&raquo;<\/span><\/a><\/p>\n","protected":false},"author":2,"featured_media":5002,"comment_status":"open","ping_status":"closed","sticky":false,"template":"","format":"standard","meta":{"footnotes":""},"categories":[1,41],"tags":[74,410,40,477,318],"aioseo_notices":[],"_links":{"self":[{"href":"https:\/\/infois.ro\/index.php?rest_route=\/wp\/v2\/posts\/5001"}],"collection":[{"href":"https:\/\/infois.ro\/index.php?rest_route=\/wp\/v2\/posts"}],"about":[{"href":"https:\/\/infois.ro\/index.php?rest_route=\/wp\/v2\/types\/post"}],"author":[{"embeddable":true,"href":"https:\/\/infois.ro\/index.php?rest_route=\/wp\/v2\/users\/2"}],"replies":[{"embeddable":true,"href":"https:\/\/infois.ro\/index.php?rest_route=%2Fwp%2Fv2%2Fcomments&post=5001"}],"version-history":[{"count":1,"href":"https:\/\/infois.ro\/index.php?rest_route=\/wp\/v2\/posts\/5001\/revisions"}],"predecessor-version":[{"id":5003,"href":"https:\/\/infois.ro\/index.php?rest_route=\/wp\/v2\/posts\/5001\/revisions\/5003"}],"wp:featuredmedia":[{"embeddable":true,"href":"https:\/\/infois.ro\/index.php?rest_route=\/wp\/v2\/media\/5002"}],"wp:attachment":[{"href":"https:\/\/infois.ro\/index.php?rest_route=%2Fwp%2Fv2%2Fmedia&parent=5001"}],"wp:term":[{"taxonomy":"category","embeddable":true,"href":"https:\/\/infois.ro\/index.php?rest_route=%2Fwp%2Fv2%2Fcategories&post=5001"},{"taxonomy":"post_tag","embeddable":true,"href":"https:\/\/infois.ro\/index.php?rest_route=%2Fwp%2Fv2%2Ftags&post=5001"}],"curies":[{"name":"wp","href":"https:\/\/api.w.org\/{rel}","templated":true}]}}