{"id":50067,"date":"2020-09-23T17:17:38","date_gmt":"2020-09-23T14:17:38","guid":{"rendered":"http:\/\/infois.ro\/?p=50067"},"modified":"2020-09-24T08:19:33","modified_gmt":"2020-09-24T05:19:33","slug":"uaic-reabiliteaza-cladirea-turn-din-cadrul-statiunii-de-cercetare-de-la-agigea","status":"publish","type":"post","link":"https:\/\/infois.ro\/?p=50067","title":{"rendered":"UAIC reabiliteaz\u0103 cl\u0103direa turn din cadrul Sta\u021biunii de cercetare de la Agigea"},"content":{"rendered":"<p><a href=\"http:\/\/infois.ro\/wp-content\/uploads\/2017\/10\/universitatea-cuza.jpg\"><img loading=\"lazy\" decoding=\"async\" class=\"alignleft  wp-image-30818\" src=\"http:\/\/infois.ro\/wp-content\/uploads\/2017\/10\/universitatea-cuza.jpg\" alt=\"\" width=\"429\" height=\"191\" srcset=\"https:\/\/infois.ro\/wp-content\/uploads\/2017\/10\/universitatea-cuza.jpg 640w, https:\/\/infois.ro\/wp-content\/uploads\/2017\/10\/universitatea-cuza-300x134.jpg 300w\" sizes=\"(max-width: 429px) 100vw, 429px\" \/><\/a><\/p>\n<p style=\"text-align: justify;\">Universitatea \u201eAlexandru Ioan Cuza\u201d din Ia\u0219i (UAIC) a \u00eenceput reabilitarea cl\u0103dirii turn de la Sta\u021biunea Biologic\u0103 Marin\u0103 \u201eProf. Dr. Ioan Borcea\u201d din Agigea, unde au loc lucr\u0103ri de reabilitare termic\u0103 \u0219i refunc\u021bionalizare \u00een vederea moderniz\u0103rii imobilului \u0219i extinderii capacit\u0103\u021bii de cazare. \u201eSta\u021biunile de cercetare \u0219i practic\u0103 studen\u021beasc\u0103 sunt o prioritate important\u0103 pentru echipa de conducere executiv\u0103 a UAIC, deoarece acestea reprezint\u0103 resurse valoroase pentru cre\u0219terea capacit\u0103\u021bii Universit\u0103\u021bii de a genera mai mult\u0103 valoare ad\u0103ugat\u0103 prin activitatea de cercetare \u0219tiin\u021bific\u0103. Ne bucur\u0103m c\u0103 au \u00eenceput lucr\u0103rile de reabilitare la Sta\u021biunea de la Agigea, vom continua s\u0103 moderniz\u0103m toate celelalte sta\u021biuni din patrimoniul UAIC.\u201d \u2013 prof. univ. dr. Tudorel Toader, rector al Universit\u0103\u021bii \u201eAlexandru Ioan Cuza\u201d din Ia\u0219i \u00a0Reabilitarea cl\u0103dirii turn din cadrul Sta\u021biunii de la Agigea presupune lucr\u0103ri la instala\u021biile sanitare \u0219i electrice, dar \u0219i lucr\u0103ri de arhitectur\u0103, inclusiv repara\u021bii la fa\u021badele exterioare \u0219i termoizola\u021bie. Valoarea investi\u021biei se ridic\u0103 la suma de 432.828,51 lei cu TVA, termenul de execu\u021bie a lucr\u0103rilor fiind de 90 de zile. \u00a0Cl\u0103direa turn din cadrul Sta\u021biunii de la Agigea a fost construit\u0103 \u00een perioada celui de-al doilea R\u0103zboi Mondial, pentru a veghea bateria de coast\u0103 \u201eElisabeta\u201d menit\u0103 s\u0103 fac\u0103 fa\u021b\u0103 unor eventuale atacuri ale trupelor aliate. Aceasta a fost parte integrat\u0103 a Divizionului de Artilerie de Coast\u0103 construit la insisten\u021bele Mare\u0219alului Ion Antonescu \u00eempreun\u0103 cu Generalul Alexandru Ioanitu. Fiind un imobil construit cu rol militar, acesta include \u0219i un sistem impresionant de galerii subterane. \u00a0\u00cenfiin\u0163at\u0103 \u00een anul 1926 de eminentul zoolog, prof. dr. Ioan Borcea, Sta\u0163iunea Biologic\u0103 Marin\u0103 a devenit, \u00een timp, una dintre cele mai active \u015fi dezvoltate sta\u0163iuni de la Marea Neagr\u0103 \u015fi o \u015fcoal\u0103 pentru biologia rom\u00e2neasc\u0103. \u00cen cadrul sta\u021biunii s-au desf\u0103\u0219urat numeroase proiecte de cercetare asupra dezvolt\u0103rii, fiziologiei, morfologiei \u0219i taxonomiei organismelor marine, contribuind astfel la cunoa\u0219terea vie\u021buitoarelor din Marea Neagr\u0103. \u00cempreun\u0103 cu fondatorul s\u0103u, al c\u0103rui nume \u00eel poart\u0103, sta\u021biunea a pus bazele oceanografiei \u00een Rom\u00e2nia, fiind recunoscut\u0103 la nivel interna\u021bional \u0219i \u00eencheind colabor\u0103ri cu 137 de institu\u021bii de cercetare din 47 de \u021b\u0103ri. \u00cen prezent, Sta\u021biunea de la Agigea desf\u0103\u0219oar\u0103 cu prec\u0103dere proiecte \u00een domeniul biodiversit\u0103\u021bii, de\u021bine prima \u0219i singura sta\u021bie cu activitate permanent\u0103 pentru studiul migra\u021biei p\u0103s\u0103rilor de la Marea Neagr\u0103 \u0219i \u00ee\u0219i propune repornirea proiectelor de cercetare marin\u0103.<\/p>\n","protected":false},"excerpt":{"rendered":"<p>Universitatea \u201eAlexandru Ioan Cuza\u201d din Ia\u0219i (UAIC) a \u00eenceput reabilitarea cl\u0103dirii turn de la Sta\u021biunea&#8230; <a class=\"meta-more\" href=\"https:\/\/infois.ro\/?p=50067\">more <span class=\"meta-nav\">&raquo;<\/span><\/a><\/p>\n","protected":false},"author":2,"featured_media":30818,"comment_status":"closed","ping_status":"closed","sticky":false,"template":"","format":"standard","meta":{"footnotes":""},"categories":[12,41],"tags":[74,13708,3125,40,13707,6648],"aioseo_notices":[],"_links":{"self":[{"href":"https:\/\/infois.ro\/index.php?rest_route=\/wp\/v2\/posts\/50067"}],"collection":[{"href":"https:\/\/infois.ro\/index.php?rest_route=\/wp\/v2\/posts"}],"about":[{"href":"https:\/\/infois.ro\/index.php?rest_route=\/wp\/v2\/types\/post"}],"author":[{"embeddable":true,"href":"https:\/\/infois.ro\/index.php?rest_route=\/wp\/v2\/users\/2"}],"replies":[{"embeddable":true,"href":"https:\/\/infois.ro\/index.php?rest_route=%2Fwp%2Fv2%2Fcomments&post=50067"}],"version-history":[{"count":1,"href":"https:\/\/infois.ro\/index.php?rest_route=\/wp\/v2\/posts\/50067\/revisions"}],"predecessor-version":[{"id":50068,"href":"https:\/\/infois.ro\/index.php?rest_route=\/wp\/v2\/posts\/50067\/revisions\/50068"}],"wp:featuredmedia":[{"embeddable":true,"href":"https:\/\/infois.ro\/index.php?rest_route=\/wp\/v2\/media\/30818"}],"wp:attachment":[{"href":"https:\/\/infois.ro\/index.php?rest_route=%2Fwp%2Fv2%2Fmedia&parent=50067"}],"wp:term":[{"taxonomy":"category","embeddable":true,"href":"https:\/\/infois.ro\/index.php?rest_route=%2Fwp%2Fv2%2Fcategories&post=50067"},{"taxonomy":"post_tag","embeddable":true,"href":"https:\/\/infois.ro\/index.php?rest_route=%2Fwp%2Fv2%2Ftags&post=50067"}],"curies":[{"name":"wp","href":"https:\/\/api.w.org\/{rel}","templated":true}]}}