{"id":5101,"date":"2013-04-23T13:54:04","date_gmt":"2013-04-23T10:54:04","guid":{"rendered":"http:\/\/infois.ro\/?p=5101"},"modified":"2013-04-23T13:54:04","modified_gmt":"2013-04-23T10:54:04","slug":"atmosfera-de-sarbatoare-pe-bulevardul-stefan-cel-mare-in-perioada-pastelui","status":"publish","type":"post","link":"https:\/\/infois.ro\/?p=5101","title":{"rendered":"Atmosfer\u0103 de s\u0103rb\u0103toare pe Bulevardul \u0218tefan cel Mare \u00een perioada Pa\u0219telui"},"content":{"rendered":"<p style=\"text-align: justify;\"><a class=\"highslide\" onclick=\"return vz.expand(this)\" href=\"http:\/\/infois.ro\/wp-content\/uploads\/2013\/04\/ornamente.jpg\"><img loading=\"lazy\" decoding=\"async\" class=\"alignleft size-large wp-image-5102\" title=\"ornamente\" src=\"http:\/\/infois.ro\/wp-content\/uploads\/cache\/2013\/04\/ornamente\/2996736791.jpg\" alt=\"\" width=\"640\" height=\"914\" \/><\/a><\/p>\n<p style=\"text-align: justify;\">\u00cen acest an, Prim\u0103ria municipiului Ia\u0219i dore\u0219te s\u0103 dea un aspect nou, mult mai plin de via\u021b\u0103, S\u0103rb\u0103torilor de Pa\u0219te, motiv pentru care, \u00een premier\u0103, pe Bulevardul \u0218tefan cel Mare \u0219i Sf\u00e2nt au fost montate instala\u021bii luminoase cu tematic\u0103 pascal\u0103, \u00een timp ce \u00een fa\u021ba Palatului Roznovanu (sediul municipalit\u0103\u021bii) au fost montate dou\u0103 ou\u0103 uria\u0219e, \u00eencadrate de lum\u00e2n\u0103ri. Dup\u0103 cum au precizat reprezentan\u021bii Prim\u0103riei, st\u00e2lpii de iluminat de pe Bulevardul \u0218tefan cel Mare \u0219i Sf\u00e2nt au fost \u00eempodobi\u0163i cu 50 de instala\u0163ii reprezent\u00e2nd c\u00e2te un ghiocel \u015fi un flutura\u015f. Ornamentele sunt pe baz\u0103 de leduri, consum\u0103 foarte pu\u0163in \u015fi vor crea o atmosfer\u0103 feeric\u0103 pe \u00eentreaga perioad\u0103 a Pa\u0219telui. Astfel de decora\u0163iuni luminoase vor fi montate, \u00een perioada urm\u0103toare, \u015fi \u00een zona Gr\u0103dinii Copou, precum \u015fi \u00een Pia\u0163a Unirii. Pe l\u00e2ng\u0103 aceste elemente de atmosfer\u0103 nocturn\u0103, Prim\u0103ria va organiza t\u00e2rguri de Pa\u015fti pe platoul Halei Centrale, unde ie\u015fenii vor fi a\u015ftepta\u0163i cu produse tradi\u0163ionale rom\u00e2ne\u015fti, dar \u015fi locale. Mai mult, conducerea municipalit\u0103\u021bii inten\u0163ioneaz\u0103 amenajarea unor expozi\u0163ii florale pe Bulevardul \u015etefan cel Mare \u015fi Sf\u00e2nt \u015fi \u00een zona R\u00e2pa Galben\u0103, evenimentele urm\u00e2nd s\u0103 fie realizate \u00een parteneriat cu Direc\u0163ia General\u0103 pentru Agricultur\u0103 \u0219i Dezvoltare Rural\u0103. \u00cen perioada 29 aprilie \u2013 3 mai, \u00een fa\u0163a Catedralei Mitropolitane, de pe Bulevardul \u015etefan cel Mare \u0219i Sf\u00e2nt, va avea loc prima edi\u021bie a \u201cT\u00e2rgului Handmade de Pa\u015fti al Ie\u015fenilor\u201d, manifestare la care \u0219i-au anun\u021bat prezen\u021ba peste 40 de arti\u015fti, artizani \u015fi me\u015fte\u015fugari din \u00eentreaga \u021bar\u0103.<\/p>\n","protected":false},"excerpt":{"rendered":"<p>\u00cen acest an, Prim\u0103ria municipiului Ia\u0219i dore\u0219te s\u0103 dea un aspect nou, mult mai plin&#8230; <a class=\"meta-more\" href=\"https:\/\/infois.ro\/?p=5101\">more <span class=\"meta-nav\">&raquo;<\/span><\/a><\/p>\n","protected":false},"author":2,"featured_media":5102,"comment_status":"open","ping_status":"closed","sticky":false,"template":"","format":"standard","meta":{"footnotes":""},"categories":[1,41],"tags":[74,2120,2035,296],"aioseo_notices":[],"_links":{"self":[{"href":"https:\/\/infois.ro\/index.php?rest_route=\/wp\/v2\/posts\/5101"}],"collection":[{"href":"https:\/\/infois.ro\/index.php?rest_route=\/wp\/v2\/posts"}],"about":[{"href":"https:\/\/infois.ro\/index.php?rest_route=\/wp\/v2\/types\/post"}],"author":[{"embeddable":true,"href":"https:\/\/infois.ro\/index.php?rest_route=\/wp\/v2\/users\/2"}],"replies":[{"embeddable":true,"href":"https:\/\/infois.ro\/index.php?rest_route=%2Fwp%2Fv2%2Fcomments&post=5101"}],"version-history":[{"count":1,"href":"https:\/\/infois.ro\/index.php?rest_route=\/wp\/v2\/posts\/5101\/revisions"}],"predecessor-version":[{"id":5103,"href":"https:\/\/infois.ro\/index.php?rest_route=\/wp\/v2\/posts\/5101\/revisions\/5103"}],"wp:featuredmedia":[{"embeddable":true,"href":"https:\/\/infois.ro\/index.php?rest_route=\/wp\/v2\/media\/5102"}],"wp:attachment":[{"href":"https:\/\/infois.ro\/index.php?rest_route=%2Fwp%2Fv2%2Fmedia&parent=5101"}],"wp:term":[{"taxonomy":"category","embeddable":true,"href":"https:\/\/infois.ro\/index.php?rest_route=%2Fwp%2Fv2%2Fcategories&post=5101"},{"taxonomy":"post_tag","embeddable":true,"href":"https:\/\/infois.ro\/index.php?rest_route=%2Fwp%2Fv2%2Ftags&post=5101"}],"curies":[{"name":"wp","href":"https:\/\/api.w.org\/{rel}","templated":true}]}}