{"id":51259,"date":"2020-11-19T13:17:38","date_gmt":"2020-11-19T11:17:38","guid":{"rendered":"http:\/\/infois.ro\/?p=51259"},"modified":"2020-11-19T13:17:38","modified_gmt":"2020-11-19T11:17:38","slug":"mos-craciun-alege-din-timp-darurile-la-palas-descopera-idei-de-cadouri-si-profita-de-ofertele-black-friday-x-mas-edition","status":"publish","type":"post","link":"https:\/\/infois.ro\/?p=51259","title":{"rendered":"Mo\u0219 Cr\u0103ciun alege din timp darurile la Palas! Descoper\u0103 idei de cadouri \u0219i profit\u0103 de ofertele Black Friday X-MAS Edition"},"content":{"rendered":"<p><a href=\"http:\/\/infois.ro\/wp-content\/uploads\/2020\/11\/Black-Friday-X-Mas-edition-Palas-1.jpg\"><img loading=\"lazy\" decoding=\"async\" class=\"alignleft  wp-image-51260\" src=\"http:\/\/infois.ro\/wp-content\/uploads\/2020\/11\/Black-Friday-X-Mas-edition-Palas-1.jpg\" alt=\"\" width=\"288\" height=\"408\" srcset=\"https:\/\/infois.ro\/wp-content\/uploads\/2020\/11\/Black-Friday-X-Mas-edition-Palas-1.jpg 640w, https:\/\/infois.ro\/wp-content\/uploads\/2020\/11\/Black-Friday-X-Mas-edition-Palas-1-211x300.jpg 211w\" sizes=\"(max-width: 288px) 100vw, 288px\" \/><\/a><\/p>\n<p class=\"yiv0986251719MsoNormal\" style=\"text-align: justify;\"><b><i>Mai sunt doar 35 de zile p\u00e2n\u0103 la Cr\u0103ciun, iar atmosfera de s\u0103rb\u0103tori deja se face sim\u021bit\u0103, a\u0219a c\u0103 toat\u0103 lumea st\u0103 cu g\u00e2ndul la cadouri. Cei mai harnici au fost deja la cump\u0103r\u0103turi de Black Friday, dar cum reducerile nu pot fi niciodat\u0103 prea multe, mai ales \u00een preajma s\u0103rb\u0103torilor, magazinele din Palas te \u00eent\u00e2mpin\u0103 cu oferte speciale p\u00e2n\u0103 la finalul lunii noiembrie. Consult\u0103\u00a0<\/i><\/b><a href=\"https:\/\/www.palasmall.ro\/blackfriday\/\" target=\"_blank\" rel=\"nofollow noopener\"><b><i>catalogul online<\/i><\/b><\/a><b><i>\u00a0\u0219i preg\u0103te\u0219te-te din timp pentru s\u0103rb\u0103torile de iarn\u0103!<a href=\"http:\/\/infois.ro\/wp-content\/uploads\/2020\/11\/Black-Friday_Palas-1.jpg\"><img loading=\"lazy\" decoding=\"async\" class=\"wp-image-51261 alignright\" src=\"http:\/\/infois.ro\/wp-content\/uploads\/2020\/11\/Black-Friday_Palas-1.jpg\" alt=\"\" width=\"409\" height=\"273\" srcset=\"https:\/\/infois.ro\/wp-content\/uploads\/2020\/11\/Black-Friday_Palas-1.jpg 640w, https:\/\/infois.ro\/wp-content\/uploads\/2020\/11\/Black-Friday_Palas-1-300x200.jpg 300w\" sizes=\"(max-width: 409px) 100vw, 409px\" \/><\/a><\/i><\/b><\/p>\n<p class=\"yiv0986251719MsoNormal\" style=\"text-align: justify;\">To\u021bi iubim Cr\u0103ciunul, dar de regul\u0103, cele mai a\u0219teptate s\u0103rb\u0103tori de peste an vin la pachet cu mult\u0103 agita\u021bie, goan\u0103 dup\u0103 cadouri, decora\u021biuni, brad \u0219i preparate pentru masa de s\u0103rb\u0103toare.<b>\u00a0Palas<\/b>\u00a0vine \u00eens\u0103 \u00een \u00eent\u00e2mpinarea ta \u0219i a preg\u0103tit un\u00a0<b>Black Friday X-MAS edition,\u00a0<\/b>care \u021bine p\u00e2n\u0103 pe\u00a0<b>29 noiembrie 2020,\u00a0<\/b>pentru ca tu s\u0103-\u021bi faci \u00een lini\u0219te cump\u0103r\u0103turile \u0219i s\u0103 beneficiezi de\u00a0<b>reduceri de p\u00e2n\u0103 la 70%\u00a0<\/b>la o mul\u021bime de articole. Aten\u021bie, cele mai frumoase decora\u021biuni se epuizeaz\u0103 rapid!<\/p>\n<p class=\"yiv0986251719MsoNormal\" style=\"text-align: justify;\">Cel mai bun cadou nu e doar cel oferit din suflet, dar \u0219i ales personalizat, mai ales dac\u0103 reu\u0219e\u0219ti s\u0103 oferi celor dragi ceea ce \u0219i-au dorit de mult timp. Pentru ea po\u021bi alege un cadou pre\u021bios pe care \u00eel va purta zi de zi pentru c\u0103\u00a0<b>Teilor, Pandora, Swarovski, Sokolov<\/b>,\u00a0<b>Meli Melo<\/b>\u00a0\u0219i\u00a0<b>Be in Time<\/b>\u00a0au\u00a0<b>reduceri de p\u00e2n\u0103 la\u00a0 50%.\u00a0<\/b>Cu siguran\u021b\u0103 \u00eei vei aduce un z\u00e2mbet larg pe fa\u021b\u0103 \u0219i dac\u0103 optezi s\u0103-i d\u0103ruie\u0219ti perechea de pantofi pe care \u0219i-o dore\u0219te de mult, iar pentru asta po\u021bi face o vizit\u0103 la\u00a0<b>Il Passo, Tezyo, Ecco<\/b>\u00a0\u0219i\u00a0<b>Benvenuti<\/b>, unde<b>\u00a0pre\u021burile s-au \u00eenjum\u0103t\u0103\u021bit.<\/b>\u00a0\u021ainute dar \u0219i\u00a0<b>pre\u021buri speciale de s\u0103rb\u0103tori<\/b>\u00a0au preg\u0103tit \u0219i magazinele de \u00eembr\u0103c\u0103minte, a\u0219a c\u0103\u00a0<b>Guess, U.S. Polo Assn., Tommy Hilfiger, Liu Jo, Mango, Poema<\/b>\u00a0\u0219i alte loca\u021bii de profil afi\u0219eaz\u0103 pre\u021buri speciale. \u0218i cum fiecare femeie iube\u0219te parfumurile, produsele de make-up sau cosmetic\u0103, po\u021bi face o vizit\u0103 \u0219i la\u00a0<b>Sephora, Kiehl&#8217;s<\/b>\u00a0\u0219i\u00a0<b>My Gheisha\u00a0<\/b>pentru<b>\u00a0<\/b>a achizi\u021biona un cadou ce o va cuceri.<a href=\"http:\/\/infois.ro\/wp-content\/uploads\/2020\/11\/Black-Friday-Palas-2.jpg\"><img loading=\"lazy\" decoding=\"async\" class=\"alignleft  wp-image-51262\" src=\"http:\/\/infois.ro\/wp-content\/uploads\/2020\/11\/Black-Friday-Palas-2.jpg\" alt=\"\" width=\"281\" height=\"421\" srcset=\"https:\/\/infois.ro\/wp-content\/uploads\/2020\/11\/Black-Friday-Palas-2.jpg 640w, https:\/\/infois.ro\/wp-content\/uploads\/2020\/11\/Black-Friday-Palas-2-200x300.jpg 200w\" sizes=\"(max-width: 281px) 100vw, 281px\" \/><\/a><\/p>\n<p class=\"yiv0986251719MsoNormal\" style=\"text-align: justify;\">Un accesoriu aparte care completeaz\u0103 \u021binuta, o pereche de pantofi elegan\u021bi, un pulover c\u0103lduros sau o c\u0103ma\u0219\u0103 croit\u0103 corect sunt c\u00e2teva idei de cadouri potrivite pentru el. Oferte \u00een acest sens au preg\u0103tit\u00a0<b>D&#8217;S Damat, Bigotti, Tommy Hilfiger, Tezyo,\u00a0<\/b>dar \u0219i multe alte magazine. Dac\u0103 \u00eel pasioneaz\u0103 tehnologia, nu ezita s\u0103 faci o vizit\u0103 la\u00a0<b>Altex,<\/b>\u00a0dac\u0103 este o fire atletic\u0103 profit\u0103 de reducerile de la\u00a0<b>Hervis Sports\u00a0<\/b>\u0219i<b>\u00a0Intersport<\/b>, iar ochelari cool pe care s\u0103-i d\u0103ruie\u0219ti po\u021bi achizi\u021biona de la\u00a0<b>Optiplaza<\/b>\u00a0sau\u00a0<b>Opticris<\/b>.<\/p>\n<p class=\"yiv0986251719MsoNormal\" style=\"text-align: justify;\">Pentru cei mici, cadourile de Cr\u0103ciun trebuie s\u0103 fie magice, doar nu \u00een zadar, \u00een fiecare an, Mo\u0219ul prime\u0219te milioane de scrisori.\u00a0<b>Noriel<\/b>,\u00a0<b>Chicco<\/b>\u00a0\u0219i<b>\u00a0Coccodrillo\u00a0<\/b>vin cu oferte \u00een sprijinul s\u0103u.<a href=\"http:\/\/infois.ro\/wp-content\/uploads\/2020\/11\/Black-Friday_Palas-3.jpg\"><img loading=\"lazy\" decoding=\"async\" class=\"wp-image-51263 alignright\" src=\"http:\/\/infois.ro\/wp-content\/uploads\/2020\/11\/Black-Friday_Palas-3.jpg\" alt=\"\" width=\"398\" height=\"265\" srcset=\"https:\/\/infois.ro\/wp-content\/uploads\/2020\/11\/Black-Friday_Palas-3.jpg 640w, https:\/\/infois.ro\/wp-content\/uploads\/2020\/11\/Black-Friday_Palas-3-300x200.jpg 300w\" sizes=\"(max-width: 398px) 100vw, 398px\" \/><\/a><\/p>\n<p class=\"yiv0986251719MsoNormal\" style=\"text-align: justify;\">Surprizele nu se opresc aici, a\u0219a c\u0103 trebuie s\u0103 consul\u021bi\u00a0<a href=\"https:\/\/www.palasmall.ro\/blackfriday\/\" target=\"_blank\" rel=\"nofollow noopener\">catalogul online<\/a>\u00a0\u0219i s\u0103 vii la Palas pentru a profita de\u00a0<b>ofertele din magazine<\/b>\u00a0\u0219i pentru a g\u0103si cadourile perfecte pentru cei dragi. Palas este deschis pentru experien\u021be sigure de shopping \u00een\u00a0<b>intervalul orar 10.00 \u2013 21.00.<\/b><\/p>\n<p class=\"yiv0986251719MsoNormal\" style=\"text-align: justify;\">\n","protected":false},"excerpt":{"rendered":"<p>Mai sunt doar 35 de zile p\u00e2n\u0103 la Cr\u0103ciun, iar atmosfera de s\u0103rb\u0103tori deja se&#8230; <a class=\"meta-more\" href=\"https:\/\/infois.ro\/?p=51259\">more <span class=\"meta-nav\">&raquo;<\/span><\/a><\/p>\n","protected":false},"author":2,"featured_media":51260,"comment_status":"closed","ping_status":"closed","sticky":false,"template":"","format":"standard","meta":{"footnotes":""},"categories":[6,41],"tags":[74,13867,3721,40,1326,100],"aioseo_notices":[],"_links":{"self":[{"href":"https:\/\/infois.ro\/index.php?rest_route=\/wp\/v2\/posts\/51259"}],"collection":[{"href":"https:\/\/infois.ro\/index.php?rest_route=\/wp\/v2\/posts"}],"about":[{"href":"https:\/\/infois.ro\/index.php?rest_route=\/wp\/v2\/types\/post"}],"author":[{"embeddable":true,"href":"https:\/\/infois.ro\/index.php?rest_route=\/wp\/v2\/users\/2"}],"replies":[{"embeddable":true,"href":"https:\/\/infois.ro\/index.php?rest_route=%2Fwp%2Fv2%2Fcomments&post=51259"}],"version-history":[{"count":1,"href":"https:\/\/infois.ro\/index.php?rest_route=\/wp\/v2\/posts\/51259\/revisions"}],"predecessor-version":[{"id":51264,"href":"https:\/\/infois.ro\/index.php?rest_route=\/wp\/v2\/posts\/51259\/revisions\/51264"}],"wp:featuredmedia":[{"embeddable":true,"href":"https:\/\/infois.ro\/index.php?rest_route=\/wp\/v2\/media\/51260"}],"wp:attachment":[{"href":"https:\/\/infois.ro\/index.php?rest_route=%2Fwp%2Fv2%2Fmedia&parent=51259"}],"wp:term":[{"taxonomy":"category","embeddable":true,"href":"https:\/\/infois.ro\/index.php?rest_route=%2Fwp%2Fv2%2Fcategories&post=51259"},{"taxonomy":"post_tag","embeddable":true,"href":"https:\/\/infois.ro\/index.php?rest_route=%2Fwp%2Fv2%2Ftags&post=51259"}],"curies":[{"name":"wp","href":"https:\/\/api.w.org\/{rel}","templated":true}]}}