{"id":51633,"date":"2020-12-08T13:00:55","date_gmt":"2020-12-08T11:00:55","guid":{"rendered":"http:\/\/infois.ro\/?p=51633"},"modified":"2020-12-08T13:00:53","modified_gmt":"2020-12-08T11:00:53","slug":"mos-craciun-exista-orice-ar-fi-iulius-te-ajuta-sa-te-vezi-cu-el-si-anul-acesta","status":"publish","type":"post","link":"https:\/\/infois.ro\/?p=51633","title":{"rendered":"Mo\u0219 Cr\u0103ciun exist\u0103! Orice-ar fi, IULIUS te ajut\u0103 s\u0103 te vezi cu el \u0219i anul acesta!"},"content":{"rendered":"<p><a href=\"http:\/\/infois.ro\/wp-content\/uploads\/2020\/12\/Mos-Craciun-Exista.jpg\"><img loading=\"lazy\" decoding=\"async\" class=\"alignleft wp-image-51634\" src=\"http:\/\/infois.ro\/wp-content\/uploads\/2020\/12\/Mos-Craciun-Exista.jpg\" alt=\"\" width=\"280\" height=\"397\" srcset=\"https:\/\/infois.ro\/wp-content\/uploads\/2020\/12\/Mos-Craciun-Exista.jpg 640w, https:\/\/infois.ro\/wp-content\/uploads\/2020\/12\/Mos-Craciun-Exista-211x300.jpg 211w\" sizes=\"(max-width: 280px) 100vw, 280px\" \/><\/a><\/p>\n<p class=\"yiv5527389895MsoNormal\" style=\"text-align: justify;\"><b><i>\u201eOrice-ar fi, te vezi cu Mo\u0219ul \u0219i anul acesta\u201d! IULIUS lanseaz\u0103 platforma\u00a0<a href=\"http:\/\/www.moscraciunexista.ro\/\" target=\"_blank\" rel=\"nofollow noopener\">www.moscraciunexista.ro<\/a>, care \u00eei conecteaz\u0103 pe cei mici cu Mo\u0219ul. Simpaticul b\u0103tr\u00e2nel s-a adaptat \u0219i el noului context, \u0219i-a cump\u0103rat laptop \u0219i se va \u00eent\u00e2lni online cu to\u021bi copiii cumin\u021bi. Programeaz\u0103-\u021bi \u00eent\u00e2lnirea virtual\u0103 cu Mo\u0219 Cr\u0103ciun!<\/i><\/b><b><i><\/i><\/b><\/p>\n<p class=\"yiv5527389895MsoNormal\" style=\"text-align: justify;\"><b><i>\u00a0<\/i><\/b><\/p>\n<p class=\"yiv5527389895MsoNormal\" style=\"text-align: justify;\">Ai acas\u0103 un mic elf care vorbe\u0219te \u00eencontinuu despre Mo\u0219 Cr\u0103ciun? Spune-i c\u0103 Mo\u0219ul \u0219i-a pus internet la Polul Nord, \u0219i-a instalat un webcam \u0219i\u00a0<b>\u00eel a\u0219teapt\u0103 la o \u00eent\u00e2lnire online,\u00a0<\/b>pentru c\u0103 anul acesta p\u0103str\u0103m distan\u021ba!\u00a0<b>Intr\u0103 pe site-ul\u00a0<a href=\"http:\/\/www.moscraciunexista.ro\/\" target=\"_blank\" rel=\"nofollow noopener\">www.moscraciunexista.ro<\/a><\/b>,\u00a0<b>completeaz\u0103 formularul de \u00eenscriere<\/b>,\u00a0<b>selecteaz\u0103 data<\/b>\u00a0\u0219i\u00a0<b>ora<\/b>\u00a0la care vrei\u00a0<b>s\u0103 vorbe\u0219ti cu Mo\u0219 Cr\u0103ciun<\/b>\u00a0\u0219i\u00a0<b>preg\u0103te\u0219te lista<\/b>\u00a0de cadouri!<b>\u00a0Toate sesiunile sunt gratuite, \u00eens\u0103 gr\u0103be\u0219te-te, pentru c\u0103 locurile sunt limitate!\u00a0<\/b>Program\u0103rile se realizeaz\u0103 deja, iar \u00eent\u00e2lnirile vor \u00eencepe de\u00a0<b>vineri, 11 decembrie 2020<\/b>.<\/p>\n<p class=\"yiv5527389895MsoNormal\" style=\"text-align: justify;\">Mo\u0219ul va intra s\u0103 discute cu cei mici despre c\u00e2t de cumin\u021bi au fost, ce \u00ee\u0219i doresc s\u0103 primeasc\u0103 cadou \u0219i va asculta poezii. Pentru c\u0103 nici internetul nu poate s\u0103 \u201ealerge\u201d mai repede dec\u00e2t Rudolf,\u00a0<b>fiecare \u00eent\u00e2lnire va dura maximum opt minute<\/b>, astfel \u00eenc\u00e2t\u00a0<b>Mo\u0219ul s\u0103 poat\u0103 vorbi cu c\u00e2t mai mul\u021bi copii<\/b>.<\/p>\n<p class=\"yiv5527389895MsoNormal\" style=\"text-align: justify;\">Dup\u0103 \u00eenscriere,\u00a0<b>fiecare participant<\/b>\u00a0va primi,\u00a0<b>pe adresa de email,<\/b>\u00a0<b>confirmarea rezerv\u0103rii, pa\u0219ii de urmat<\/b>\u00a0\u0219i un\u00a0<b>link privat<\/b>\u00a0pe care trebuie s\u0103 \u00eel acceseze pentru a sta de vorb\u0103 cu Mo\u0219 Cr\u0103ciun.\u00a0<b>\u00cent\u00e2lnirea va avea loc pe platforma Zoom,<\/b>\u00a0iar ca s\u0103 fim siguri c\u0103 simpaticul b\u0103tr\u00e2nel te aude \u0219i vede bine,\u00a0<b>recomand\u0103m tuturor<\/b>\u00a0celor \u00eenscri\u0219i\u00a0<b>s\u0103 intre pe link-ul primit cu trei minute \u00eenainte<\/b>\u00a0de ora rezervat\u0103, pentru a testa camera video \u0219i microfonul.<\/p>\n<p class=\"yiv5527389895MsoNormal\" style=\"text-align: justify;\"><b>Ca s\u0103 te vezi cu Mo\u0219ul pe Zoom<\/b>\u00a0<b>nu trebuie s\u0103 ai cont pe platform\u0103,\u00a0<\/b>ci doar s\u0103 urmezi instruc\u021biunile.<\/p>\n<p class=\"yiv5527389895MsoNormal\" style=\"text-align: justify;\"><b>Completa\u021bi listele, preg\u0103ti\u021bi telefoanele sau calculatoarele \u0219i saluta\u021bi-l pe Mo\u0219ul \u0219i din partea IULIUS!<\/b><\/p>\n","protected":false},"excerpt":{"rendered":"<p>\u201eOrice-ar fi, te vezi cu Mo\u0219ul \u0219i anul acesta\u201d! IULIUS lanseaz\u0103 platforma\u00a0www.moscraciunexista.ro, care \u00eei conecteaz\u0103&#8230; <a class=\"meta-more\" href=\"https:\/\/infois.ro\/?p=51633\">more <span class=\"meta-nav\">&raquo;<\/span><\/a><\/p>\n","protected":false},"author":2,"featured_media":51634,"comment_status":"closed","ping_status":"closed","sticky":false,"template":"","format":"standard","meta":{"footnotes":""},"categories":[41,60],"tags":[74,40,13916,79,1326],"aioseo_notices":[],"_links":{"self":[{"href":"https:\/\/infois.ro\/index.php?rest_route=\/wp\/v2\/posts\/51633"}],"collection":[{"href":"https:\/\/infois.ro\/index.php?rest_route=\/wp\/v2\/posts"}],"about":[{"href":"https:\/\/infois.ro\/index.php?rest_route=\/wp\/v2\/types\/post"}],"author":[{"embeddable":true,"href":"https:\/\/infois.ro\/index.php?rest_route=\/wp\/v2\/users\/2"}],"replies":[{"embeddable":true,"href":"https:\/\/infois.ro\/index.php?rest_route=%2Fwp%2Fv2%2Fcomments&post=51633"}],"version-history":[{"count":3,"href":"https:\/\/infois.ro\/index.php?rest_route=\/wp\/v2\/posts\/51633\/revisions"}],"predecessor-version":[{"id":51650,"href":"https:\/\/infois.ro\/index.php?rest_route=\/wp\/v2\/posts\/51633\/revisions\/51650"}],"wp:featuredmedia":[{"embeddable":true,"href":"https:\/\/infois.ro\/index.php?rest_route=\/wp\/v2\/media\/51634"}],"wp:attachment":[{"href":"https:\/\/infois.ro\/index.php?rest_route=%2Fwp%2Fv2%2Fmedia&parent=51633"}],"wp:term":[{"taxonomy":"category","embeddable":true,"href":"https:\/\/infois.ro\/index.php?rest_route=%2Fwp%2Fv2%2Fcategories&post=51633"},{"taxonomy":"post_tag","embeddable":true,"href":"https:\/\/infois.ro\/index.php?rest_route=%2Fwp%2Fv2%2Ftags&post=51633"}],"curies":[{"name":"wp","href":"https:\/\/api.w.org\/{rel}","templated":true}]}}