{"id":51829,"date":"2020-12-18T15:09:18","date_gmt":"2020-12-18T13:09:18","guid":{"rendered":"http:\/\/infois.ro\/?p=51829"},"modified":"2020-12-18T15:10:27","modified_gmt":"2020-12-18T13:10:27","slug":"antibiotice-a-fost-din-nou-mos-craciun","status":"publish","type":"post","link":"https:\/\/infois.ro\/?p=51829","title":{"rendered":"Antibiotice a fost din nou, Mo\u0219 Cr\u0103ciun"},"content":{"rendered":"<p><a href=\"http:\/\/infois.ro\/wp-content\/uploads\/2020\/12\/antibiotice1-1.jpg\"><img loading=\"lazy\" decoding=\"async\" class=\"alignleft wp-image-51830\" src=\"http:\/\/infois.ro\/wp-content\/uploads\/2020\/12\/antibiotice1-1.jpg\" alt=\"\" width=\"286\" height=\"190\" srcset=\"https:\/\/infois.ro\/wp-content\/uploads\/2020\/12\/antibiotice1-1.jpg 640w, https:\/\/infois.ro\/wp-content\/uploads\/2020\/12\/antibiotice1-1-300x200.jpg 300w\" sizes=\"(max-width: 286px) 100vw, 286px\" \/><\/a><\/p>\n<p style=\"text-align: justify;\">Funda\u021bia &#8220;Antibiotice &#8211; \u0218tiin\u021b\u0103 \u0219i suflet&#8221;\u00a0a \u00eemp\u0103r\u021bit, pe 17 \u0219i 18 decembrie 2020, cadouri pentru 78 de copii din familii cu posibilit\u0103\u021bi materiale reduse, din jude\u021bele Ia\u0219i \u0219i Neam\u021b. Copiii, cu v\u00e2rste cuprinse \u00eentre c\u00e2teva luni \u0219i 15 ani, au trimis Mo\u0219ului scrisorile lor de Cr\u0103ciun, \u00een care \u0219i-au a\u0219ternut dorin\u021bele: dulciuri, juc\u0103rii, haine \u0219i \u00eenc\u0103l\u021b\u0103ri, ghiozdane pentru \u0219coal\u0103, c\u0103r\u021bi, creioane colorate \u0219i multe altele. Scrisorile au ajuns la c\u00e2\u021biva \u201espiridu\u0219i&#8221;, angaja\u021bi ai Antibiotice SA, care au avut grij\u0103 s\u0103 le \u00eendeplineasc\u0103 dorin\u021bele.<a href=\"http:\/\/infois.ro\/wp-content\/uploads\/2020\/12\/antibiotice2-1.jpg\"><img loading=\"lazy\" decoding=\"async\" class=\"wp-image-51831 alignright\" src=\"http:\/\/infois.ro\/wp-content\/uploads\/2020\/12\/antibiotice2-1.jpg\" alt=\"\" width=\"269\" height=\"179\" srcset=\"https:\/\/infois.ro\/wp-content\/uploads\/2020\/12\/antibiotice2-1.jpg 640w, https:\/\/infois.ro\/wp-content\/uploads\/2020\/12\/antibiotice2-1-300x200.jpg 300w\" sizes=\"(max-width: 269px) 100vw, 269px\" \/><\/a><\/p>\n<p style=\"text-align: justify;\">Dac\u0103 \u00een anii trecu\u021bi copiii c\u00e2ntau colinde \u0219i primeau cadourile chiar de la Mo\u0219 Cr\u0103ciun, la bradul \u00eempodobit special pentru ei de la sediul Antibiotice, \u00een acest an regulile de protec\u021bie pe timp de pandemie au avut prioritate. Spiridu\u0219ii au \u00eenc\u0103rcat darurile mult a\u0219teptate \u00een \u201csania lui Mo\u0219 Cr\u0103ciun\u201d \u0219i le-au \u00eemp\u0103r\u021bit copiilor din satele Dumbrava, R\u0103deni, Valea Arini, Timi\u0219e\u0219ti, Drehu\u021ba, Munteni, Belce\u0219ti, Dume\u0219ti, Cucuteni \u0219i Dancu.<a href=\"http:\/\/infois.ro\/wp-content\/uploads\/2020\/12\/antibiotice3-1.jpg\"><img loading=\"lazy\" decoding=\"async\" class=\"alignleft wp-image-51832\" src=\"http:\/\/infois.ro\/wp-content\/uploads\/2020\/12\/antibiotice3-1.jpg\" alt=\"\" width=\"303\" height=\"201\" srcset=\"https:\/\/infois.ro\/wp-content\/uploads\/2020\/12\/antibiotice3-1.jpg 640w, https:\/\/infois.ro\/wp-content\/uploads\/2020\/12\/antibiotice3-1-300x200.jpg 300w\" sizes=\"(max-width: 303px) 100vw, 303px\" \/><\/a><\/p>\n<p style=\"text-align: justify;\">&#8220;De opt ani deja, a devenit o tradi\u021bie ca, \u00een preajma s\u0103rb\u0103torilor de Cr\u0103ciun, colegii no\u0219tri s\u0103 devin\u0103 spiridu\u0219i ai Mo\u0219ului, \u00een cadrul campaniei \u201eD\u0103ruie\u0219te din suflet! Fii \u0219i tu Mo\u0219 Cr\u0103ciun!&#8221;,\u00a0derulat\u0103 de funda\u021bia &#8220;Antibiotice &#8211; \u0218tiin\u021b\u0103 \u0219i suflet&#8221;.<a href=\"http:\/\/infois.ro\/wp-content\/uploads\/2020\/12\/antibiotice4.jpg\"><img loading=\"lazy\" decoding=\"async\" class=\"wp-image-51833 alignright\" src=\"http:\/\/infois.ro\/wp-content\/uploads\/2020\/12\/antibiotice4.jpg\" alt=\"\" width=\"263\" height=\"395\" srcset=\"https:\/\/infois.ro\/wp-content\/uploads\/2020\/12\/antibiotice4.jpg 640w, https:\/\/infois.ro\/wp-content\/uploads\/2020\/12\/antibiotice4-200x300.jpg 200w\" sizes=\"(max-width: 263px) 100vw, 263px\" \/><\/a><\/p>\n<p style=\"text-align: justify;\">Marea familie Antibiotice a reu\u0219it s\u0103 aduc\u0103 un dram de bucurie pentru copiii mai pu\u021bin norocosi \u0219i din familii numeroase, transform\u00e2ndu-le dorin\u021bele \u00eentr-o frumoas\u0103 surpriz\u0103 de Cr\u0103ciun. Mul\u0163umim pe aceast\u0103 cale \u0219i colaboratorilor din cadrul Departamentului Pro Vita&#8221;, a declarat Ioana Tode, pre\u015fedintele Funda\u0163iei \u201eAntibiotice \u015etiin\u0163\u0103 \u015fi suflet&#8221;.<\/p>\n","protected":false},"excerpt":{"rendered":"<p>Funda\u021bia &#8220;Antibiotice &#8211; \u0218tiin\u021b\u0103 \u0219i suflet&#8221;\u00a0a \u00eemp\u0103r\u021bit, pe 17 \u0219i 18 decembrie 2020, cadouri pentru&#8230; <a class=\"meta-more\" href=\"https:\/\/infois.ro\/?p=51829\">more <span class=\"meta-nav\">&raquo;<\/span><\/a><\/p>\n","protected":false},"author":2,"featured_media":51831,"comment_status":"closed","ping_status":"closed","sticky":false,"template":"","format":"standard","meta":{"footnotes":""},"categories":[41,32],"tags":[74,279,3721,40,1326],"aioseo_notices":[],"_links":{"self":[{"href":"https:\/\/infois.ro\/index.php?rest_route=\/wp\/v2\/posts\/51829"}],"collection":[{"href":"https:\/\/infois.ro\/index.php?rest_route=\/wp\/v2\/posts"}],"about":[{"href":"https:\/\/infois.ro\/index.php?rest_route=\/wp\/v2\/types\/post"}],"author":[{"embeddable":true,"href":"https:\/\/infois.ro\/index.php?rest_route=\/wp\/v2\/users\/2"}],"replies":[{"embeddable":true,"href":"https:\/\/infois.ro\/index.php?rest_route=%2Fwp%2Fv2%2Fcomments&post=51829"}],"version-history":[{"count":4,"href":"https:\/\/infois.ro\/index.php?rest_route=\/wp\/v2\/posts\/51829\/revisions"}],"predecessor-version":[{"id":51837,"href":"https:\/\/infois.ro\/index.php?rest_route=\/wp\/v2\/posts\/51829\/revisions\/51837"}],"wp:featuredmedia":[{"embeddable":true,"href":"https:\/\/infois.ro\/index.php?rest_route=\/wp\/v2\/media\/51831"}],"wp:attachment":[{"href":"https:\/\/infois.ro\/index.php?rest_route=%2Fwp%2Fv2%2Fmedia&parent=51829"}],"wp:term":[{"taxonomy":"category","embeddable":true,"href":"https:\/\/infois.ro\/index.php?rest_route=%2Fwp%2Fv2%2Fcategories&post=51829"},{"taxonomy":"post_tag","embeddable":true,"href":"https:\/\/infois.ro\/index.php?rest_route=%2Fwp%2Fv2%2Ftags&post=51829"}],"curies":[{"name":"wp","href":"https:\/\/api.w.org\/{rel}","templated":true}]}}