{"id":51894,"date":"2020-12-21T18:47:19","date_gmt":"2020-12-21T16:47:19","guid":{"rendered":"http:\/\/infois.ro\/?p=51894"},"modified":"2020-12-22T08:49:59","modified_gmt":"2020-12-22T06:49:59","slug":"bucuria-shoppingului-ramane-aceeasi-program-special-de-craciun-si-de-revelion-al-magazinelor-si-restaurantelor-din-palas-si-iulius-mall-iasi","status":"publish","type":"post","link":"https:\/\/infois.ro\/?p=51894","title":{"rendered":"Bucuria shoppingului r\u0103m\u00e2ne aceea\u0219i!  Program special de Cr\u0103ciun \u0219i de Revelion al magazinelor \u0219i restaurantelor din Palas \u0219i Iulius Mall Ia\u0219i"},"content":{"rendered":"<p><a href=\"http:\/\/infois.ro\/wp-content\/uploads\/2020\/12\/Program-Craciun_Palas.jpg\"><img loading=\"lazy\" decoding=\"async\" class=\"alignleft  wp-image-51895\" src=\"http:\/\/infois.ro\/wp-content\/uploads\/2020\/12\/Program-Craciun_Palas.jpg\" alt=\"\" width=\"496\" height=\"206\" srcset=\"https:\/\/infois.ro\/wp-content\/uploads\/2020\/12\/Program-Craciun_Palas.jpg 640w, https:\/\/infois.ro\/wp-content\/uploads\/2020\/12\/Program-Craciun_Palas-300x125.jpg 300w\" sizes=\"(max-width: 496px) 100vw, 496px\" \/><\/a><\/p>\n<p class=\"yiv0412889522MsoNormal\" style=\"text-align: justify;\"><b><i>De s\u0103rb\u0103tori, at\u00e2t Palas, c\u00e2t \u0219i Iulius Mall Ia\u0219i vin cu un program adaptat. Astfel, dac\u0103 te-ai transformat \u00een ajutorul lui Mo\u0219 Cr\u0103ciun \u0219i nu reu\u0219e\u0219ti s\u0103 termini cump\u0103r\u0103turile la timp, po\u021bi vizita magazinele \u0219i \u00een Ajun, iar cafenelele \u0219i restaurantele te a\u0219teapt\u0103 pe terase.<\/i><\/b><\/p>\n<p class=\"yiv0412889522MsoNormal\" style=\"text-align: justify;\"><b><i>\u00a0<\/i><\/b><\/p>\n<p class=\"yiv0412889522MsoNormal\" style=\"text-align: justify;\">Atmosfera de poveste, kilometri de ghirlande str\u0103lucitoare, mii de globule\u021be colorate, sute de premii \u0219i experien\u021be inedite sunt ingredientele necesare pentru un Cr\u0103ciun magic \u0219i le g\u0103se\u0219ti pe toate la\u00a0<b>Palas\u00a0<\/b>\u0219i\u00a0<b>Iulius Mall Ia\u0219i<\/b>. Tot de aici po\u021bi alege \u0219i cele mai inspirate cadouri pentru cei dragi \u0219i bun\u0103t\u0103\u021bi pentru masa de s\u0103rb\u0103tori. \u00cens\u0103, dac\u0103 pe\u00a0<b>24 decembrie 2020<\/b>\u00a0\u00eenc\u0103 mai faci cump\u0103r\u0103turi sau vrei s\u0103 savurezi o cafea,\u00a0<b>magazinele<\/b>,\u00a0<b>hipermarketul Auchan<\/b>,\u00a0<b>terasele\u00a0<\/b>\u0219i\u00a0<b>McDonald&#8217;s (intrarea din parc)<\/b>\u00a0sunt deschise p\u00e2n\u0103 la\u00a0<b>ora 18.00<\/b>. Excep\u021bie face\u00a0<b>KFC<\/b>\u00a0care va func\u021biona \u00een intervalul orar\u00a0<b>09.00-20.00.\u00a0<\/b>\u00cen\u00a0<b>prima zi de Cr\u0103ciun\u00a0<\/b>cu to\u021bii ne bucur\u0103m de clipe frumoase \u00een familie, iar\u00a0<b>magazinele\u00a0<\/b>din\u00a0<b>Palas Mall<\/b>\u00a0\u0219i\u00a0<b>hipermarketul Auchan<\/b>\u00a0vor fi\u00a0<b>\u00eenchise<\/b>, dar te po\u021bi bucura de atmosfera festiv\u0103 pe terasele\u00a0<b>Fenice (13.00 \u2013 22.00), Bistro Moo, Clop, La Corniche (10.00-21.00)\u00a0<\/b>\u0219i\u00a0<b>Tribeca &#8211; Pub &amp; Charcoal Grill (12.00 \u2013 21.00).\u00a0<\/b>Meniuri apetisante po\u021bi \u00eencerca pe\u00a0<b>25 decembrie<\/b>\u00a0de la\u00a0<b>McDonald&#8217;s (intrarea din parc)<\/b>\u00a0\u00eentre orele\u00a0<b>12.00-20.00<\/b>\u00a0\u0219i de la\u00a0<b>KFC<\/b>\u00a0\u00eentre\u00a0<b>12.00-21.00<\/b>.<b>\u00a0<\/b>De pe\u00a0<b>26\u00a0<\/b>p\u00e2n\u0103 pe<b>\u00a030 decembrie<\/b>, se d\u0103 startul la shopping \u0219i relaxare \u00eentre\u00a0<b>orele 10.00<\/b>\u00a0&#8211;<b>\u00a021.00<\/b>. \u00cens\u0103, \u00eentre\u00a0<b>27 \u2013 30 decembrie<\/b>,\u00a0<b>hipermarketul Auchan\u00a0<\/b>va func\u021biona \u00een intervalul orar\u00a0<b>07.00 &#8211;\u00a0 21.00.<\/b><\/p>\n<p class=\"yiv0412889522MsoNormal\" style=\"text-align: justify;\">\n<p class=\"yiv0412889522MsoNormal\" style=\"text-align: justify;\">Finalul de an implic\u0103 \u0219i preg\u0103tirile pentru noaptea de Revelion, care pot fi f\u0103cute \u0219i \u00een ultima zi din 2020, la\u00a0<b>Palas<\/b>, \u00een intervalul orar\u00a0<b>10.00 \u2013 18.00,\u00a0<\/b>cu o binemeritat\u0103 pauz\u0103 la teras\u0103<b>.\u00a0<\/b>Tot pe\u00a0<b>31 decembrie<\/b>,\u00a0<b>hipermarketul Auchan\u00a0<\/b>va fi deschis \u00eentre\u00a0<b>orele 07.00 \u2013 18.00,<\/b>\u00a0<b>McDonald&#8217;s (intrarea din parc)<\/b>\u00a0<b>\u00a0<\/b>\u00eentre\u00a0<b>10.00-18.00<\/b>, iar\u00a0<b>KFC<\/b>\u00a0\u00eentre\u00a0<b>09.00-20.00<\/b>.\u00a0<b>Magazinele<\/b>\u00a0vor\u00a0<b>fi \u00eenchise \u00een prima zi din 2021<\/b>, dar te po\u021bi delecta cu o gustare delicioas\u0103 \u0219i cu o b\u0103utur\u0103 special\u0103 la terasele\u00a0<b>Fenice<\/b>\u00a0<b>(13.00 \u2013 22.00)<\/b>,\u00a0<b>Bistro Moo, Clop (10.00-21.00), La Corniche (11.00-21.00)\u00a0<\/b>\u0219i<b>\u00a0Tribeca &#8211; Pub &amp; Charcoal Grill (12.00 \u2013 21.00)<\/b>. Pe\u00a0<b>1 ianuarie,<\/b>\u00a0<b>McDonald&#8217;s (intrarea din parc)\u00a0<\/b>va fi deschis \u00eentre<b>\u00a012.00-20.00,\u00a0<\/b>iar<b>\u00a0KFC\u00a0<\/b>\u00eentre<b>\u00a012.00-21.00.<\/b>\u00a0\u00cencep\u00e2nd cu\u00a0<b>2 ianuarie, toate loca\u021biile<\/b>\u00a0revin la\u00a0<b>programul obi\u0219nuit din aceast\u0103 perioad\u0103: 10.00 &#8211; 21.00<\/b>, dar\u00a0<b>hipermarketul Auchan\u00a0<\/b>va reveni la<b>\u00a0orarul 07.00 \u2013 21.00\u00a0<\/b>de pe<b>\u00a03 ianuarie. Mai multe detalii g\u0103se\u0219ti pe\u00a0<a href=\"https:\/\/www.palasmall.ro\/noutati\/program-special-de-sarbatori_1278\" target=\"_blank\" rel=\"nofollow noopener noreferrer\">www.palasmall.ro<\/a>\u00a0sau pe pagina de Facebook Palas Ia\u0219i!<\/b><\/p>\n<p class=\"yiv0412889522MsoNormal\" style=\"text-align: justify;\">\n<p class=\"yiv0412889522MsoNormal\" style=\"text-align: justify;\">\u0218i\u00a0<b>Iulius Mall Ia\u0219i<\/b>\u00a0va func\u021biona dup\u0103 un program special. Spiridu\u0219ii Mo\u0219ului care \u00eenc\u0103 mai fac cump\u0103r\u0103turi pe\u00a0<b>24 decembrie<\/b>\u00a0vor g\u0103si\u00a0<b>magazinele deschise<\/b>\u00a0p\u00e2n\u0103 la\u00a0<b>ora 18.00<\/b>. Pe\u00a0<b>25 decembrie<\/b>,\u00a0<b>toate loca\u021biile vor fi \u00eenchise<\/b>, iar \u00eentre\u00a0<b>26 &#8211; 30 decembrie<\/b>\u00a0<b>programul de func\u021bionare<\/b>\u00a0este \u00eentre\u00a0<b>orele 10.00 \u2013 21.00<\/b>.<\/p>\n<p class=\"yiv0412889522MsoNormal\" style=\"text-align: justify;\"><a href=\"http:\/\/infois.ro\/wp-content\/uploads\/2020\/12\/Program-Craciun_Iulius-Mall-Iasi.jpg\"><img loading=\"lazy\" decoding=\"async\" class=\"wp-image-51896 alignright\" src=\"http:\/\/infois.ro\/wp-content\/uploads\/2020\/12\/Program-Craciun_Iulius-Mall-Iasi.jpg\" alt=\"\" width=\"556\" height=\"211\" srcset=\"https:\/\/infois.ro\/wp-content\/uploads\/2020\/12\/Program-Craciun_Iulius-Mall-Iasi.jpg 640w, https:\/\/infois.ro\/wp-content\/uploads\/2020\/12\/Program-Craciun_Iulius-Mall-Iasi-300x114.jpg 300w\" sizes=\"(max-width: 556px) 100vw, 556px\" \/><\/a><\/p>\n<p class=\"yiv0412889522MsoNormal\" style=\"text-align: justify;\">\u00cen seara de Revelion,\u00a0<b>magazinele<\/b>\u00a0vor fi deschise p\u00e2n\u0103 la\u00a0<b>ora 18.00<\/b>,\u00a0<b>pe 1 ianuarie, Iulius Mall Ia\u0219i va fi \u00eenchis<\/b>, iar de pe\u00a0<b>2 ianuarie<\/b>\u00a0se revine la\u00a0<b>programul de func\u021bionare: 10.00 \u2013 21.00. Programul complet poate fi consultat pe\u00a0<a href=\"http:\/\/iuliusmall.com\/iasi\/program-special-de-sarbatori\/\" target=\"_blank\" rel=\"nofollow noopener noreferrer\">www.iuliusmall.com\/iasi<\/a>!<\/b><\/p>\n<p class=\"yiv0412889522MsoNormal\" style=\"text-align: justify;\"><b>\u00a0<\/b><\/p>\n<p class=\"yiv0412889522MsoNormal\" style=\"text-align: justify;\">\u00cen continuare, p\u00e2n\u0103 pe\u00a0<b>23 decembrie<\/b>, dac\u0103 faci cump\u0103r\u0103turi de\u00a0<b>minimum 350 de lei,<\/b>\u00a0din magazinele din<b>\u00a0Palas<\/b>, \u00een aceea\u0219i zi, vei fi premiat instant cu\u00a0vouchere de cump\u0103r\u0103turi, cecuri cadou, rimeluri, m\u0103\u0219ti pentru copii, lo\u021biune dezinfectant\u0103 \u0219i b\u0103uturi r\u0103coritoare. \u00cen schimb, \u00een<b>\u00a0Iulius Mall Ia\u0219i\u00a0<\/b>po\u021bi c\u00e2\u0219tiga premii p\u00e2n\u0103 \u00een Ajun. Nu trebuie dec\u00e2t s\u0103 faci cump\u0103r\u0103turi<b>\u00a0<\/b>de<b>\u00a0minimum 150 de lei<\/b>, iar dac\u0103 norocul \u00ee\u021bi va sur\u00e2de, po\u021bi pleca \u00eentr-o vacan\u021b\u0103 la\u00a0 ski sau po\u021bi primi diverse alte cadouri: cecuri cadou, sesiuni de \u00eenfrumuse\u021bare, m\u0103\u0219ti de protec\u021bie, produse pentru \u00eengrijirea pielii \u0219i b\u0103uturi r\u0103coritoare.<\/p>\n<p class=\"yiv0412889522MsoNormal\" style=\"text-align: justify;\">\n<p class=\"yiv0412889522MsoNormal\" style=\"text-align: justify;\"><b>Palas \u0219i Iulius Mall Ia\u0219i au grij\u0103 ca bucuria Cr\u0103ciunului s\u0103 r\u0103m\u00e2n\u0103 aceea\u0219i \u0219i anul acesta!<\/b><\/p>\n","protected":false},"excerpt":{"rendered":"<p>De s\u0103rb\u0103tori, at\u00e2t Palas, c\u00e2t \u0219i Iulius Mall Ia\u0219i vin cu un program adaptat. Astfel,&#8230; <a class=\"meta-more\" href=\"https:\/\/infois.ro\/?p=51894\">more <span class=\"meta-nav\">&raquo;<\/span><\/a><\/p>\n","protected":false},"author":2,"featured_media":51895,"comment_status":"closed","ping_status":"closed","sticky":false,"template":"","format":"standard","meta":{"footnotes":""},"categories":[6,41],"tags":[74,40,79,1326,418,3269,1397,3635],"aioseo_notices":[],"_links":{"self":[{"href":"https:\/\/infois.ro\/index.php?rest_route=\/wp\/v2\/posts\/51894"}],"collection":[{"href":"https:\/\/infois.ro\/index.php?rest_route=\/wp\/v2\/posts"}],"about":[{"href":"https:\/\/infois.ro\/index.php?rest_route=\/wp\/v2\/types\/post"}],"author":[{"embeddable":true,"href":"https:\/\/infois.ro\/index.php?rest_route=\/wp\/v2\/users\/2"}],"replies":[{"embeddable":true,"href":"https:\/\/infois.ro\/index.php?rest_route=%2Fwp%2Fv2%2Fcomments&post=51894"}],"version-history":[{"count":1,"href":"https:\/\/infois.ro\/index.php?rest_route=\/wp\/v2\/posts\/51894\/revisions"}],"predecessor-version":[{"id":51897,"href":"https:\/\/infois.ro\/index.php?rest_route=\/wp\/v2\/posts\/51894\/revisions\/51897"}],"wp:featuredmedia":[{"embeddable":true,"href":"https:\/\/infois.ro\/index.php?rest_route=\/wp\/v2\/media\/51895"}],"wp:attachment":[{"href":"https:\/\/infois.ro\/index.php?rest_route=%2Fwp%2Fv2%2Fmedia&parent=51894"}],"wp:term":[{"taxonomy":"category","embeddable":true,"href":"https:\/\/infois.ro\/index.php?rest_route=%2Fwp%2Fv2%2Fcategories&post=51894"},{"taxonomy":"post_tag","embeddable":true,"href":"https:\/\/infois.ro\/index.php?rest_route=%2Fwp%2Fv2%2Ftags&post=51894"}],"curies":[{"name":"wp","href":"https:\/\/api.w.org\/{rel}","templated":true}]}}