{"id":52206,"date":"2021-01-13T12:59:24","date_gmt":"2021-01-13T10:59:24","guid":{"rendered":"http:\/\/infois.ro\/?p=52206"},"modified":"2021-01-13T13:00:08","modified_gmt":"2021-01-13T11:00:08","slug":"primele-doua-proiecte-family-market-investitii-de-16-milioane-de-euro-vor-fi-dezvoltate-in-acest-an-de-compania-iulius-in-bucium-si-miroslava","status":"publish","type":"post","link":"https:\/\/infois.ro\/?p=52206","title":{"rendered":"Primele dou\u0103 proiecte Family Market, investi\u021bii de 16 milioane de euro, vor fi dezvoltate \u00een acest an de Compania Iulius, \u00een Bucium \u0219i Miroslava"},"content":{"rendered":"<p class=\"yiv5836477501Contact\" style=\"text-align: justify;\"><b><i><span lang=\"RO\"><a href=\"http:\/\/infois.ro\/wp-content\/uploads\/2021\/01\/Family-Market-Bucium-01.jpg\"><img loading=\"lazy\" decoding=\"async\" class=\"alignleft wp-image-52207\" src=\"http:\/\/infois.ro\/wp-content\/uploads\/2021\/01\/Family-Market-Bucium-01.jpg\" alt=\"\" width=\"455\" height=\"256\" srcset=\"https:\/\/infois.ro\/wp-content\/uploads\/2021\/01\/Family-Market-Bucium-01.jpg 640w, https:\/\/infois.ro\/wp-content\/uploads\/2021\/01\/Family-Market-Bucium-01-300x169.jpg 300w, https:\/\/infois.ro\/wp-content\/uploads\/2021\/01\/Family-Market-Bucium-01-140x80.jpg 140w\" sizes=\"(max-width: 455px) 100vw, 455px\" \/><\/a>*concepte de retail personalizate nevoilor comunit\u0103\u021bilor \u00een expansiune * investi\u021bii de peste 16 milioane de euro, realizate \u00een 2021 * servicii \u0219i facilit\u0103\u021bi selectate de locuitori * spa\u021bii verzi \u0219i atrac\u021bii de interac\u021biune social\u0103 * locuri de parcare dedicate \u0219i moderniz\u0103ri adiacente * platform\u0103 de sus\u021binere \u0219i promovare a antreprenorilor \u0219i produc\u0103torilor locali *\u00a0<\/span><\/i><\/b><\/p>\n<p class=\"yiv5836477501Contact\" style=\"text-align: justify;\"><span lang=\"RO\">\u00a0<\/span><\/p>\n<p class=\"yiv5836477501Contact\" style=\"text-align: justify;\"><b><span lang=\"RO\">Compania IULIUS<\/span><\/b><span lang=\"RO\">\u00a0va realiza anul acesta, \u00een jude\u021bul Ia\u0219i,\u00a0<b>primele dou\u0103 proiecte de retail\u00a0<\/b><\/span><a href=\"http:\/\/www.family-market.ro\/\" target=\"_blank\" rel=\"nofollow noopener noreferrer\"><b><span lang=\"RO\">Family Market<\/span><\/b><\/a><b><span lang=\"RO\">,<\/span><\/b><span lang=\"RO\">\u00a0noul concept care se pliaz\u0103 pe a\u0219tept\u0103rile \u0219i necesit\u0103\u021bile locuitorilor din zone reziden\u021biale \u00een expansiune.\u00a0<b>Comuna Miroslava<\/b>\u00a0\u0219i\u00a0<b>cartierul Bucium din Ia\u0219i<\/b>\u00a0vor beneficia de\u00a0<b>proiecte Family Market, care \u00eensumeaz\u0103 o investi\u021bie total\u0103 de 16 milioane de euro<\/b>. Pentru ambele dezvolt\u0103ri este \u00een desf\u0103\u0219urare procesul de autorizare,\u00a0<b>lucr\u0103rile vor demara \u00een prim\u0103vara acestui an<\/b>, iar termenul estimat de finalizare este ultimul trimestru din 2021.<\/span><\/p>\n<p class=\"yiv5836477501Contact\" style=\"text-align: justify;\"><span lang=\"RO\">\u00a0<a href=\"http:\/\/infois.ro\/wp-content\/uploads\/2021\/01\/Family-Market-Miroslava-01.jpg\"><img loading=\"lazy\" decoding=\"async\" class=\"wp-image-52208 alignright\" src=\"http:\/\/infois.ro\/wp-content\/uploads\/2021\/01\/Family-Market-Miroslava-01.jpg\" alt=\"\" width=\"420\" height=\"236\" srcset=\"https:\/\/infois.ro\/wp-content\/uploads\/2021\/01\/Family-Market-Miroslava-01.jpg 640w, https:\/\/infois.ro\/wp-content\/uploads\/2021\/01\/Family-Market-Miroslava-01-300x169.jpg 300w, https:\/\/infois.ro\/wp-content\/uploads\/2021\/01\/Family-Market-Miroslava-01-140x80.jpg 140w\" sizes=\"(max-width: 420px) 100vw, 420px\" \/><\/a><\/span><\/p>\n<p class=\"yiv5836477501Contact\" style=\"text-align: justify;\"><b><span lang=\"RO\">Family Market<\/span><\/b><span lang=\"RO\">\u00a0\u00eenseamn\u0103 un loc \u00een care ai acces la\u00a0<b>toate serviciile necesare, aproape de cas\u0103<\/b>, pun\u00e2nd accent pe eficien\u021b\u0103, sustenabilitate \u0219i valorificarea timpului. Proiectele sunt dezvoltate \u00een centrul unor zone cu densit\u0103\u021bi mari de popula\u021bie \u0219i r\u0103spund nevoilor particulare ale acestora,\u00a0<b>oferind economie de timp, acces la servicii inexistente \u00een arealul proxim, dar \u0219i un spa\u021biu social<\/b>. Pentru c\u0103 eficientizeaz\u0103 deplas\u0103rile \u00een ora\u0219 pentru accesarea unor servicii cotidiene, au un impact pozitiv \u0219i \u00een decongestionarea traficului.<\/span><\/p>\n<p class=\"yiv5836477501Contact\" style=\"text-align: justify;\"><span lang=\"RO\">\u00a0<\/span><\/p>\n<p class=\"yiv5836477501Contact\" style=\"text-align: justify;\"><b><i><span lang=\"RO\">\u201eExperien\u021ba de peste dou\u0103 decenii a companiei IULIUS \u00een realizarea \u0219i operarea unor proiecte mixte de amploare este sintetizat\u0103 \u00eentr-un format de retail de mici dimensiuni, personalizat nevoilor zonelor reziden\u021biale aflate \u00een continu\u0103 dezvoltare. Ne dorim s\u0103 oferim comunit\u0103\u021bilor, la doar doi pa\u0219i, toate serviciile \u0219i func\u021biunile pe care \u0219i le doresc, f\u0103r\u0103 a mai fi nevoi\u021bi s\u0103 piard\u0103 timp \u00een trafic pentru a le accesa. \u00cen acela\u0219i timp, reprezint\u0103 o platform\u0103 de sus\u021binere \u0219i promovare a produc\u0103torilor \u0219i antreprenorilor locali, care vor avea o prezen\u021b\u0103 majoritar\u0103. Pe scurt, Family Market u\u0219ureaz\u0103 via\u021ba familiilor \u0219i le ofer\u0103 facilit\u0103\u021bile unui stil de via\u021b\u0103 urban \u0219i actual, \u00een imediata apropiere\u201d,<\/span><\/i><\/b><b><span lang=\"RO\">\u00a0<\/span><\/b><span lang=\"RO\">a declarat<b>\u00a0Raluca Munteanu, Business Development Manager IULIUS.<\/b><\/span><\/p>\n<p class=\"yiv5836477501Contact\" style=\"text-align: justify;\"><span lang=\"RO\">\u00a0<a href=\"http:\/\/infois.ro\/wp-content\/uploads\/2021\/01\/Family-Market-Miroslava-02.jpg\"><img loading=\"lazy\" decoding=\"async\" class=\"wp-image-52210 alignleft\" src=\"http:\/\/infois.ro\/wp-content\/uploads\/2021\/01\/Family-Market-Miroslava-02.jpg\" alt=\"\" width=\"380\" height=\"214\" srcset=\"https:\/\/infois.ro\/wp-content\/uploads\/2021\/01\/Family-Market-Miroslava-02.jpg 640w, https:\/\/infois.ro\/wp-content\/uploads\/2021\/01\/Family-Market-Miroslava-02-300x169.jpg 300w, https:\/\/infois.ro\/wp-content\/uploads\/2021\/01\/Family-Market-Miroslava-02-140x80.jpg 140w\" sizes=\"(max-width: 380px) 100vw, 380px\" \/><\/a><\/span><\/p>\n<p class=\"yiv5836477501Contact\" style=\"text-align: justify;\"><span lang=\"RO\">Formatul de mici dimensiuni integreaz\u0103 at\u00e2t\u00a0<b>supermarket,<\/b>\u00a0c\u00e2t \u0219i\u00a0<b>un mix personalizat de servicii \u0219i loca\u021bii ale produc\u0103torilor locali:\u00a0<\/b>carmangerie, fast-food, brut\u0103rie, b\u0103c\u0103nie, cofet\u0103rie, coffee shop, wine shop, spice&amp;deli, produse naturiste, servicii de telefonie mobil\u0103, farmacie, croitorie \u0219i cur\u0103\u021b\u0103torie, coafor, barber shop, articole de gr\u0103din\u0103, pet-shop, articole cas\u0103&amp;fashion, servicii medicale, agen\u021bie turism, flor\u0103rie etc. Ambele proiecte includ \u0219i\u00a0<b>parcuri amenajate \u0219i spa\u021bii de recreere<\/b>, consolidate \u00een\u00a0<b>zone de interac\u021biune social\u0103.<\/b><\/span><\/p>\n<p class=\"yiv5836477501Contact\" style=\"text-align: justify;\"><span lang=\"RO\">\u00a0<a href=\"http:\/\/infois.ro\/wp-content\/uploads\/2021\/01\/Family-Market-Miroslava-03.jpg\"><img loading=\"lazy\" decoding=\"async\" class=\"wp-image-52212 alignright\" src=\"http:\/\/infois.ro\/wp-content\/uploads\/2021\/01\/Family-Market-Miroslava-03.jpg\" alt=\"\" width=\"364\" height=\"205\" srcset=\"https:\/\/infois.ro\/wp-content\/uploads\/2021\/01\/Family-Market-Miroslava-03.jpg 640w, https:\/\/infois.ro\/wp-content\/uploads\/2021\/01\/Family-Market-Miroslava-03-300x169.jpg 300w, https:\/\/infois.ro\/wp-content\/uploads\/2021\/01\/Family-Market-Miroslava-03-140x80.jpg 140w\" sizes=\"(max-width: 364px) 100vw, 364px\" \/><\/a><\/span><\/p>\n<p class=\"yiv5836477501Contact\" style=\"text-align: justify;\"><b><span lang=\"RO\">Family Market din comuna Miroslava,<\/span><\/b><span lang=\"RO\">\u00a0parte din zona metropolitan\u0103 a Ia\u0219ului, va avea o suprafa\u021b\u0103 \u00eenchiriabil\u0103 de retail de\u00a0<b>aproximativ 7.700 mp<\/b>\u00a0\u0219i reprezint\u0103<b>\u00a0o investi\u021bie de aproximativ 7 milioane de euro.\u00a0<\/b>Proiectul se dezvolt\u0103 \u00een parteneriat cu Prim\u0103ria Miroslava, \u00een imediata vecin\u0103tate a institu\u021biei. Pe l\u00e2ng\u0103 supermarket \u0219i servicii, va fi amenajat \u0219i un\u00a0<b>parc de circa 4.200 mp, singurul din comun\u0103, cu arbori maturi, gazon \u0219i plante decorative, dar \u0219i alei pietonale, f\u00e2nt\u00e2n\u0103 artezian\u0103<\/b>\u00a0\u0219i<b>\u00a0un monument dedicat eroilor.<\/b>\u00a0Proiectul include \u0219i o\u00a0<b>sal\u0103 de evenimente<\/b>, dar \u0219i concepte de recreere pentru toate v\u00e2rstele. \u00cen plus, investi\u021bia presupune crearea a\u00a0<b>137 de locuri de parcare<\/b>, dar \u0219i\u00a0<b>lucr\u0103ri de modernizare a infrastructurii, prin l\u0103rgirea str\u0103zii adiacente \u0219i reamenajarea sta\u021biei de transport \u00een comun din zon\u0103.<i><\/i><\/b><\/span><\/p>\n<p class=\"yiv5836477501Contact\" style=\"text-align: justify;\"><span lang=\"RO\">\u00a0<a href=\"http:\/\/infois.ro\/wp-content\/uploads\/2021\/01\/Family-Market-Bucium-02.jpg\"><img loading=\"lazy\" decoding=\"async\" class=\"alignleft wp-image-52209\" src=\"http:\/\/infois.ro\/wp-content\/uploads\/2021\/01\/Family-Market-Bucium-02.jpg\" alt=\"\" width=\"377\" height=\"219\" srcset=\"https:\/\/infois.ro\/wp-content\/uploads\/2021\/01\/Family-Market-Bucium-02.jpg 640w, https:\/\/infois.ro\/wp-content\/uploads\/2021\/01\/Family-Market-Bucium-02-300x174.jpg 300w, https:\/\/infois.ro\/wp-content\/uploads\/2021\/01\/Family-Market-Bucium-02-139x80.jpg 139w, https:\/\/infois.ro\/wp-content\/uploads\/2021\/01\/Family-Market-Bucium-02-140x80.jpg 140w\" sizes=\"(max-width: 377px) 100vw, 377px\" \/><\/a><\/span><\/p>\n<p class=\"yiv5836477501Contact\" style=\"text-align: justify;\"><b><span lang=\"RO\">Family Market din<\/span><\/b><span lang=\"RO\">\u00a0<b>Bucium,\u00a0<\/b>un cartier \u00een continu\u0103 expansiune al Ia\u0219ului, va fi integrat \u00eentr-un proiect reziden\u021bial \u00een dezvoltare de l\u00e2ng\u0103 Institutul de Psihiatrie \u201eSocola\u201d Ia\u0219i, care apar\u021bine altei companii, ce nu face parte din grupul IULIUS. Va avea<b>\u00a0aproximativ 7.100 mp suprafa\u021b\u0103 \u00eenchiriabil\u0103<\/b>\u00a0pentru supermarket \u0219i servicii \u0219i reprezint\u0103\u00a0<b>o investi\u021bie de 9 milioane de euro<\/b>. Ca parte a proiectului vor fi create\u00a0<b>peste 5.000 mp de spa\u021bii verzi, alei de acces \u0219i de promenad\u0103<\/b>, precum \u0219i\u00a0<b>188 de locuri de parcare.<\/b><\/span><\/p>\n<p class=\"yiv5836477501Contact\" style=\"text-align: justify;\"><span lang=\"RO\">\u00a0<a href=\"http:\/\/infois.ro\/wp-content\/uploads\/2021\/01\/Family-Market-Bucium-03.jpg\"><img loading=\"lazy\" decoding=\"async\" class=\"wp-image-52211 alignright\" src=\"http:\/\/infois.ro\/wp-content\/uploads\/2021\/01\/Family-Market-Bucium-03.jpg\" alt=\"\" width=\"391\" height=\"220\" srcset=\"https:\/\/infois.ro\/wp-content\/uploads\/2021\/01\/Family-Market-Bucium-03.jpg 640w, https:\/\/infois.ro\/wp-content\/uploads\/2021\/01\/Family-Market-Bucium-03-300x169.jpg 300w, https:\/\/infois.ro\/wp-content\/uploads\/2021\/01\/Family-Market-Bucium-03-140x80.jpg 140w\" sizes=\"(max-width: 391px) 100vw, 391px\" \/><\/a><\/span><\/p>\n<p class=\"yiv5836477501Contact\" style=\"text-align: justify;\"><span lang=\"RO\">Pentru c\u0103 ideile cele mai bune vin din comunitate, sugestii privind serviciile \u0219i facilit\u0103\u021bile pe care locuitorii din zon\u0103 \u0219i le doresc aproape de cas\u0103 pot fi transmise prin platforma\u00a0<\/span><a href=\"http:\/\/www.family-market.ro\/\" target=\"_blank\" rel=\"nofollow noopener noreferrer\"><b><span lang=\"RO\">www.family-market.ro<\/span><\/b><\/a><b><span lang=\"RO\">.<\/span><\/b><span lang=\"RO\">\u00a0De asemenea, antreprenorii \u0219i produc\u0103torii care doresc mai multe informa\u021bii despre oportunit\u0103\u021bile generate de cele dou\u0103 proiecte\u00a0<\/span><a href=\"https:\/\/www.facebook.com\/familymarketiasi\" target=\"_blank\" rel=\"nofollow noopener noreferrer\"><span lang=\"RO\">Family Market<\/span><\/a><span lang=\"RO\">\u00a0pot intra \u00een contact cu echipa de dezvoltare pe email\u00a0<\/span><a href=\"mailto:%C3%AEnchirieri@family-market.ro\" target=\"_blank\" rel=\"nofollow noopener noreferrer\"><b><span lang=\"RO\">\u00eenchirieri@family-market.ro<\/span><\/b><\/a><b>\u00a0<\/b><span lang=\"RO\">sau la\u00a0<b>telefon 0722 528 695\u00a0<\/b>ori<b>\u00a00232 208 812.<\/b><\/span><\/p>\n<p class=\"yiv5836477501Contact\" style=\"text-align: justify;\"><span lang=\"RO\">\u00a0<\/span><\/p>\n","protected":false},"excerpt":{"rendered":"<p>*concepte de retail personalizate nevoilor comunit\u0103\u021bilor \u00een expansiune * investi\u021bii de peste 16 milioane de&#8230; <a class=\"meta-more\" href=\"https:\/\/infois.ro\/?p=52206\">more <span class=\"meta-nav\">&raquo;<\/span><\/a><\/p>\n","protected":false},"author":2,"featured_media":52207,"comment_status":"closed","ping_status":"closed","sticky":false,"template":"","format":"standard","meta":{"footnotes":""},"categories":[6,41],"tags":[74,10282,13522,40,4891],"aioseo_notices":[],"_links":{"self":[{"href":"https:\/\/infois.ro\/index.php?rest_route=\/wp\/v2\/posts\/52206"}],"collection":[{"href":"https:\/\/infois.ro\/index.php?rest_route=\/wp\/v2\/posts"}],"about":[{"href":"https:\/\/infois.ro\/index.php?rest_route=\/wp\/v2\/types\/post"}],"author":[{"embeddable":true,"href":"https:\/\/infois.ro\/index.php?rest_route=\/wp\/v2\/users\/2"}],"replies":[{"embeddable":true,"href":"https:\/\/infois.ro\/index.php?rest_route=%2Fwp%2Fv2%2Fcomments&post=52206"}],"version-history":[{"count":2,"href":"https:\/\/infois.ro\/index.php?rest_route=\/wp\/v2\/posts\/52206\/revisions"}],"predecessor-version":[{"id":52214,"href":"https:\/\/infois.ro\/index.php?rest_route=\/wp\/v2\/posts\/52206\/revisions\/52214"}],"wp:featuredmedia":[{"embeddable":true,"href":"https:\/\/infois.ro\/index.php?rest_route=\/wp\/v2\/media\/52207"}],"wp:attachment":[{"href":"https:\/\/infois.ro\/index.php?rest_route=%2Fwp%2Fv2%2Fmedia&parent=52206"}],"wp:term":[{"taxonomy":"category","embeddable":true,"href":"https:\/\/infois.ro\/index.php?rest_route=%2Fwp%2Fv2%2Fcategories&post=52206"},{"taxonomy":"post_tag","embeddable":true,"href":"https:\/\/infois.ro\/index.php?rest_route=%2Fwp%2Fv2%2Ftags&post=52206"}],"curies":[{"name":"wp","href":"https:\/\/api.w.org\/{rel}","templated":true}]}}