{"id":52483,"date":"2021-01-28T11:39:21","date_gmt":"2021-01-28T09:39:21","guid":{"rendered":"http:\/\/infois.ro\/?p=52483"},"modified":"2021-01-28T11:39:21","modified_gmt":"2021-01-28T09:39:21","slug":"compania-iulius-si-facultatea-de-economie-si-administrarea-afacerilor-din-iasi-lanseaza-cursul-real-estate-business-management","status":"publish","type":"post","link":"https:\/\/infois.ro\/?p=52483","title":{"rendered":"Compania IULIUS \u0219i Facultatea de Economie \u0219i Administrarea Afacerilor din Ia\u0219i lanseaz\u0103 cursul Real Estate Business Management"},"content":{"rendered":"<p><a href=\"http:\/\/infois.ro\/wp-content\/uploads\/2021\/01\/Curs-Real-Estate-Business-Management.jpg\"><img loading=\"lazy\" decoding=\"async\" class=\"alignleft  wp-image-52484\" src=\"http:\/\/infois.ro\/wp-content\/uploads\/2021\/01\/Curs-Real-Estate-Business-Management.jpg\" alt=\"\" width=\"415\" height=\"217\" srcset=\"https:\/\/infois.ro\/wp-content\/uploads\/2021\/01\/Curs-Real-Estate-Business-Management.jpg 640w, https:\/\/infois.ro\/wp-content\/uploads\/2021\/01\/Curs-Real-Estate-Business-Management-300x157.jpg 300w\" sizes=\"(max-width: 415px) 100vw, 415px\" \/><\/a><\/p>\n<p style=\"text-align: justify;\"><strong><em>Peste 140 de studen\u021bi s-au \u00eenscris, \u00een doar o s\u0103pt\u0103m\u00e2n\u0103, la cursul \u201eReal Estate Business Management\u201d organizat de compania IULIUS \u00een parteneriat cu Facultatea de Economie \u0219i Administrarea Afacerilor din cadrul Universit\u0103\u021bii \u201eAlexandru Ioan Cuza\u201d din Ia\u0219i. Cursul, care va fi sus\u021binut de profesioni\u0219ti din companie, confirm\u0103 implicarea activ\u0103 a IULIUS \u00een domeniul educa\u021bional \u0219i contribu\u021bia la formarea noilor genera\u021bii.<\/em><\/strong> <strong><em>La final, tinerii vor avea posibilitatea s\u0103 ob\u021bin\u0103 un internship pl\u0103tit la IULIUS. \u00a0<\/em><\/strong><\/p>\n<p style=\"text-align: justify;\">\n<p style=\"text-align: justify;\">Compania <strong>IULIUS <\/strong>are peste 30 de ani de experien\u021b\u0103 \u00een domeniul real-estate, fiind singurul dezvoltator \u0219i operator de proiecte mixed-use de regenerare urban\u0103 din \u021bar\u0103. Educa\u021bia este una dintre cele trei direc\u021bii \u00een care compania a ales s\u0103 se implice \u00een ora\u0219ele \u00een care este prezent\u0103, al\u0103turi de comunitate \u0219i mediu. De aceast\u0103 dat\u0103, cursul lansat \u00een parteneriat cu mediul universitar are scopul de a aduce realitatea din real-estate \u00een mijlocul tinerilor care \u00ee\u0219i doresc o carier\u0103 \u00een acest domeniu, printr-un transfer de experien\u021b\u0103 \u00eentre genera\u021bii. <strong><em>\u201ePe o pia\u0163\u0103 a muncii dinamic\u0103, precum cea din Rom\u00e2nia, o combina\u0163ie real\u0103 \u00eentre teorie \u015fi practic\u0103 este de preferat pentru cei care caut\u0103 succesul. \u00cen acest sens, speciali\u015ftii IULIUS vin \u00een \u00eent\u00e2mpinarea nevoii studen\u0163ilor no\u015ftri de a se apropia de realitatea imediat\u0103, oferind o cale de a \u00een\u0163elege aplicabilitatea cuno\u015ftin\u0163elor dob\u00e2ndite, determin\u00e2nd fixarea cuno\u015ftin\u0163elor \u00een memorie \u015fi, ulterior, transformarea lor \u00een comportamente\u201d, <\/em><\/strong>a declarat <strong>prof. univ. dr. Teodora Roman, decanul Facult\u0103\u021bii de Economie \u0219i Administrarea Afacerilor (FEAA) din cadrul Universit\u0103\u021bii \u201eAlexandru Ioan Cuza\u201d din Ia\u0219i. <\/strong><\/p>\n<p style=\"text-align: justify;\">\n<p style=\"text-align: justify;\">\u00cencep\u00e2nd cu <strong>semestrul al doilea al anului universitar 2020 \u2013 2021, <\/strong>studen\u021bii din <strong>anul I<\/strong> de la <strong>programele de masterat <\/strong>din domeniile <strong>Management, Marketing <\/strong>\u0219i<strong> Administrarea Afacerilor<\/strong> din cadrul <strong>FEAA<\/strong> au posibilitatea de a participa <strong>gratuit <\/strong>la <strong>cursul \u201eReal Estate Business Management\u201d, <\/strong>o introducere aplicat\u0103 \u00een domeniul dezvolt\u0103rii \u0219i oper\u0103rii proiectelor mixed-use, centrelor comerciale \u0219i cl\u0103dirilor de birouri. Disciplina este facultativ\u0103, presupune dou\u0103 ore de curs \u0219i dou\u0103 ore de seminar pe s\u0103pt\u0103m\u00e2n\u0103 \u0219i va fi predat\u0103 de speciali\u0219ti cu experien\u021b\u0103 din compania IULIUS, din sfere diferite de activitate. Pe parcursul \u00eentregului semestru, studen\u021bii vor \u00eenv\u0103\u021ba despre managementul activelor, cel opera\u021bional \u0219i tehnic, \u00eenchirieri, prospectare \u0219i selec\u021bia chiria\u0219ilor, gestionare financiar\u0103, indicatori de performan\u021b\u0103, marketing \u0219i comunicare \u0219i multe altele, ancorate \u00een situa\u021bii concrete \u0219i aplicabile unui portofoliu vast de propriet\u0103\u021bi.<\/p>\n<p style=\"text-align: justify;\"><a href=\"http:\/\/infois.ro\/wp-content\/uploads\/2021\/01\/Ansamblul-Palas-Iasi.jpg\"><img loading=\"lazy\" decoding=\"async\" class=\"wp-image-52485 alignright\" src=\"http:\/\/infois.ro\/wp-content\/uploads\/2021\/01\/Ansamblul-Palas-Iasi.jpg\" alt=\"\" width=\"355\" height=\"236\" srcset=\"https:\/\/infois.ro\/wp-content\/uploads\/2021\/01\/Ansamblul-Palas-Iasi.jpg 640w, https:\/\/infois.ro\/wp-content\/uploads\/2021\/01\/Ansamblul-Palas-Iasi-300x200.jpg 300w\" sizes=\"(max-width: 355px) 100vw, 355px\" \/><\/a><\/p>\n<p style=\"text-align: justify;\"><strong><em>\u201eResponsabilitatea IULIUS ca dezvoltator, dar \u0219i ca membru al comunit\u0103\u021bii, transcede limitele unei companii obi\u0219nuite. \u00cen contextul \u00een care, zilnic, interac\u021bion\u0103m cu 150.000 de vizitatori \u0219i peste 15.000 de angaja\u021bi din cl\u0103dirile de birouri, investi\u021bia \u00een formarea noilor genera\u021bii este un pariu pe continuitatea unei societ\u0103\u021bi sustenabile. Astfel, credem c\u0103 implic\u00e2ndu-ne \u00een sistemul educa\u021bional, ne ajut\u0103m \u0219i pe noi \u00een\u0219ine, prin preg\u0103tirea unor viitori speciali\u0219ti \u00een domeniu, dar reu\u0219im \u0219i s\u0103 diversific\u0103m abilit\u0103\u021bile \u0219i cuno\u0219tin\u021bele pie\u021bei muncii. \u00cen plus, am \u00eencercat s\u0103 cre\u0103m un curs axat \u00een totalitate pe partea practic\u0103, care le ofer\u0103 tinerilor ocazia s\u0103 interac\u021bioneze cu aspecte ancorate \u00een realitatea de zi cu zi a proiectelor pe care le administr\u0103m\u201d,<\/em><\/strong> a declarat<strong> Sebastian Mahu, Head of Asset Management IULIUS<\/strong>.<\/p>\n<p style=\"text-align: justify;\"><strong><em>\u00a0<\/em><\/strong><\/p>\n<p style=\"text-align: justify;\">Cursul va fi sus\u021binut de c\u0103tre <strong>Nicolae Ghiba, Coordonator Activit\u0103\u021bi Financiare de Operare IULIUS <\/strong>\u0219i <strong>doctor \u00een Finan\u021be<\/strong>, \u0219i <strong>Sebastian Mahu, Head of Asset Management IULIUS<\/strong>, cu sprijinul altor speciali\u0219ti din companie. Pentru c\u0103 s-au \u00eenscris mai multe persoane dec\u00e2t locurile disponibile, va fi realizat\u0103 o etap\u0103 de selec\u021bie. Dup\u0103 finalizarea cursului, tinerii vor avea posibilitatea s\u0103 urmeze un internship pl\u0103tit \u00een cadrul companiei IULIUS, iar disciplina va figura \u00een suplimentul care \u00eenso\u021be\u0219te diploma programului de masterat.<\/p>\n<p style=\"text-align: justify;\">***<\/p>\n<p style=\"text-align: justify;\"><strong>Proiectele IULIUS &#8211; focus pe\u00a0 educa\u021bie, comunitate \u0219i mediu<\/strong><\/p>\n<p style=\"text-align: justify;\">\n<p style=\"text-align: justify;\">\u00cen 2020, IULIUS a atins 20 de ani de prezen\u021b\u0103 pe pia\u021ba autohton\u0103 cu acest nume, moment marcat prin ac\u021biuni aniversare pe cele trei direc\u021bii de implicare ale grupului: <a href=\"https:\/\/www.iuliusincomunitate.ro\/\">educa\u021bie, comunitate \u0219i mediu.<\/a> Ac\u021biunea dedicat\u0103 educa\u021biei este sus\u021binerea cursului universitar \u201e<strong>Real Estate Business Management\u201d <\/strong>de c\u0103tre speciali\u0219tii din companie, o continuare a programului \u201eIa\u0219i, ora\u0219ul viitorului t\u0103u\u201d, demarat \u00eenc\u0103 din 2018, cu scopul de a promova ora\u0219ul drept un centru academic puternic, cu multiple oportunit\u0103\u021bi de carier\u0103.<\/p>\n<p style=\"text-align: justify;\">\n<p style=\"text-align: justify;\">Ini\u021biativa orientat\u0103 spre comunitate este lansarea noului concept de retail <a href=\"https:\/\/www.family-market.ro\/\">Family Market<\/a>, focusat pe zonele reziden\u021biale \u00een expansiune \u0219i personalizat pe nevoile locuitorilor. Primele dou\u0103 astfel de proiecte se vor dezvolta \u00een jude\u021bul Ia\u0219i (comuna Miroslava \u0219i cartierul Bucium), reprezint\u0103 o investi\u021bie total\u0103 de 16 milioane de euro \u0219i vor fi realizate \u00een acest an.<\/p>\n<p style=\"text-align: justify;\">\n<p style=\"text-align: justify;\">Ac\u021biunea dedicat\u0103 mediului presupune lansarea unei platforme interactive de prezentare a parcurilor realizate de compania IULIUS, un element de unicitate al proiectelor sale de regenerare urban\u0103. <a href=\"http:\/\/www.iuliusgardens.ro\">www.iuliusgardens.ro<\/a> reprezint\u0103 un tur virtual al gr\u0103dinilor, dar \u0219i o mini enciclopedie a ecosistemului dezvoltat \u00een cadrul lor.<\/p>\n<p style=\"text-align: justify;\">\n<p style=\"text-align: justify;\">\n<p style=\"text-align: justify;\">\n","protected":false},"excerpt":{"rendered":"<p>Peste 140 de studen\u021bi s-au \u00eenscris, \u00een doar o s\u0103pt\u0103m\u00e2n\u0103, la cursul \u201eReal Estate Business&#8230; <a class=\"meta-more\" href=\"https:\/\/infois.ro\/?p=52483\">more <span class=\"meta-nav\">&raquo;<\/span><\/a><\/p>\n","protected":false},"author":2,"featured_media":52484,"comment_status":"closed","ping_status":"closed","sticky":false,"template":"","format":"standard","meta":{"footnotes":""},"categories":[6,41],"tags":[74,10282,2248,10043,40,13991,2334],"aioseo_notices":[],"_links":{"self":[{"href":"https:\/\/infois.ro\/index.php?rest_route=\/wp\/v2\/posts\/52483"}],"collection":[{"href":"https:\/\/infois.ro\/index.php?rest_route=\/wp\/v2\/posts"}],"about":[{"href":"https:\/\/infois.ro\/index.php?rest_route=\/wp\/v2\/types\/post"}],"author":[{"embeddable":true,"href":"https:\/\/infois.ro\/index.php?rest_route=\/wp\/v2\/users\/2"}],"replies":[{"embeddable":true,"href":"https:\/\/infois.ro\/index.php?rest_route=%2Fwp%2Fv2%2Fcomments&post=52483"}],"version-history":[{"count":1,"href":"https:\/\/infois.ro\/index.php?rest_route=\/wp\/v2\/posts\/52483\/revisions"}],"predecessor-version":[{"id":52486,"href":"https:\/\/infois.ro\/index.php?rest_route=\/wp\/v2\/posts\/52483\/revisions\/52486"}],"wp:featuredmedia":[{"embeddable":true,"href":"https:\/\/infois.ro\/index.php?rest_route=\/wp\/v2\/media\/52484"}],"wp:attachment":[{"href":"https:\/\/infois.ro\/index.php?rest_route=%2Fwp%2Fv2%2Fmedia&parent=52483"}],"wp:term":[{"taxonomy":"category","embeddable":true,"href":"https:\/\/infois.ro\/index.php?rest_route=%2Fwp%2Fv2%2Fcategories&post=52483"},{"taxonomy":"post_tag","embeddable":true,"href":"https:\/\/infois.ro\/index.php?rest_route=%2Fwp%2Fv2%2Ftags&post=52483"}],"curies":[{"name":"wp","href":"https:\/\/api.w.org\/{rel}","templated":true}]}}