{"id":52600,"date":"2021-02-01T11:14:24","date_gmt":"2021-02-01T09:14:24","guid":{"rendered":"http:\/\/infois.ro\/?p=52600"},"modified":"2021-02-01T21:17:21","modified_gmt":"2021-02-01T19:17:21","slug":"cegeka-romania-lanseaza-programul-cegeka-academy-2021","status":"publish","type":"post","link":"https:\/\/infois.ro\/?p=52600","title":{"rendered":"Cegeka Rom\u00e2nia lanseaz\u0103 programul Cegeka Academy 2021"},"content":{"rendered":"<p><a href=\"http:\/\/infois.ro\/wp-content\/uploads\/2021\/02\/Cegeka-Academy-2021.jpg\"><img loading=\"lazy\" decoding=\"async\" class=\"alignleft  wp-image-52601\" src=\"http:\/\/infois.ro\/wp-content\/uploads\/2021\/02\/Cegeka-Academy-2021.jpg\" alt=\"\" width=\"445\" height=\"189\" srcset=\"https:\/\/infois.ro\/wp-content\/uploads\/2021\/02\/Cegeka-Academy-2021.jpg 640w, https:\/\/infois.ro\/wp-content\/uploads\/2021\/02\/Cegeka-Academy-2021-300x128.jpg 300w\" sizes=\"(max-width: 445px) 100vw, 445px\" \/><\/a><\/p>\n<p style=\"text-align: justify;\">Cegeka Rom\u00e2nia, furnizor important de solu\u021bii IT&amp;C cu sediul central \u00een Belgia, anun\u021b\u0103 demararea \u00eenscrierilor \u00een cadrul programului de educa\u021bie non-formal\u0103, Cegeka Academy, deschis pentru aproximativ 50 studen\u021bi din Bucure\u0219ti, Ia\u0219i \u0219i Bra\u0219ov, de la facult\u0103\u021bi tehnice, \u00een an terminal sau la master, care se vor al\u0103tura companiei de IT timp de 3 luni, \u00een perioada 1 martie \u2013 31 mai 2021. Aceast\u0103 academie presupune un program de \u00eent\u00e2lniri s\u0103pt\u0103m\u00e2nale online \u00eentre participan\u021bi \u0219i mentori &#8211; angaja\u021bii Cegeka Rom\u00e2nia- , unde studen\u021bii vor avea oportunitatea s\u0103 \u00eenve\u021be direct de la ace\u0219tia no\u021biuni de programare \u00een limbajele Java \u0219i .Net. Persoanele interesate pot aplica la <a href=\"mailto:academy2021@cegeka.com\">academy2021@cegeka.com<\/a> trimi\u021b\u00e2nd CV-ul \u0219i scrisoarea de inten\u021bie, ambele \u00een limba englez\u0103, p\u00e2n\u0103 pe 15 februarie.<\/p>\n<p style=\"text-align: justify;\">Pe l\u00e2ng\u0103 no\u021biunile tehnice, Cegeka Academy le ofer\u0103 participan\u021bilor ghidare \u0219i orientare \u00een carier\u0103, oferit\u0103 de c\u0103tre speciali\u0219tii \u00een resurse umane ai companiei. Astfel, ei vor afla mai multe despre alc\u0103tuirea unui CV de succes, despre cum pot s\u0103 \u00ee\u0219i eviden\u021bieze abilit\u0103\u021bile tehnice \u0219i despre cum s\u0103 se preg\u0103teasc\u0103 pentru un interviu. La finalul programului, participan\u021bii implica\u021bi activ vor avea ocazia s\u0103 devin\u0103 parte din echipa Cegeka.<\/p>\n<p style=\"text-align: justify;\"><em>\u201eLa Cegeka Romania investim \u00een educa\u021bia elevilor \u0219i a studen\u021bilor \u0219i suntem preocupa\u021bi de dezvoltarea lor, at\u00e2t pe plan tehnic, Cegeka fiind o companie IT, c\u00e2t \u0219i \u00een planul abilita\u021bilor de comunicare, public speaking, managementului timpului sau al task-urilor. \u00cen cadrul acestui program, ne dorim s\u0103 \u00eent\u00e2lnim tineri dornici s\u0103 \u00eenve\u021be de la profesioni\u0219ti Java \u0219i .Net, care, la final de program, pot avea op\u021biunea s\u0103 r\u0103m\u00e2n\u0103 al\u0103turi de noi\u201d<\/em>, declar\u0103 <strong>Andra Antonescu, HR Director, Cegeka Rom\u00e2nia.<\/strong><\/p>\n<p style=\"text-align: justify;\"><em>\u201eNe dorim s\u0103 atragem c\u00e2t mai mul\u021bi tineri cu poten\u021bial \u00een domeniul IT, dornici s\u0103 dob\u00e2ndeasc\u0103 cuno\u0219tin\u021be practice \u0219i care vor s\u0103 devin\u0103 speciali\u0219ti \u00een Java \u0219i .Net. Tocmai pentru a le asigura o perspectiv\u0103 mai larg\u0103 asupra business-ului, participan\u021bii vor face cuno\u0219tin\u021b\u0103 prin intermediul mentorilor, cu provoc\u0103rile unei companii de IT. Dezvoltarea profesional\u0103 a acestora este o prioritate pentru Cegeka\u201d,<\/em> spune <strong>Ovidiu Pinghioiu, Director Applications &#8211; Profit Center, Cegeka Rom\u00e2nia. <\/strong><\/p>\n<p style=\"text-align: justify;\"><strong>\u00a0<\/strong><\/p>\n<p style=\"text-align: justify;\"><strong>Despre Cegeka Rom\u00e2nia<\/strong><\/p>\n<p style=\"text-align: justify;\">Prezent\u0103 \u00een Rom\u00e2nia de peste 15 ani, Cegeka e deja un nume cunoscut pe pia\u021ba de IT. Cu peste 6,000 angaja\u021bi la nivel de grup \u00een Europa, dintre care aproximativ 600 \u00een Rom\u00e2nia, Cegeka este un furnizor important de solu\u021bii IT&amp;C cu sediul central \u00een Belgia, fiind axat\u0103 pe dezvoltarea, implementarea \u0219i managementul de aplica\u021bii IT \u0219i al infrastructurii, pentru companii medii \u0219i mari.<\/p>\n","protected":false},"excerpt":{"rendered":"<p>Cegeka Rom\u00e2nia, furnizor important de solu\u021bii IT&amp;C cu sediul central \u00een Belgia, anun\u021b\u0103 demararea \u00eenscrierilor&#8230; <a class=\"meta-more\" href=\"https:\/\/infois.ro\/?p=52600\">more <span class=\"meta-nav\">&raquo;<\/span><\/a><\/p>\n","protected":false},"author":2,"featured_media":52601,"comment_status":"closed","ping_status":"closed","sticky":false,"template":"","format":"standard","meta":{"footnotes":""},"categories":[6,41],"tags":[74,14003,40,5263,14004],"aioseo_notices":[],"_links":{"self":[{"href":"https:\/\/infois.ro\/index.php?rest_route=\/wp\/v2\/posts\/52600"}],"collection":[{"href":"https:\/\/infois.ro\/index.php?rest_route=\/wp\/v2\/posts"}],"about":[{"href":"https:\/\/infois.ro\/index.php?rest_route=\/wp\/v2\/types\/post"}],"author":[{"embeddable":true,"href":"https:\/\/infois.ro\/index.php?rest_route=\/wp\/v2\/users\/2"}],"replies":[{"embeddable":true,"href":"https:\/\/infois.ro\/index.php?rest_route=%2Fwp%2Fv2%2Fcomments&post=52600"}],"version-history":[{"count":1,"href":"https:\/\/infois.ro\/index.php?rest_route=\/wp\/v2\/posts\/52600\/revisions"}],"predecessor-version":[{"id":52602,"href":"https:\/\/infois.ro\/index.php?rest_route=\/wp\/v2\/posts\/52600\/revisions\/52602"}],"wp:featuredmedia":[{"embeddable":true,"href":"https:\/\/infois.ro\/index.php?rest_route=\/wp\/v2\/media\/52601"}],"wp:attachment":[{"href":"https:\/\/infois.ro\/index.php?rest_route=%2Fwp%2Fv2%2Fmedia&parent=52600"}],"wp:term":[{"taxonomy":"category","embeddable":true,"href":"https:\/\/infois.ro\/index.php?rest_route=%2Fwp%2Fv2%2Fcategories&post=52600"},{"taxonomy":"post_tag","embeddable":true,"href":"https:\/\/infois.ro\/index.php?rest_route=%2Fwp%2Fv2%2Ftags&post=52600"}],"curies":[{"name":"wp","href":"https:\/\/api.w.org\/{rel}","templated":true}]}}