{"id":52854,"date":"2021-02-17T16:00:32","date_gmt":"2021-02-17T14:00:32","guid":{"rendered":"http:\/\/infois.ro\/?p=52854"},"modified":"2021-02-17T16:00:32","modified_gmt":"2021-02-17T14:00:32","slug":"amplu-proces-de-reabilitare-a-corpului-principal-al-usamv","status":"publish","type":"post","link":"https:\/\/infois.ro\/?p=52854","title":{"rendered":"Amplu proces de reabilitare a Corpului principal al USAMV"},"content":{"rendered":"<p><a href=\"http:\/\/infois.ro\/wp-content\/uploads\/2014\/09\/usamv.jpg\"><img loading=\"lazy\" decoding=\"async\" class=\"alignleft  wp-image-13407\" src=\"http:\/\/infois.ro\/wp-content\/uploads\/2014\/09\/usamv.jpg\" alt=\"\" width=\"404\" height=\"303\" srcset=\"https:\/\/infois.ro\/wp-content\/uploads\/2014\/09\/usamv.jpg 600w, https:\/\/infois.ro\/wp-content\/uploads\/2014\/09\/usamv-300x225.jpg 300w\" sizes=\"(max-width: 404px) 100vw, 404px\" \/><\/a><\/p>\n<p style=\"text-align: justify;\">Cl\u0103direa principal\u0103 a Universit\u0103\u021bii de \u0218tiin\u021be Agricole \u0219i Medicin\u0103 Veterinar\u0103 \u201dIon Ionescu de la Brad\u201d din Ia\u0219i (Corp-A) a intrat \u00eentr-un amplu proces de reabilitare, care are ca scop consolidarea \u0219i refacerea integral\u0103 a corpului principal, unde, pe l\u00e2ng\u0103 sediul a dou\u0103 facult\u0103\u021bi (Agricultur\u0103 \u0219i Horticultur\u0103) se afl\u0103 \u0219i zona administrativ\u0103. Pe l\u00e2ng\u0103 Aula Magna \u201dHaralamb Vasiliu\u201d vor fi renovate complet 4 amfiteatre, s\u0103li de seminarii, laboratoare \u0219i s\u0103li de conferin\u021be \u0219i va fi instalat un lift exterior. \u201c\u00cen Aula Magna se lucreaz\u0103 \u00een momentul de fa\u021b\u0103 la consolidarea structurii de rezisten\u021b\u0103, vor fi schimbate instala\u021biile electrice, termice, sanitare, mobilierul \u0219i va fi montat\u0103 o unitate central\u0103 pentru aer condi\u021bionat pe acoperi\u0219ul cl\u0103dirii. Interven\u021biile prev\u0103zute pentru acest obiectiv, schimbarea componentelor tehnice, ingineriei de sunet, lumini \u0219i sonorizare, vor face ca Aula Magna s\u0103 se transforme \u00eentr-o loca\u021bie excelent\u0103 pentru sus\u021binerea spectacolelor sau evenimentelor educa\u021bionale \u0219i social-culturale de mare anvergur\u0103. Finalizarea lucr\u0103rilor este prev\u0103zut\u0103 pentru vara acestui an, iar Aula va dispune de aproximativ 600 de locuri\u201d, precizeaz\u0103 reprezentan\u0163ii universit\u0103\u0163ii \u00eentr-un comunicat de pres\u0103. Dup\u0103 reabilitare \u0219i modernizare, amfiteatrele studen\u021be\u0219ti aflate \u00een cl\u0103direa principal\u0103 a USAMV Ia\u0219i vor avea o arhitectur\u0103 nou\u0103, modern\u0103, vor fi dotate at\u00e2t de mobilier nou, c\u00e2t \u0219i cu tehnologie de climatizare, sunet \u0219i proiec\u021bie de ultim\u0103 genera\u021bie. Finalizarea acestora este prev\u0103zut\u0103 pentru vara acestui an. \u201dFacultatea noastr\u0103 a demarat o serie de parteneriate public &#8211; privat\u00a0 denumite sugestiv &lt;Agribusiness-ul rom\u00e2nesc sus\u021bine educa\u021bia&gt;, iar \u00eentre obiectivele incluse \u00een contractele cu unii dintre partenerii no\u0219tri intr\u0103 \u0219i asigurarea fondurilor necesare moderniz\u0103rii unor spa\u021bii de \u00eenv\u0103\u021b\u0103m\u00e2nt aflate \u00een cl\u0103direa principal\u0103 a USAMV Ia\u0219i\u201d, declar\u0103 conf. univ. dr. Denis \u021aopa, decanul Facult\u0103\u021bii de Agricultur\u0103. Termenul de finalizare a lucr\u0103rilor de reabilitare a \u00eentregii cl\u0103diri principale a USAMV Ia\u0219i este prev\u0103zut pentru anul 2024, dar va fi devansat cu cel pu\u021bin un an, iar finan\u021barea este asigurat\u0103 din fonduri de la bugetul de stat \u0219i venituri proprii ale universit\u0103\u021bii.<\/p>\n","protected":false},"excerpt":{"rendered":"<p>Cl\u0103direa principal\u0103 a Universit\u0103\u021bii de \u0218tiin\u021be Agricole \u0219i Medicin\u0103 Veterinar\u0103 \u201dIon Ionescu de la Brad\u201d&#8230; <a class=\"meta-more\" href=\"https:\/\/infois.ro\/?p=52854\">more <span class=\"meta-nav\">&raquo;<\/span><\/a><\/p>\n","protected":false},"author":2,"featured_media":13407,"comment_status":"closed","ping_status":"closed","sticky":false,"template":"","format":"standard","meta":{"footnotes":""},"categories":[12,41],"tags":[74,2523,40,3112,2700,938],"aioseo_notices":[],"_links":{"self":[{"href":"https:\/\/infois.ro\/index.php?rest_route=\/wp\/v2\/posts\/52854"}],"collection":[{"href":"https:\/\/infois.ro\/index.php?rest_route=\/wp\/v2\/posts"}],"about":[{"href":"https:\/\/infois.ro\/index.php?rest_route=\/wp\/v2\/types\/post"}],"author":[{"embeddable":true,"href":"https:\/\/infois.ro\/index.php?rest_route=\/wp\/v2\/users\/2"}],"replies":[{"embeddable":true,"href":"https:\/\/infois.ro\/index.php?rest_route=%2Fwp%2Fv2%2Fcomments&post=52854"}],"version-history":[{"count":1,"href":"https:\/\/infois.ro\/index.php?rest_route=\/wp\/v2\/posts\/52854\/revisions"}],"predecessor-version":[{"id":52855,"href":"https:\/\/infois.ro\/index.php?rest_route=\/wp\/v2\/posts\/52854\/revisions\/52855"}],"wp:featuredmedia":[{"embeddable":true,"href":"https:\/\/infois.ro\/index.php?rest_route=\/wp\/v2\/media\/13407"}],"wp:attachment":[{"href":"https:\/\/infois.ro\/index.php?rest_route=%2Fwp%2Fv2%2Fmedia&parent=52854"}],"wp:term":[{"taxonomy":"category","embeddable":true,"href":"https:\/\/infois.ro\/index.php?rest_route=%2Fwp%2Fv2%2Fcategories&post=52854"},{"taxonomy":"post_tag","embeddable":true,"href":"https:\/\/infois.ro\/index.php?rest_route=%2Fwp%2Fv2%2Ftags&post=52854"}],"curies":[{"name":"wp","href":"https:\/\/api.w.org\/{rel}","templated":true}]}}