{"id":5310,"date":"2013-05-11T15:17:17","date_gmt":"2013-05-11T12:17:17","guid":{"rendered":"http:\/\/infois.ro\/?p=5310"},"modified":"2013-05-11T15:17:39","modified_gmt":"2013-05-11T12:17:39","slug":"concurs-de-idei-si-solutii-pentru-punerea-in-valoare-a-celor-mai-reprezentative-obiective-ale-iasului","status":"publish","type":"post","link":"https:\/\/infois.ro\/?p=5310","title":{"rendered":"Concurs de idei \u015fi solu\u0163ii pentru punerea \u00een valoare a celor mai reprezentative obiective ale Ia\u0219ului"},"content":{"rendered":"<p style=\"text-align: justify;\"><a class=\"highslide\" onclick=\"return vz.expand(this)\" href=\"http:\/\/infois.ro\/wp-content\/uploads\/2013\/05\/concurs-de-solutii.jpg\"><img loading=\"lazy\" decoding=\"async\" class=\"alignleft size-large wp-image-5311\" title=\"concurs de solutii\" src=\"http:\/\/infois.ro\/wp-content\/uploads\/cache\/2013\/05\/concurs-de-solutii\/120876178.jpg\" alt=\"\" width=\"640\" height=\"512\" \/><\/a><\/p>\n<p style=\"text-align: justify;\">Prim\u0103ria municipiului Ia\u015fi anun\u0163\u0103 lansarea unui concurs de solu\u0163ii privind punerea \u00een valoare a celor mai importate \u015fi reprezentative obiective ale ora\u015fului. Concursul este adresat tuturor speciali\u015ftilor (urbani\u015fti, peisagi\u015fti, arhitec\u0163i, ingineri etc), precum \u015fi studen\u0163ilor la facult\u0103\u0163ile de profil, solu\u0163iile oferite de ace\u0219tia urm\u00e2nd s\u0103 fie prezentate \u00eentr-o dezbatere public\u0103, la finalul lunii iunie. \u00a0\u201eAvem \u00een vedere \u00eentreaga zon\u0103 istoric\u0103 a Ia\u0219ului, \u00eencep\u00e2nd cu pietonalul L\u0103pu\u0219neanu, zona pietonal\u0103 Pia\u021ba Unirii, pietonalul \u0218tefan cel Mare \u0219i zona Teatrului Na\u021bional. De asemenea, concursul de proiecte va avea \u00een vedere \u015fi reabilitarea parcului Copou (refacerea aleilor, monumentul Obeliscul cu lei, f\u00e2nt\u00e2nile arteziene, mobilier, iluminatul parcului), precum \u015fi construirea unui skatepark modern, destinat at\u00e2t bicicli\u015ftilor, c\u00e2t \u015fi celor care \u00eendr\u0103gesc rolele, precum \u015fi un or\u0103\u015fel al copiilor, care s\u0103 fie folosit at\u00e2t iarna, c\u00e2t \u015fi vara\u201d, a declarat primarul Gheorghe Nichita. Concursul va fi organizat de c\u0103tre Prim\u0103ria municipiului Ia\u0219i, prin Institu\u021bia Arhitectului \u0218ef, \u00een colaborare cu Comisia Consultativ\u0103 a arhitec\u021bilor de la nivelul municipalit\u0103\u0163ii, \u00een urma \u015fedin\u0163elor de lucru care au avut loc recent la Palatul Roznovanu. Concursul va avea loc \u00eencep\u00e2nd cu a doua parte a lunii mai, p\u00e2n\u0103 la \u00eenceputul lunii iulie, urm\u00e2nd ca o comisie de jurizare, format\u0103 din exper\u0163i independen\u0163i, reprezentan\u0163ii Prim\u0103riei Ia\u015fi \u015fi ai societ\u0103\u0163ii civile ie\u015fene, s\u0103 selecteze cele mai bune proiecte, care vor fi supuse dezbaterii publice. \u201e\u00cempreun\u0103 cu speciali\u015ftii vom elabora regulamentul de concurs \u0219i vom stabili \u00een ce vor consta premiile pentru proiectele c\u00e2\u0219tig\u0103toare. Aceste detalii vor fi stabilite \u0219i anun\u021bate s\u0103pt\u0103m\u00e2na viitoare. Sper\u0103m ca p\u00e2n\u0103 la sf\u00e2r\u0219itul lunii iulie s\u0103 avem un proiect de ansamblu care s\u0103 fie agreat de speciali\u0219ti \u0219i de opinia public\u0103. Acesta va fi transformat apoi \u00eentr-un proiect tehnico-economic, pe care Prim\u0103ria municipiului Ia\u0219i \u00eel va implementa\u201d, a mai spus primarul Gheorghe Nichita. \u00cen func\u021bie de axele de finan\u021bare, municipalitatea dore\u015fte ca acest proiect s\u0103 fie depus pentru a fi bugetat, cu fonduri europene nerambursabile, \u00een cadrul exerci\u021biului financiar european 2014-2020. Exist\u0103 deja ora\u015fe \u00een Rom\u00e2nia care au primit investi\u0163ii din fonduri europene \u015fi care \u00ee\u015fi modific\u0103 zonele centrale, zonele istorice: Bucure\u015fti, Boto\u015fani, Timi\u015foara, etc. \u201eEste p\u0103cat pentru Ia\u015fi s\u0103 aib\u0103 oportunitatea de a ob\u0163ine fonduri nerambursabile pentru reabilitarea celor mai reprezentative zone din ora\u015f, iar noi, ca administra\u0163ie, dar \u015fi ca societate civil\u0103, s\u0103 nu facem nimic \u00een acest sens. Sunt milioane de euro pe care putem s\u0103-i atragem la Ia\u015fi \u015fi avem nevoie de concursul tuturor celor care doresc dezvoltarea acestui ora\u015f. E momentul s\u0103 devenim o singur\u0103 voce, scopul principal fiind dezvoltarea ora\u015fului. Iar dac\u0103 asta se poate face pe fonduri europene, cu at\u00e2t mai bine. Vreau, ca primar, s\u0103 pot prezenta \u00een fa\u0163a Comisiei Europene proiecte coerente, care se bucur\u0103 de sprijinul tuturor ie\u015fenilor\u201d, a mai precizat primarul.<\/p>\n","protected":false},"excerpt":{"rendered":"<p>Prim\u0103ria municipiului Ia\u015fi anun\u0163\u0103 lansarea unui concurs de solu\u0163ii privind punerea \u00een valoare a celor&#8230; <a class=\"meta-more\" href=\"https:\/\/infois.ro\/?p=5310\">more <span class=\"meta-nav\">&raquo;<\/span><\/a><\/p>\n","protected":false},"author":2,"featured_media":5311,"comment_status":"open","ping_status":"closed","sticky":false,"template":"","format":"standard","meta":{"footnotes":""},"categories":[1,41],"tags":[74,362,395,40,296],"aioseo_notices":[],"_links":{"self":[{"href":"https:\/\/infois.ro\/index.php?rest_route=\/wp\/v2\/posts\/5310"}],"collection":[{"href":"https:\/\/infois.ro\/index.php?rest_route=\/wp\/v2\/posts"}],"about":[{"href":"https:\/\/infois.ro\/index.php?rest_route=\/wp\/v2\/types\/post"}],"author":[{"embeddable":true,"href":"https:\/\/infois.ro\/index.php?rest_route=\/wp\/v2\/users\/2"}],"replies":[{"embeddable":true,"href":"https:\/\/infois.ro\/index.php?rest_route=%2Fwp%2Fv2%2Fcomments&post=5310"}],"version-history":[{"count":2,"href":"https:\/\/infois.ro\/index.php?rest_route=\/wp\/v2\/posts\/5310\/revisions"}],"predecessor-version":[{"id":5313,"href":"https:\/\/infois.ro\/index.php?rest_route=\/wp\/v2\/posts\/5310\/revisions\/5313"}],"wp:featuredmedia":[{"embeddable":true,"href":"https:\/\/infois.ro\/index.php?rest_route=\/wp\/v2\/media\/5311"}],"wp:attachment":[{"href":"https:\/\/infois.ro\/index.php?rest_route=%2Fwp%2Fv2%2Fmedia&parent=5310"}],"wp:term":[{"taxonomy":"category","embeddable":true,"href":"https:\/\/infois.ro\/index.php?rest_route=%2Fwp%2Fv2%2Fcategories&post=5310"},{"taxonomy":"post_tag","embeddable":true,"href":"https:\/\/infois.ro\/index.php?rest_route=%2Fwp%2Fv2%2Ftags&post=5310"}],"curies":[{"name":"wp","href":"https:\/\/api.w.org\/{rel}","templated":true}]}}