{"id":5327,"date":"2013-05-13T14:24:27","date_gmt":"2013-05-13T11:24:27","guid":{"rendered":"http:\/\/infois.ro\/?p=5327"},"modified":"2013-05-13T14:24:27","modified_gmt":"2013-05-13T11:24:27","slug":"parcare-subterana-cu-230-de-locuri-in-centrul-iasului","status":"publish","type":"post","link":"https:\/\/infois.ro\/?p=5327","title":{"rendered":"Parcare subteran\u0103 cu 230 de locuri \u00een centrul Ia\u0219ului"},"content":{"rendered":"<p style=\"text-align: justify;\"><a class=\"highslide\" onclick=\"return vz.expand(this)\" href=\"http:\/\/infois.ro\/wp-content\/uploads\/2013\/05\/parcare-tni.jpg\"><img loading=\"lazy\" decoding=\"async\" class=\"alignleft size-large wp-image-5328\" title=\"parcare tni\" src=\"http:\/\/infois.ro\/wp-content\/uploads\/cache\/2013\/05\/parcare-tni\/2797845475.jpg\" alt=\"\" width=\"640\" height=\"480\" \/><\/a><\/p>\n<p style=\"text-align: justify;\">\u00cen c\u00e2\u021biva ani, traficul infernal existent \u00een prezent \u00een centrul Ia\u0219ilor ar putea fi decongestionat, odat\u0103 cu realizarea de c\u0103tre Prim\u0103rie a unei parc\u0103ri subterane, cu o capacitate de 230 de locuri, \u00een zona actualei esplanade din fa\u021ba Teatrului Na\u021bional. Documenta\u021bia tehnic\u0103 privind realizarea acestui obiectiv a fost aprobat\u0103 d\u00e9j\u00e0 de Consiliul Local Municipal (CLM), \u00een prezent lucr\u00e2ndu-se de\u00a0 elaborarea studiului de fezabilitate al proiectului. Documenta\u0163ia vizeaz\u0103 reamenajarea a aproximativ 20.000 metri p\u0103tra\u0163i, aici fiind inclus\u0103 at\u00e2t suprafa\u0163a esplanadei, c\u00eet \u0219i cea a zonei din lateralul Teatrului Na\u0163ional, p\u00e2n\u0103 la statuia lui Miron Costin. Conform proiectului, reamenajarea spa\u0163iului \u015fi realizarea unei parc\u0103ri subterane \u00een zona actualei esplanade din fa\u021ba Teatrului Na\u021bional se ridic\u0103 la aproximativ 82 milioane de lei. \u201eSuntem acum \u00een stadiul documenta\u0163iei pentru studiul de fezabilitate. Avem nevoie de timp pentru a preg\u0103ti actele necesare pentru ca acest proiect s\u0103 poat\u0103 intra pe finan\u0163are european\u0103 \u00een programul 2014 \u2013 2020. Fondurile UE sunt o \u015fans\u0103 pentru a putea realiza la Ia\u015fi investi\u0163ii importante. Proiectul va fi supus dezbaterii publice \u00een perioada urm\u0103toare\u201d, a declarat primarul Gheorghe Nichita. Arhitec\u0163ii au redesenat esplanada Teatrului Na\u0163ional pentru a completa amenaj\u0103rile ce se desf\u0103\u015foar\u0103 \u00een acest moment pe bulevardul \u015etefan cel Mare \u015fi strada I.C. Br\u0103tianu. Potrivit speciali\u0219tilor, refacerea esplanadei presupune punerea \u00een valoare a axei vizuale dintre dou\u0103 monumente symbol \u0219i anume Teatrul Na\u0163ional \u015fi Catedrala Mitropolitan\u0103. Reg\u00e2ndirea spa\u0163iului urbanistic prevede amenajarea de spa\u0163ii verzi deschise, cu p\u0103strarea aliniamentului de platani dinspre strada I.C. Br\u0103tianu. \u201eDeschidem o ax\u0103 vizual\u0103 important\u0103 \u00eentre monumentele din zon\u0103. Spa\u0163iile verzi vor fi deschise, vor exista f\u00e2nt\u00e2ni arteziene moderne \u015fi va fi schimbat iluminatul arhitectural al parcului. Vegeta\u0163ia\u00a0\u00eenalt\u0103, arborii vor fi p\u0103stra\u0163i pe\u00a0 lateralele dintre strada Br\u0103tianu \u015fi sediul Prim\u0103riei, pe centru esplanadei fiind prev\u0103zut\u0103 vegeta\u0163ie de talie mic\u0103\u201d, a precizat arhitectul Daniel Vi\u015fan, vicepre\u0219edintele Ordinului Arhitec\u021bilor din Rom\u00e2nia \u2013 filiala Ia\u0219i. \u00cen cadrul reamenaj\u0103rii urbanistice a spa\u0163iului a fost inclus\u0103 \u015fi suprafa\u0163a de teren cuprins\u0103 \u00eentre strada Cuza Vod\u0103 \u2013 statuia Miron Costin \u015fi Teatrul Na\u0163ional. Practic, zona \u201dTeatru Cub\u201d va fi complet transformat\u0103, pentru a deveni un parc modern, iar \u00een zona statuii cronicarului va fi realizat\u0103 o pia\u0163et\u0103. Amenajarea spa\u0163iului verde va pune \u00een valoare situl arhitectonic al Teatrului Na\u0163ional \u015fi va deschide vizual \u015fi peisagistic leg\u0103tura dintre Casa Bal\u015f \u2013 sediul Filarmonicii \u2013 Teatrul Na\u0163ional.<\/p>\n","protected":false},"excerpt":{"rendered":"<p>\u00cen c\u00e2\u021biva ani, traficul infernal existent \u00een prezent \u00een centrul Ia\u0219ilor ar putea fi decongestionat,&#8230; <a class=\"meta-more\" href=\"https:\/\/infois.ro\/?p=5327\">more <span class=\"meta-nav\">&raquo;<\/span><\/a><\/p>\n","protected":false},"author":2,"featured_media":5328,"comment_status":"open","ping_status":"closed","sticky":false,"template":"","format":"standard","meta":{"footnotes":""},"categories":[1,41],"tags":[74,692,2219,68],"aioseo_notices":[],"_links":{"self":[{"href":"https:\/\/infois.ro\/index.php?rest_route=\/wp\/v2\/posts\/5327"}],"collection":[{"href":"https:\/\/infois.ro\/index.php?rest_route=\/wp\/v2\/posts"}],"about":[{"href":"https:\/\/infois.ro\/index.php?rest_route=\/wp\/v2\/types\/post"}],"author":[{"embeddable":true,"href":"https:\/\/infois.ro\/index.php?rest_route=\/wp\/v2\/users\/2"}],"replies":[{"embeddable":true,"href":"https:\/\/infois.ro\/index.php?rest_route=%2Fwp%2Fv2%2Fcomments&post=5327"}],"version-history":[{"count":1,"href":"https:\/\/infois.ro\/index.php?rest_route=\/wp\/v2\/posts\/5327\/revisions"}],"predecessor-version":[{"id":5329,"href":"https:\/\/infois.ro\/index.php?rest_route=\/wp\/v2\/posts\/5327\/revisions\/5329"}],"wp:featuredmedia":[{"embeddable":true,"href":"https:\/\/infois.ro\/index.php?rest_route=\/wp\/v2\/media\/5328"}],"wp:attachment":[{"href":"https:\/\/infois.ro\/index.php?rest_route=%2Fwp%2Fv2%2Fmedia&parent=5327"}],"wp:term":[{"taxonomy":"category","embeddable":true,"href":"https:\/\/infois.ro\/index.php?rest_route=%2Fwp%2Fv2%2Fcategories&post=5327"},{"taxonomy":"post_tag","embeddable":true,"href":"https:\/\/infois.ro\/index.php?rest_route=%2Fwp%2Fv2%2Ftags&post=5327"}],"curies":[{"name":"wp","href":"https:\/\/api.w.org\/{rel}","templated":true}]}}