{"id":5330,"date":"2013-05-13T14:26:26","date_gmt":"2013-05-13T11:26:26","guid":{"rendered":"http:\/\/infois.ro\/?p=5330"},"modified":"2013-05-13T14:26:26","modified_gmt":"2013-05-13T11:26:26","slug":"reabilitarea-blocurilor-de-locuinte-inalte-din-iasi-finantata-cu-bani-de-la-ue","status":"publish","type":"post","link":"https:\/\/infois.ro\/?p=5330","title":{"rendered":"Reabilitarea blocurilor de locuin\u021be \u00eenalte din Ia\u0219i, finan\u021bat\u0103 cu bani de la UE"},"content":{"rendered":"<p style=\"text-align: justify;\"><a class=\"highslide\" onclick=\"return vz.expand(this)\" href=\"http:\/\/infois.ro\/wp-content\/uploads\/2013\/05\/reabilitare-blocuri-vechi.jpg\"><img loading=\"lazy\" decoding=\"async\" class=\"alignleft size-large wp-image-5331\" title=\"reabilitare blocuri vechi\" src=\"http:\/\/infois.ro\/wp-content\/uploads\/cache\/2013\/05\/reabilitare-blocuri-vechi\/572229888.jpg\" alt=\"\" width=\"640\" height=\"480\" \/><\/a><\/p>\n<p style=\"text-align: justify;\">\u00cen urm\u0103 cu c\u00e2teva s\u0103pt\u0103m\u00e2ni, Prim\u0103ria ie\u0219ean\u0103 a semnat un contract de finan\u0163are cu Uniunea European\u0103 pentru proiectul \u201eRE-Block \u2013 Model eficient \u015fi multiplicabil de sisteme inovative\u201d, finan\u0163at prin intermediul Programului URBACT II. Proiectul, \u00een cadrul c\u0103ruia municipiul Ia\u015fi este partener, prin Direc\u0163ia Dezvoltare \u015fi Proiecte Europene, are ca termen limit\u0103 de implementare luna aprilie 2015. Potrivit reprezentan\u021bilor Prim\u0103riei, obiectivul principal al proiectului const\u0103 \u00een combaterea s\u0103r\u0103ciei, prin \u00eembun\u0103t\u0103\u0163irea coeziunii sociale \u015fi a mediului urban \u00een zone cu blocuri \u00eenalte. Principala problem\u0103 abordat\u0103 de \u201eRE-Block \u2013 Model eficient \u015fi multiplicabil de sisteme inovative\u201d<strong>\u00a0<\/strong>vizeaz\u0103 reabilitarea eficient\u0103 a cartierelor, pentru a le face mai atractive, \u00eembun\u0103t\u0103\u0163irea calit\u0103\u0163ii mediului \u00eenconjur\u0103tor, c\u00e2t \u015fi crearea unei abord\u0103ri integrate personalizate pentru combaterea s\u0103r\u0103ciei \u00een r\u00e2ndul cet\u0103\u0163enilor. \u00cen cadrul programului va fi realizat un \u201dGrup de Suport Local\u201d la nivelul fiec\u0103rui partener, zona identificat\u0103 cu probleme va beneficia de un studiu de baz\u0103 privind nivelul de trai, urm\u00e2nd s\u0103 fie \u00eentocmit, de asemenea, \u0219i un \u201dPlan de Ac\u0163iune Local\u201d, ce va cuprinde planuri fezabile \u015fi va fi realizat un site dedicat proiectului ce va cuprinde informa\u0163iile \u015fi materialele rezultate. Pe termen scurt, prin intermediul proiectului \u201eRE-Block \u2013 Model eficient \u015fi multiplicabil de sisteme inovative\u201d se va evalua necesitatea dezvolt\u0103rii urbane durabile, prin metode inovative, pentru a face fa\u0163\u0103 problemelor cele mai urgente de \u00eembun\u0103t\u0103\u0163ire a regener\u0103rii urbane. Pe termen mediu, proiectul va permite realizarea de noi parteneriate public-privat, de cooperare de tip participativ, \u00eendrumare, coaching \u015fi de auto-guvernare, metode \u015fi tehnici de atragere de fonduri necesare regener\u0103rii urbane. Pe termen lung, partenerii vor utiliza planurile \u00eentocmite \u015fi vor fi instrui\u0163i pentru cooperare activ\u0103 public\u0103 \u2013 privat\u0103 \u015fi de str\u00e2ngere de fonduri, beneficiind astfel de noi fonduri pentru investi\u0163ii \u015fi de programe sociale, de coeziune \u015fi politici UE, dup\u0103 2013. Bugetul total al proiectului este de circa 700.000 euro, din care bugetul municipiului Ia\u015fi este de 60.050 euro, contribu\u0163ia proprie fiind de 4.203 euro. Printre partenerii proiectului se num\u0103r\u0103 ora\u0219ele Budapesta (Ungaria) \u2013 partenerul lider, Malaga (Spania), Geselkirchen (Germania), Sodertalje (Suedia), Regiunea de Est a Macedoniei \u015fi Tracia (Grecia), Magdeburg (Germania), Universitatea din Roma Tor Vergata (Italia), Vilnius (Lituania) \u015fi Salford (Anglia).<strong><\/strong><\/p>\n","protected":false},"excerpt":{"rendered":"<p>\u00cen urm\u0103 cu c\u00e2teva s\u0103pt\u0103m\u00e2ni, Prim\u0103ria ie\u0219ean\u0103 a semnat un contract de finan\u0163are cu Uniunea&#8230; <a class=\"meta-more\" href=\"https:\/\/infois.ro\/?p=5330\">more <span class=\"meta-nav\">&raquo;<\/span><\/a><\/p>\n","protected":false},"author":2,"featured_media":5331,"comment_status":"open","ping_status":"closed","sticky":false,"template":"","format":"standard","meta":{"footnotes":""},"categories":[1,41],"tags":[74,395,40,2220],"aioseo_notices":[],"_links":{"self":[{"href":"https:\/\/infois.ro\/index.php?rest_route=\/wp\/v2\/posts\/5330"}],"collection":[{"href":"https:\/\/infois.ro\/index.php?rest_route=\/wp\/v2\/posts"}],"about":[{"href":"https:\/\/infois.ro\/index.php?rest_route=\/wp\/v2\/types\/post"}],"author":[{"embeddable":true,"href":"https:\/\/infois.ro\/index.php?rest_route=\/wp\/v2\/users\/2"}],"replies":[{"embeddable":true,"href":"https:\/\/infois.ro\/index.php?rest_route=%2Fwp%2Fv2%2Fcomments&post=5330"}],"version-history":[{"count":1,"href":"https:\/\/infois.ro\/index.php?rest_route=\/wp\/v2\/posts\/5330\/revisions"}],"predecessor-version":[{"id":5332,"href":"https:\/\/infois.ro\/index.php?rest_route=\/wp\/v2\/posts\/5330\/revisions\/5332"}],"wp:featuredmedia":[{"embeddable":true,"href":"https:\/\/infois.ro\/index.php?rest_route=\/wp\/v2\/media\/5331"}],"wp:attachment":[{"href":"https:\/\/infois.ro\/index.php?rest_route=%2Fwp%2Fv2%2Fmedia&parent=5330"}],"wp:term":[{"taxonomy":"category","embeddable":true,"href":"https:\/\/infois.ro\/index.php?rest_route=%2Fwp%2Fv2%2Fcategories&post=5330"},{"taxonomy":"post_tag","embeddable":true,"href":"https:\/\/infois.ro\/index.php?rest_route=%2Fwp%2Fv2%2Ftags&post=5330"}],"curies":[{"name":"wp","href":"https:\/\/api.w.org\/{rel}","templated":true}]}}