{"id":5381,"date":"2013-05-14T20:18:14","date_gmt":"2013-05-14T17:18:14","guid":{"rendered":"http:\/\/infois.ro\/?p=5381"},"modified":"2015-02-04T08:56:36","modified_gmt":"2015-02-04T06:56:36","slug":"a-fost-infiintat-clusterul-inovativ-regional-euronest-itc-hub","status":"publish","type":"post","link":"https:\/\/infois.ro\/?p=5381","title":{"rendered":"A fost \u00eenfiin\u021bat Clusterul Inovativ Regional EURONEST IT&#038;C Hub"},"content":{"rendered":"<p style=\"text-align: justify;\"><a class=\"highslide\" href=\"http:\/\/infois.ro\/wp-content\/uploads\/2013\/05\/CLUSTER1.jpg\"><img loading=\"lazy\" decoding=\"async\" class=\"alignleft size-large wp-image-5382\" title=\"CLUSTER\" src=\"http:\/\/infois.ro\/wp-content\/uploads\/cache\/2013\/05\/CLUSTER1\/1110944000.jpg\" alt=\"\" width=\"640\" height=\"346\" \/><\/a><\/p>\n<p style=\"text-align: justify;\">La ini\u021biativa pre\u0219edintelui Consiliului Jude\u021bean Ia\u0219i, Cristian ADOMNI\u021aEI, ast\u0103zi a fost constituit Clusterul Inovativ Regional EURONEST IT&amp;C Hub. La eveniment au participat mai mul\u021bi Secretari de Stat, importan\u021bi reprezentan\u021bi ai mediului de afaceri, administra\u021biei publice \u0219i mediului universitar. \u201e<em>\u00cen prezen\u021ba a opt ministere, reprezentate prin Secretarii de Stat, a 13 companii private, a 4 universit\u0103\u021bi, a Camerei de Comer\u021b \u0219i Industrie Suceava \u0219i a Federa\u021biei Patronatului IMM-urilor din Suceava, am semnat documentele constituirii primului cluster IT&amp;C din Ia\u0219i. Este al doilea cluster ca dimensiune \u0219i relevan\u021b\u0103 din Rom\u00e2nia, dup\u0103 cel din Cluj-Napoca. Prin munca sus\u021binut\u0103 pe care o vom depune, Ia\u0219ul se va situa \u00een scurt timp pe primul loc \u00een \u021bar\u0103 \u00een acest domeniu. Toate entit\u0103\u021bile membre ale clusterului aduc resursele lor pentru a genera plusvaloare \u0219i proiecte comune, finan\u021bate \u00een principal prin fonduri europene. Industria IT&amp;C are o valoare foarte mare \u00een Produsul Intern Brut al Jude\u021bului Ia\u0219i, iar poten\u021bialul de cre\u0219tere al acesteia este ridicat. Trebuie s\u0103 lupt\u0103m pentru bun\u0103starea generat\u0103 de aceste companii \u0219i pentru cre\u0219terea acesteia. Dac\u0103 nu vom realiza proiecte precum cel de ast\u0103zi, Ia\u0219ul risc\u0103 s\u0103 piard\u0103 locul pe care \u00eel are \u00een aceast\u0103 industrie, care este extrem de competitiv\u0103<\/em>\u201d, a declarat Cristian ADOMNI\u021aEI, pre\u0219edintele Consiliului Jude\u021bean Ia\u0219i.<\/p>\n<p style=\"text-align: justify;\">Demersurile de constituire au fost ini\u021biate de c\u0103tre pre\u0219edintele Consiliului Jude\u021bean Ia\u0219i \u00een luna decembrie 2012. Acestea au avut \u00een vedere s\u0103 recupereze decalajul fa\u021b\u0103 de zone precum Timi\u0219oara, T\u00e2rgu-Mure\u0219 sau Cluj-Napoca, unde autorit\u0103\u021bile \u0219i mediul de afaceri s-au asociat pentru a sus\u021bine dezvoltarea economic\u0103 inteligent\u0103 \u0219i sustenabil\u0103 \u00eenc\u0103 din 2011. Clusterul, ca pol de cre\u0219tere concentrat pe cercetare, dezvoltare, inovare \u0219i servicii IT, aduce \u00eempreun\u0103 companii de profil din regiune (1.000+ angaja\u021bi), patru institu\u021bii de \u00eenv\u0103\u021b\u0103m\u00e2nt superior \u0219i de cercetare \u0219i organiza\u021bii publice\/facilitatori externi cu experien\u021b\u0103 relevant\u0103 \u00een telecom, creative industries, software development, outsourcing, dispozitive mobile, e-servicii, servicii financiare etc.<\/p>\n<p style=\"text-align: justify;\">Membrii fondatori ai clusterului sunt:<\/p>\n<p style=\"text-align: justify;\">1.\u00a0\u00a0\u00a0\u00a0\u00a0\u00a0 Consiliul Jude\u021bean Ia\u0219i, Consiliul Jude\u021bean Bac\u0103u, Consiliul Jude\u021bean Boto\u0219ani, Consiliul Jude\u021bean Neam\u021b, Consiliul Jude\u021bean Suceava, Consiliul Jude\u021bean Vaslui \u2013 prin Asocia\u021bia de Dezvoltare Intercomunitar\u0103 EURONEST<\/p>\n<p style=\"text-align: justify;\">2.\u00a0\u00a0\u00a0\u00a0\u00a0\u00a0 Prim\u0103ria Municipiului Ia\u0219i<\/p>\n<p style=\"text-align: justify;\">3.\u00a0\u00a0\u00a0\u00a0\u00a0\u00a0 Capgemini Services Romania S.R.L.<\/p>\n<p style=\"text-align: justify;\">4.\u00a0\u00a0\u00a0\u00a0\u00a0\u00a0 Centric IT Solutions Romania<\/p>\n<p style=\"text-align: justify;\">5.\u00a0\u00a0\u00a0\u00a0\u00a0\u00a0 Dicode Ltd.<\/p>\n<p style=\"text-align: justify;\">6.\u00a0\u00a0\u00a0\u00a0\u00a0\u00a0 Embarcadero Technologies<\/p>\n<p style=\"text-align: justify;\">7.\u00a0\u00a0\u00a0\u00a0\u00a0\u00a0 Entreprise Business Systems S.R.L.<\/p>\n<p style=\"text-align: justify;\">8.\u00a0\u00a0\u00a0\u00a0\u00a0\u00a0 Focality<\/p>\n<p style=\"text-align: justify;\">9.\u00a0\u00a0\u00a0\u00a0\u00a0\u00a0 Green Soft<\/p>\n<p style=\"text-align: justify;\">10.\u00a0\u00a0\u00a0\u00a0 Intelligent Bee Web S.R.L.<\/p>\n<p style=\"text-align: justify;\">11.\u00a0\u00a0\u00a0\u00a0 NESS<\/p>\n<p style=\"text-align: justify;\">12.\u00a0\u00a0\u00a0\u00a0 RomSoft S.R.L.<\/p>\n<p style=\"text-align: justify;\">13.\u00a0\u00a0\u00a0\u00a0 Software Vision Business<\/p>\n<p style=\"text-align: justify;\">14.\u00a0\u00a0\u00a0\u00a0 Teamnet International<\/p>\n<p style=\"text-align: justify;\">15.\u00a0\u00a0\u00a0\u00a0 The Red Point S.A.<\/p>\n<p style=\"text-align: justify;\">16.\u00a0\u00a0\u00a0\u00a0 Travel Tech S.R.L.<\/p>\n<p style=\"text-align: justify;\">17.\u00a0\u00a0\u00a0\u00a0 Oameni \u0219i companii<\/p>\n<p style=\"text-align: justify;\">18.\u00a0\u00a0\u00a0\u00a0 Universitatea Alexandru Ioan Cuza, Ia\u0219i<\/p>\n<p style=\"text-align: justify;\">19.\u00a0\u00a0\u00a0\u00a0 Universitatea Tehnic\u0103 Gh. Asachi, Ia\u0219i<\/p>\n<p style=\"text-align: justify;\">20.\u00a0\u00a0\u00a0\u00a0 Universitatea Vasile Alecsandri, Bac\u0103u<\/p>\n<p style=\"text-align: justify;\">21.\u00a0\u00a0\u00a0\u00a0 Universitatea \u0218tefan cel Mare, Suceava<\/p>\n<p style=\"text-align: justify;\">22.\u00a0\u00a0\u00a0\u00a0 Camera de Comer\u021b \u0219i Industrie Suceava<\/p>\n<p style=\"text-align: justify;\">23.\u00a0\u00a0\u00a0\u00a0 Federa\u021bia Patronal\u0103 IMM din Jude\u021bul Suceava<\/p>\n<p style=\"text-align: justify;\">\u00a0<span style=\"font-size: 13px; line-height: 19px;\">Obiectivele generale asumate de cluster \u0219i de structurile sale executive vizeaz\u0103 \u00een primul r\u00e2nd promovarea \u0219i sus\u021binerea intereselor comune ale sectorului de IT&amp;C din Rom\u00e2nia \u0219i din Regiunea Nord-Est \u00een rela\u021bia cu statul \u0219i cu organismele de reglementare europene din domeniu, instituirea \u0219i sus\u021binerea unor paradigme moderne de dezvoltare a afacerilor membrilor s\u0103i \u2013 inclusiv prin furnizarea de solu\u021bii \u0219i servicii informatice inovative, care s\u0103 contribuie la o cultur\u0103 organiza\u021bional\u0103 durabil\u0103 \u0219i competitiv\u0103. \u00cen mod specific, se urm\u0103re\u0219te \u00eembun\u0103t\u0103\u021birea capabilit\u0103\u021bilor \u0219i capacit\u0103\u021bii acestui sector de activitate, prin \u00eent\u0103rirea parteneriatelor intra-regionale, dar \u0219i inter-regionale, dezvoltarea de noi parteneriate europene \u0219i interna\u021bionale, organizarea de cursuri de formare pentru a asigura un \u00eenalt nivel de calificare \u0219i adaptare la evolu\u021biile tehnologice din domeniu, dezvoltarea infrastructurii necesare pentru a sus\u021bine apari\u021bia unor noi afaceri \u0219i accelerarea celor existente, asigurarea promov\u0103rii interna\u021bionale a capabilit\u0103\u021bilor \u0219i produselor dezvoltate \u00een interiorul clusterului printr-o strategie de marketing eficient\u0103.<\/span><\/p>\n<p style=\"text-align: justify;\">Tot ast\u0103zi a avut loc \u0219i prima reuniune a Consiliului Strategic al Clusterului. Consiliul Strategic este un organ consultativ, de reprezentare, ne-executiv, alc\u0103tuit din personalit\u0103\u021bi din cele mai relevante domenii (financiar, economic, politic, de consultan\u021b\u0103\/lobby, educa\u021bie \u0219i cercetare etc.).<\/p>\n","protected":false},"excerpt":{"rendered":"<p>La ini\u021biativa pre\u0219edintelui Consiliului Jude\u021bean Ia\u0219i, Cristian ADOMNI\u021aEI, ast\u0103zi a fost constituit Clusterul Inovativ Regional&#8230; <a class=\"meta-more\" href=\"https:\/\/infois.ro\/?p=5381\">more <span class=\"meta-nav\">&raquo;<\/span><\/a><\/p>\n","protected":false},"author":2,"featured_media":5382,"comment_status":"open","ping_status":"closed","sticky":false,"template":"","format":"standard","meta":{"footnotes":""},"categories":[1,41],"tags":[74,2232,374],"aioseo_notices":[],"_links":{"self":[{"href":"https:\/\/infois.ro\/index.php?rest_route=\/wp\/v2\/posts\/5381"}],"collection":[{"href":"https:\/\/infois.ro\/index.php?rest_route=\/wp\/v2\/posts"}],"about":[{"href":"https:\/\/infois.ro\/index.php?rest_route=\/wp\/v2\/types\/post"}],"author":[{"embeddable":true,"href":"https:\/\/infois.ro\/index.php?rest_route=\/wp\/v2\/users\/2"}],"replies":[{"embeddable":true,"href":"https:\/\/infois.ro\/index.php?rest_route=%2Fwp%2Fv2%2Fcomments&post=5381"}],"version-history":[{"count":3,"href":"https:\/\/infois.ro\/index.php?rest_route=\/wp\/v2\/posts\/5381\/revisions"}],"predecessor-version":[{"id":15620,"href":"https:\/\/infois.ro\/index.php?rest_route=\/wp\/v2\/posts\/5381\/revisions\/15620"}],"wp:featuredmedia":[{"embeddable":true,"href":"https:\/\/infois.ro\/index.php?rest_route=\/wp\/v2\/media\/5382"}],"wp:attachment":[{"href":"https:\/\/infois.ro\/index.php?rest_route=%2Fwp%2Fv2%2Fmedia&parent=5381"}],"wp:term":[{"taxonomy":"category","embeddable":true,"href":"https:\/\/infois.ro\/index.php?rest_route=%2Fwp%2Fv2%2Fcategories&post=5381"},{"taxonomy":"post_tag","embeddable":true,"href":"https:\/\/infois.ro\/index.php?rest_route=%2Fwp%2Fv2%2Ftags&post=5381"}],"curies":[{"name":"wp","href":"https:\/\/api.w.org\/{rel}","templated":true}]}}