{"id":53923,"date":"2021-04-02T11:41:50","date_gmt":"2021-04-02T08:41:50","guid":{"rendered":"http:\/\/infois.ro\/?p=53923"},"modified":"2021-04-03T08:43:29","modified_gmt":"2021-04-03T05:43:29","slug":"muzeele-iesene-se-alatura-campaniei-de-marcare-a-zilei-internationale-de-constientizare-a-autismului","status":"publish","type":"post","link":"https:\/\/infois.ro\/?p=53923","title":{"rendered":"Muzeele ie\u015fene se al\u0103tur\u0103 campaniei de marcare a Zilei Interna\u0163ionale de Con\u015ftientizare a Autismului"},"content":{"rendered":"<p><a href=\"http:\/\/infois.ro\/wp-content\/uploads\/2021\/04\/muzeele-si-autismul.jpg\"><img loading=\"lazy\" decoding=\"async\" class=\"alignleft  wp-image-53924\" src=\"http:\/\/infois.ro\/wp-content\/uploads\/2021\/04\/muzeele-si-autismul.jpg\" alt=\"\" width=\"309\" height=\"352\" srcset=\"https:\/\/infois.ro\/wp-content\/uploads\/2021\/04\/muzeele-si-autismul.jpg 640w, https:\/\/infois.ro\/wp-content\/uploads\/2021\/04\/muzeele-si-autismul-263x300.jpg 263w\" sizes=\"(max-width: 309px) 100vw, 309px\" \/><\/a><\/p>\n<p style=\"text-align: justify;\">\u00cen acest an, cu ocazia Zilei Interna\u021bionale a Con\u0219tientiz\u0103rii Autismului, care este marcat\u0103 \u00een fiecare an pe data de 2 aprilie, \u00a0muzeele din cadrul Complexului Muzeal Na\u0163ional \u201cMoldova\u201d Ia\u015fi vor putea fi vizitate gratuit de persoanele care sufer\u0103 de aceast\u0103 afec\u021biune, al\u0103turi de \u00eenso\u021bitorii acestora. Noaptea Albastr\u0103 a Autismului 2021 este un gest de aten\u021bie \u0219i \u00eencurajare, pe care ASOCIA\u0162IA HELP AUTISM, Re\u021beaua organiza\u021biilor \u00een autism RO-TSA, ce \u00eenglobeaz\u0103 86 de ONG-uri care activeaz\u0103 \u00een domeniul autismului, \u0219i FEDRA &#8211; Federa\u021bia pentru Drepturile \u0219i Resursele pentru Persoanele cu Tulbur\u0103ri \u00een Spectrul Autism, al\u0103turi de partenerii lor, \u00eel fac pe 2 aprilie, de Ziua Interna\u021bional\u0103 a Con\u0219tientiz\u0103rii Autismului. De\u0219i \u00een al\u021bi ani a adunat sute de mii de oameni \u00een activit\u0103\u021bi deschise publicului, anul acesta, Ziua Interna\u0163ional\u0103 a Con\u015ftientiz\u0103rii Autismului va fi marcat\u0103 prin aprinderea simbolic\u0103 a luminii albastr\u0103, \u00een semn de sus\u021binere a persoanelor care sufer\u0103 de autism \u0219i readucerea unui plus de speran\u021b\u0103\u00a0 acestora \u0219i familiilor lor.<\/p>\n","protected":false},"excerpt":{"rendered":"<p>\u00cen acest an, cu ocazia Zilei Interna\u021bionale a Con\u0219tientiz\u0103rii Autismului, care este marcat\u0103 \u00een fiecare&#8230; <a class=\"meta-more\" href=\"https:\/\/infois.ro\/?p=53923\">more <span class=\"meta-nav\">&raquo;<\/span><\/a><\/p>\n","protected":false},"author":2,"featured_media":53924,"comment_status":"closed","ping_status":"closed","sticky":false,"template":"","format":"standard","meta":{"footnotes":""},"categories":[41,32],"tags":[74,1348,3515,40],"aioseo_notices":[],"_links":{"self":[{"href":"https:\/\/infois.ro\/index.php?rest_route=\/wp\/v2\/posts\/53923"}],"collection":[{"href":"https:\/\/infois.ro\/index.php?rest_route=\/wp\/v2\/posts"}],"about":[{"href":"https:\/\/infois.ro\/index.php?rest_route=\/wp\/v2\/types\/post"}],"author":[{"embeddable":true,"href":"https:\/\/infois.ro\/index.php?rest_route=\/wp\/v2\/users\/2"}],"replies":[{"embeddable":true,"href":"https:\/\/infois.ro\/index.php?rest_route=%2Fwp%2Fv2%2Fcomments&post=53923"}],"version-history":[{"count":1,"href":"https:\/\/infois.ro\/index.php?rest_route=\/wp\/v2\/posts\/53923\/revisions"}],"predecessor-version":[{"id":53925,"href":"https:\/\/infois.ro\/index.php?rest_route=\/wp\/v2\/posts\/53923\/revisions\/53925"}],"wp:featuredmedia":[{"embeddable":true,"href":"https:\/\/infois.ro\/index.php?rest_route=\/wp\/v2\/media\/53924"}],"wp:attachment":[{"href":"https:\/\/infois.ro\/index.php?rest_route=%2Fwp%2Fv2%2Fmedia&parent=53923"}],"wp:term":[{"taxonomy":"category","embeddable":true,"href":"https:\/\/infois.ro\/index.php?rest_route=%2Fwp%2Fv2%2Fcategories&post=53923"},{"taxonomy":"post_tag","embeddable":true,"href":"https:\/\/infois.ro\/index.php?rest_route=%2Fwp%2Fv2%2Ftags&post=53923"}],"curies":[{"name":"wp","href":"https:\/\/api.w.org\/{rel}","templated":true}]}}