{"id":54575,"date":"2021-05-09T06:28:18","date_gmt":"2021-05-09T03:28:18","guid":{"rendered":"http:\/\/infois.ro\/?p=54575"},"modified":"2021-05-09T06:28:18","modified_gmt":"2021-05-09T03:28:18","slug":"inspectoratul-scolar-judetean-lanseaza-elevilor-provocarea-de-a-aduce-europa-mai-aproape-9","status":"publish","type":"post","link":"https:\/\/infois.ro\/?p=54575","title":{"rendered":"Inspectoratul \u015ecolar Jude\u0163ean lanseaz\u0103 elevilor provocarea de a aduce \u201cEuropa, MAI aproape 9\u201d"},"content":{"rendered":"<p><a href=\"http:\/\/infois.ro\/wp-content\/uploads\/2021\/05\/ziua-europei-9-mai.jpg\"><img loading=\"lazy\" decoding=\"async\" class=\"alignleft  wp-image-54576\" src=\"http:\/\/infois.ro\/wp-content\/uploads\/2021\/05\/ziua-europei-9-mai.jpg\" alt=\"\" width=\"408\" height=\"239\" srcset=\"https:\/\/infois.ro\/wp-content\/uploads\/2021\/05\/ziua-europei-9-mai.jpg 640w, https:\/\/infois.ro\/wp-content\/uploads\/2021\/05\/ziua-europei-9-mai-300x176.jpg 300w, https:\/\/infois.ro\/wp-content\/uploads\/2021\/05\/ziua-europei-9-mai-139x80.jpg 139w\" sizes=\"(max-width: 408px) 100vw, 408px\" \/><\/a><\/p>\n<p style=\"text-align: justify;\">Celebrat\u0103 \u00een fiecare an pe 9 Mai, Ziua Europei contureaz\u0103 prilejul de a ne reaminti c\u0103\u00a0 viitorul nostru comun \u00een Uniunea European\u0103 depinde de implicarea fiec\u0103ruia dintre noi \u00een construc\u021bia proiectului european. Pentru \u0219coli \u0219i universit\u0103\u021bi, mai presus de toate, dar nu numai, este o zi de informare, orientare \u0219i dezbateri \u00een sfera tematic\u0103 a Uniunii Europene, incluz\u00e2nd ini\u021biative cu un pronun\u021bat con\u021binut cultural \u0219i educativ. Nu \u00een ultimul r\u00e2nd, semnifica\u021biile acestei zile sunt cu at\u00e2t mai nuan\u021bate \u00een sensul ideii de apartenen\u021b\u0103 la un spa\u021biu comun, \u00een contextul \u00een care valul pandemiei a reconfigurat natura interac\u021biunilor dintre cet\u0103\u021benii Europei. Prin urmare, acesta este momentul \u00een care simbolurile Uniunii trebuie valorificate pe deplin.<\/p>\n<p style=\"text-align: justify;\">\n<p style=\"text-align: justify;\">\u00centre aceste repere, Inspectoratul \u0218colar Jude\u021bean Ia\u0219i, prin Centrul de Formare pentru Educa\u021bie Digital\u0103 al institu\u021biei, lanseaz\u0103 proiectul educa\u021bional intitulat Our Experience as Europeans, \u00een parteneriat cu EUROPE DIRECT Ia\u0219i (g\u0103zduit de Asocia\u021bia pentru Ecologie \u0219i Dezvoltare Durabil\u0103). Ini\u021biat de prof. Larisa T\u00e2rzianu, inspector \u0219colar pentru activit\u0103\u021bi educative, \u0219i prof. Emanuela P\u0103durariu, inspector \u0219colar pentru informatic\u0103, proiectul \u00ee\u0219i propune s\u0103 valorifice participarea Rom\u00e2niei la experien\u021ba \u0219i evolu\u021bia Uniunii Europene. Prin crea\u021biile elevilor, sunt puse \u00een eviden\u021b\u0103 contribu\u021biile Rom\u00e2niei la patrimoniul cultural al spa\u021biului european, acestea reprezent\u00e2nd, \u00een acela\u0219i timp, o manifestare a adeziunii la valorile sale fundamentale \u2013 democra\u021bie, toleran\u021b\u0103, egalitate, grij\u0103 pentru viitorul planetei.<\/p>\n<p style=\"text-align: justify;\">\n<p style=\"text-align: justify;\">Demersul face parte dintr-un proiect mai larg, intitulat \u201dEuropa, MAI aproape 9\u201d, numele sub care, din 2014, EUROPE DIRECT Ia\u0219i i-a provocat pe tinerii cet\u0103\u021beni europeni din jude\u021bul Ia\u0219i s\u0103 g\u0103seasc\u0103 modalit\u0103\u021bi creative de promovare a informa\u021biilor despre U.E. \u0219i institu\u021biile acesteia, despre valorile care stau la baza construc\u021biei europene.<\/p>\n<p style=\"text-align: justify;\">\n<p style=\"text-align: justify;\">Proiectul \u201dOur Experience as Europeans\u201d este deschis tuturor \u0219colilor din jude\u021b \u0219i tuturor elevilor din ciclurile gimnazial \u0219i liceal care doresc s\u0103 \u00ee\u0219i valorifice nu doar sim\u021bul artistic \u0219i creativitatea, ci \u0219i competen\u021bele digitale. De aceea, valen\u021bele interdisciplinare ale proiectului sunt eviden\u021biate prin apelul la abilit\u0103\u021bi ce \u021bin de domenii diferite \u2013 informatic\u0103, grafic\u0103 \u0219i arte plastice, comunicare etc. Realizarea fiec\u0103rei lucr\u0103ri presupune o munc\u0103 de documentare din teme precum combaterea schimb\u0103rilor climatice, democra\u021bie \u0219i drepturile omului, diversitate \u0219i valori culturale, educa\u021bia european\u0103 \u0219i oportunit\u0103\u021bile oferite copiilor \u0219i tinerilor, carier\u0103 \u0219i profesie pe o pia\u021b\u0103 liber\u0103 a muncii, toate acestea dorindu-se o reiterare simbolic\u0103 a c\u0103l\u0103toriei parcurse de b\u0103tr\u00e2nul nostru continent \u00een ultimii 71 de ani pentru materializarea principiilor \u0219i valorilor ce fundamenteaz\u0103 existen\u021ba Uniunii Europene.<\/p>\n","protected":false},"excerpt":{"rendered":"<p>Celebrat\u0103 \u00een fiecare an pe 9 Mai, Ziua Europei contureaz\u0103 prilejul de a ne reaminti&#8230; <a class=\"meta-more\" href=\"https:\/\/infois.ro\/?p=54575\">more <span class=\"meta-nav\">&raquo;<\/span><\/a><\/p>\n","protected":false},"author":2,"featured_media":54576,"comment_status":"closed","ping_status":"closed","sticky":false,"template":"","format":"standard","meta":{"footnotes":""},"categories":[12,41],"tags":[74,453,40,313,4787],"aioseo_notices":[],"_links":{"self":[{"href":"https:\/\/infois.ro\/index.php?rest_route=\/wp\/v2\/posts\/54575"}],"collection":[{"href":"https:\/\/infois.ro\/index.php?rest_route=\/wp\/v2\/posts"}],"about":[{"href":"https:\/\/infois.ro\/index.php?rest_route=\/wp\/v2\/types\/post"}],"author":[{"embeddable":true,"href":"https:\/\/infois.ro\/index.php?rest_route=\/wp\/v2\/users\/2"}],"replies":[{"embeddable":true,"href":"https:\/\/infois.ro\/index.php?rest_route=%2Fwp%2Fv2%2Fcomments&post=54575"}],"version-history":[{"count":1,"href":"https:\/\/infois.ro\/index.php?rest_route=\/wp\/v2\/posts\/54575\/revisions"}],"predecessor-version":[{"id":54577,"href":"https:\/\/infois.ro\/index.php?rest_route=\/wp\/v2\/posts\/54575\/revisions\/54577"}],"wp:featuredmedia":[{"embeddable":true,"href":"https:\/\/infois.ro\/index.php?rest_route=\/wp\/v2\/media\/54576"}],"wp:attachment":[{"href":"https:\/\/infois.ro\/index.php?rest_route=%2Fwp%2Fv2%2Fmedia&parent=54575"}],"wp:term":[{"taxonomy":"category","embeddable":true,"href":"https:\/\/infois.ro\/index.php?rest_route=%2Fwp%2Fv2%2Fcategories&post=54575"},{"taxonomy":"post_tag","embeddable":true,"href":"https:\/\/infois.ro\/index.php?rest_route=%2Fwp%2Fv2%2Ftags&post=54575"}],"curies":[{"name":"wp","href":"https:\/\/api.w.org\/{rel}","templated":true}]}}