{"id":54602,"date":"2021-05-10T10:42:32","date_gmt":"2021-05-10T07:42:32","guid":{"rendered":"http:\/\/infois.ro\/?p=54602"},"modified":"2021-05-10T10:42:32","modified_gmt":"2021-05-10T07:42:32","slug":"o-noua-campanie-de-colectare-a-deseurilor-electrice-in-municipiul-iasi","status":"publish","type":"post","link":"https:\/\/infois.ro\/?p=54602","title":{"rendered":"O nou\u0103 campanie de colectare a de\u015feurilor electrice \u00een municipiul Ia\u015fi"},"content":{"rendered":"<p><a href=\"http:\/\/infois.ro\/wp-content\/uploads\/2021\/05\/campanie-eco-10-mai-5-iunie.jpg\"><img loading=\"lazy\" decoding=\"async\" class=\"alignleft  wp-image-54603\" src=\"http:\/\/infois.ro\/wp-content\/uploads\/2021\/05\/campanie-eco-10-mai-5-iunie.jpg\" alt=\"\" width=\"507\" height=\"152\" srcset=\"https:\/\/infois.ro\/wp-content\/uploads\/2021\/05\/campanie-eco-10-mai-5-iunie.jpg 640w, https:\/\/infois.ro\/wp-content\/uploads\/2021\/05\/campanie-eco-10-mai-5-iunie-300x90.jpg 300w\" sizes=\"(max-width: 507px) 100vw, 507px\" \/><\/a><\/p>\n<p style=\"text-align: justify;\">O nou\u0103 campanie de colectare a de\u0219eurilor electrice se va desf\u0103\u015fura \u00een municipiul Ia\u015fi \u00een perioada 10 mai \u2013 5 iunie, ac\u0163iunea urm\u00e2nd s\u0103 se \u00eencheie cu o tombol\u0103 a participan\u0163ilor, cu ocazia Zilei Mediului. Organizatorii,\u00a0respectiv Prim\u0103ria Municipiului Ia\u0219i \u0219i Asocia\u021bia RoRec, al\u0103turi de operatorul local partener,\u00a0ECOarena,\u00a0invit\u0103 to\u021bi ie\u0219enii s\u0103 se implice \u00een acest program, pentru a demonstra, \u00eenc\u0103 o dat\u0103, responsabilitatea comunit\u0103\u0163ii.\u00a0 Partenerii locali ai acestei actiuni de colectare sunt: Salubris, Garda de Mediu Ia\u0219i, Agen\u021bia pentru Protec\u021bia Mediului Ia\u0219i, Universitatea de \u0218tiin\u021be Agricole \u0219i Medicin\u0103 Veterinar\u0103 &#8220;Ion Ionescu de la Brad&#8221;, Inspectoratul \u0218colar Jude\u021bean Ia\u0219i, Palatul Copiilor Ia\u0219i, Asocia\u021bia Casus \u0219i Fabrica de Print.<\/p>\n<p style=\"text-align: justify;\">\u201dAm creat deja o tradi\u021bie s\u0103 s\u0103rb\u0103torim Ziua Mediului cu campanii de colectare, al\u0103turi de partenerii no\u0219tri. Ne dorim ca Ia\u0219iul s\u0103 fie un reper al cur\u0103\u021beniei \u0219i al responsabilit\u0103\u021bii fa\u021b\u0103 de mediu, a\u0219a c\u0103 \u00eei invit pe to\u021bi ie\u0219enii s\u0103 se debaraseze responsabil de de\u0219eurile electrice! Aportul fiec\u0103ruia dintre noi este esen\u021bial pentru s\u0103n\u0103tatea comunit\u0103\u021bii din care suntem parte cu to\u021bii\u201d\u00a0a declarat Mihai Chirica, Primarul Municipiului Ia\u0219i. De\u0219eurile electrice \u0219i electronice pot fi duse la punctele de colectare provizorii aflate la:<\/p>\n<ul style=\"text-align: justify;\">\n<li>Sediul SC Salubris S.A &#8211; \u015eos. Na\u0163ional\u0103, nr. 43, deschis de luni p\u00e2n\u0103 vineri, \u00eentre orele 09.00-16.00;<\/li>\n<li>Centrul de cartier T\u0103t\u0103ra\u0219i &#8211;\u00a0 str. Vasile Lupu, nr. 8, deschis de luni p\u00e2n\u0103 vineri, \u00eentre orele 09.00-16.00;<\/li>\n<li>Centrul de cartier Alexandru cel Bun &#8211; str. Tabacului, nr. 1B, deschis de luni p\u00e2n\u0103 vineri, \u00eentre orele 09.00-16.00;<\/li>\n<li>Centrul de cartier Nicolina &#8211; str. Petre \u021au\u021bea, nr. 2, deschis de luni p\u00e2n\u0103 vineri, \u00eentre orele 09.00-16.00;<\/li>\n<li>Centrul de cartier P\u0103curari &#8211; \u0219os. P\u0103curari, nr. 34, deschis de luni p\u00e2n\u0103 vineri, \u00eentre orele 09.00-16.00;<\/li>\n<li>Centrul de cartier Frumoasa &#8211; bld. Poitiers, nr. 20-22, deschis de luni p\u00e2n\u0103 vineri, \u00eentre orele 09.00-16.00;<\/li>\n<li>Centrul Permanent de Colectare DEEE Ia\u0219i &#8211; Strada Pompei, nr. 3 (zona Podul de Piatr\u0103), deschis de luni p\u00e2n\u0103 vineri, \u00eentre orele 09.00-17.00 \u0219i s\u00e2mb\u0103ta \u00eentre orele 09.00 \u2013 13.00.<\/li>\n<\/ul>\n<p style=\"text-align: justify;\">Pentru cei care au echipamente electrice mari \u0219i grele, exist\u0103 serviciul GRATUIT de colectare, care poate fi apelat f\u0103r\u0103 costuri la 0800 444 800 sau cu tarif normal la 0764 399 399 de luni p\u00e2n\u0103 vineri, \u00eentre orele 09.00-17.00.<\/p>\n<p style=\"text-align: justify;\">Toate comenzile venite p\u00e2n\u0103 pe data de 4 iunie vor fi preluate de operatorul de colectare ECOarena, pe baz\u0103 de programare telefonic\u0103, direct de la domiciliile dumneavoastr\u0103 sau de la birou! Echipele operatorilor locali v\u0103 vor suna \u00een maximum dou\u0103 zile lucr\u0103toare de la plasarea comenzii, pentru a stabili ziua \u0219i intervalul orar de ridicare a de\u0219eurilor. Cei care se vor debarasa corect de aceste de\u0219euri \u00een cadrul campaniei noastre dedicate Zilei Mediului vor participa la tombola\u00a0ce va avea loc \u00een data de 5 iunie, ora 12.00, la Centrul \u00a0Permanent de Colectare DEEE Ia\u0219i &#8211; Strada Pompei, nr. 3 (zona Podul de Piatr\u0103).<\/p>\n<p>Sunt puse la b\u0103taie\u00a036 de premii:\u00a03 x ma\u0219in\u0103 de g\u0103urit \u0219i \u00een\u0219urubat, 3 x polizor unghiular, 3 x aspirator, 9 x usc\u0103tor de p\u0103r, 9 x mixer, 9 x blender.<\/p>\n<p>Potrivit site-ului <a href=\"http:\/\/www.collectors2020.eu\/\">www.collectors2020.eu<\/a>, europenii produc anual \u00een jur de 10.000.000.000 (miliarde!) de kilograme de de\u0219euri electrice. \u00cen Rom\u00e2nia, doar aproximativ 10% din de\u0219eurile electrice sunt colectate. Celelalte electronice aruncate au fost fie reciclate \u00een condi\u021bii neconforme, comercializate ilegal, exportate sau pur \u0219i simplu aruncate \u00een co\u0219urile de de\u0219euri reziduale. Chiar \u0219i \u00een pu\u021binele state membre ale UE cu sisteme de raportare robuste \u0219i eficiente, monitorizarea eforturilor de decontaminare \u0219i condi\u021biile de tratament la standarde nu sunt \u00eentotdeauna \u00een siguran\u021b\u0103. DEEE con\u021bin multe materii prime critice care se pierd la gropile de gunoi.<\/p>\n<p style=\"text-align: justify;\">\n","protected":false},"excerpt":{"rendered":"<p>O nou\u0103 campanie de colectare a de\u0219eurilor electrice se va desf\u0103\u015fura \u00een municipiul Ia\u015fi \u00een&#8230; <a class=\"meta-more\" href=\"https:\/\/infois.ro\/?p=54602\">more <span class=\"meta-nav\">&raquo;<\/span><\/a><\/p>\n","protected":false},"author":2,"featured_media":54603,"comment_status":"closed","ping_status":"closed","sticky":false,"template":"","format":"standard","meta":{"footnotes":""},"categories":[6,41],"tags":[74,3515,1112,899,40],"aioseo_notices":[],"_links":{"self":[{"href":"https:\/\/infois.ro\/index.php?rest_route=\/wp\/v2\/posts\/54602"}],"collection":[{"href":"https:\/\/infois.ro\/index.php?rest_route=\/wp\/v2\/posts"}],"about":[{"href":"https:\/\/infois.ro\/index.php?rest_route=\/wp\/v2\/types\/post"}],"author":[{"embeddable":true,"href":"https:\/\/infois.ro\/index.php?rest_route=\/wp\/v2\/users\/2"}],"replies":[{"embeddable":true,"href":"https:\/\/infois.ro\/index.php?rest_route=%2Fwp%2Fv2%2Fcomments&post=54602"}],"version-history":[{"count":1,"href":"https:\/\/infois.ro\/index.php?rest_route=\/wp\/v2\/posts\/54602\/revisions"}],"predecessor-version":[{"id":54604,"href":"https:\/\/infois.ro\/index.php?rest_route=\/wp\/v2\/posts\/54602\/revisions\/54604"}],"wp:featuredmedia":[{"embeddable":true,"href":"https:\/\/infois.ro\/index.php?rest_route=\/wp\/v2\/media\/54603"}],"wp:attachment":[{"href":"https:\/\/infois.ro\/index.php?rest_route=%2Fwp%2Fv2%2Fmedia&parent=54602"}],"wp:term":[{"taxonomy":"category","embeddable":true,"href":"https:\/\/infois.ro\/index.php?rest_route=%2Fwp%2Fv2%2Fcategories&post=54602"},{"taxonomy":"post_tag","embeddable":true,"href":"https:\/\/infois.ro\/index.php?rest_route=%2Fwp%2Fv2%2Ftags&post=54602"}],"curies":[{"name":"wp","href":"https:\/\/api.w.org\/{rel}","templated":true}]}}