{"id":5466,"date":"2013-05-19T10:09:02","date_gmt":"2013-05-19T07:09:02","guid":{"rendered":"http:\/\/infois.ro\/?p=5466"},"modified":"2013-05-19T10:09:02","modified_gmt":"2013-05-19T07:09:02","slug":"o-noua-sesiune-de-atestare-a-persoanelor-care-doresc-sa-devina-administratori-ai-asociatiilor-de-proprietari","status":"publish","type":"post","link":"https:\/\/infois.ro\/?p=5466","title":{"rendered":"O nou\u0103 sesiune de atestare a persoanelor care doresc s\u0103 devin\u0103 administratori ai asocia\u021biilor de proprietari"},"content":{"rendered":"<p style=\"text-align: justify;\"><a class=\"highslide\" onclick=\"return vz.expand(this)\" href=\"http:\/\/infois.ro\/wp-content\/uploads\/2013\/05\/administrator.jpg\"><img loading=\"lazy\" decoding=\"async\" class=\"alignleft size-large wp-image-5467\" title=\"administrator\" src=\"http:\/\/infois.ro\/wp-content\/uploads\/cache\/2013\/05\/administrator\/3357925770.jpg\" alt=\"\" width=\"640\" height=\"406\" \/><\/a><\/p>\n<p style=\"text-align: justify;\">Prim\u0103ria municipiului Ia\u0219i va organiza \u00een zilele de 27 \u0219i 28 mai o\u00a0\u00a0nou\u0103 sesiune de examinare a persoanelor fizice, care au depus cereri pentru a fi atestate \u00een func\u021bia de administrator de imobile. Potrivit reprezentan\u021bilor Prim\u0103riei, persoanele care \u00een prezent ocup\u0103 sau nu aceast\u0103 func\u021bie (\u0219i au absolvit cursuri d epreg\u0103tire \u00een domeniu), dar nu sunt atestate, pot s\u0103-\u0219i depun\u0103 cererea \u00eempreun\u0103 cu documentele solicitate \u00een vederea atest\u0103rii. Dosarul va fi verificat de comisia de atestare (Serviciul asocia\u021bii de proprietari, din strada Sm\u00e2rdan nr. 5), dup\u0103 care acesta se depune prin registratura Prim\u0103riei p\u00e2n\u0103 la data de 24 mai 2013, inclusiv. \u00cen ceea c eprive\u0219te loca\u021bia \u0219i ora sus\u021binerii examenului, acestea le vor fi comunicate persoanelor respective prin telefon, \u00een timp util. Grupele de examen vor fi de maximum 22 de persoane \u0219i vor fi constituite \u00een func\u021bia de data depunerii dosarului. Conform prevederilor Legii nr. 230\/2007 privind \u00eenfiin\u0163area, organizarea \u015fi func\u0163ionarea asocia\u0163iilor de proprietari, a H.G nr. 1588\/2007 Norme metodologice de aplicarea Legii nr. 230\/2007, precum \u015fi a\u00a0 Regulamentul privind procedura de atestare a persoanelor fizice care doresc s\u0103 ob\u0163in\u0103 calitatea de \u201eadministrator de imobile\u201d, aprobat prin HCL nr. 6\/27.02.2011, administratorul de imobile este persoana fizic\u0103 atestat\u0103 \u00een condi\u0163iile Legii nr. 230\/2007 \u015fi a H.G nr. 1588\/2007 ce desf\u0103\u015foar\u0103 activitatea de administrare a condominiului care include activit\u0103\u0163i de administrare tehnic\u0103, de contabilitate \u015fi casierie. Potrivit legii, atestarea persoanelor fizice care inten\u0163ioneaz\u0103 s\u0103 ocupe func\u0163ia de \u201eadministrator de imobile\u201d se face de c\u0103tre primar, conform prevederilor art. 54 din Legea nr. 230\/2007 privind \u00eenfiin\u0163area, organizarea \u015fi func\u0163ionarea asocia\u0163iilor de proprietari \u015fi ale art. 58 din HG nr. 1588\/2007 pentru aprobarea Normelor metodologice de aplicare a Legii nr.230\/2007. Astfel, persoanele care ocup\u0103 sau nu aceast\u0103 func\u0163ie (\u015fi care au absolvit cursurile de preg\u0103tire\u00a0\u00een acest domeniu),\u00a0dar nu sunt atestate,\u00a0pot depune cererea \u00eempreun\u0103 cu documentele solicitate \u00een vederea atest\u0103rii. Dosarul se verific\u0103 de\u00a0comisia de atestare\u00a0 (Serviciul asocia\u021bii proprietari din str. Sm\u00e2rdan nr. 5), dup\u0103 care se depune prin Registratura Prim\u0103riei. Regulamentul privind procedura de atestare, aprobat\u0103 prin HCL 6\/27.02.2011 prevede, la art. 27 c\u0103 activitatea persoanelor fizice atestate ca administratori de imobile se desf\u0103\u015foar\u0103 \u00een baza unui contract individual de munc\u0103 \u00eencheiat cu asocia\u0163ia de proprietari, potrivit dispozi\u0163iilor legale, iar la art. 29 c\u0103 administratorii \u00een func\u0163ie neatesta\u0163i au obliga\u0163ia de a-\u015fi depune dosarul pentru atestare \u00een termen de trei\u00a0 luni de la intrarea \u00een vigoare a regulamentului, dup\u0103 expirarea acestui termen, ei nemaiav\u00e2nd voie s\u0103 profeseze. Informa\u021biile cu privire la modul de organizare a examin\u0103rii, data\u00a0 \u015fi locul desf\u0103\u015fur\u0103rii acesteia, \u00een vederea \u00eenscrierii \u015fi particip\u0103rii la examen a persoanelor care doresc ob\u0163inerea atestatelor de administratori de imobile, se aduce la cuno\u0219tin\u021ba asocia\u021biilor de proprietari de c\u0103tre Serviciul Asocia\u0163ii de Proprietari din cadrul Prim\u0103riei municipiului Ia\u0219i.<\/p>\n<p style=\"text-align: justify;\">\n","protected":false},"excerpt":{"rendered":"<p>Prim\u0103ria municipiului Ia\u0219i va organiza \u00een zilele de 27 \u0219i 28 mai o\u00a0\u00a0nou\u0103 sesiune de&#8230; <a class=\"meta-more\" href=\"https:\/\/infois.ro\/?p=5466\">more <span class=\"meta-nav\">&raquo;<\/span><\/a><\/p>\n","protected":false},"author":2,"featured_media":5467,"comment_status":"open","ping_status":"closed","sticky":false,"template":"","format":"standard","meta":{"footnotes":""},"categories":[1,41],"tags":[74,2309,2310,296],"aioseo_notices":[],"_links":{"self":[{"href":"https:\/\/infois.ro\/index.php?rest_route=\/wp\/v2\/posts\/5466"}],"collection":[{"href":"https:\/\/infois.ro\/index.php?rest_route=\/wp\/v2\/posts"}],"about":[{"href":"https:\/\/infois.ro\/index.php?rest_route=\/wp\/v2\/types\/post"}],"author":[{"embeddable":true,"href":"https:\/\/infois.ro\/index.php?rest_route=\/wp\/v2\/users\/2"}],"replies":[{"embeddable":true,"href":"https:\/\/infois.ro\/index.php?rest_route=%2Fwp%2Fv2%2Fcomments&post=5466"}],"version-history":[{"count":1,"href":"https:\/\/infois.ro\/index.php?rest_route=\/wp\/v2\/posts\/5466\/revisions"}],"predecessor-version":[{"id":5468,"href":"https:\/\/infois.ro\/index.php?rest_route=\/wp\/v2\/posts\/5466\/revisions\/5468"}],"wp:featuredmedia":[{"embeddable":true,"href":"https:\/\/infois.ro\/index.php?rest_route=\/wp\/v2\/media\/5467"}],"wp:attachment":[{"href":"https:\/\/infois.ro\/index.php?rest_route=%2Fwp%2Fv2%2Fmedia&parent=5466"}],"wp:term":[{"taxonomy":"category","embeddable":true,"href":"https:\/\/infois.ro\/index.php?rest_route=%2Fwp%2Fv2%2Fcategories&post=5466"},{"taxonomy":"post_tag","embeddable":true,"href":"https:\/\/infois.ro\/index.php?rest_route=%2Fwp%2Fv2%2Ftags&post=5466"}],"curies":[{"name":"wp","href":"https:\/\/api.w.org\/{rel}","templated":true}]}}