{"id":54875,"date":"2021-05-19T15:21:56","date_gmt":"2021-05-19T12:21:56","guid":{"rendered":"http:\/\/infois.ro\/?p=54875"},"modified":"2021-05-20T09:23:08","modified_gmt":"2021-05-20T06:23:08","slug":"481-de-locuri-de-munca-puse-la-dispozitie-de-ajofm-in-saptamana-19-26-mai","status":"publish","type":"post","link":"https:\/\/infois.ro\/?p=54875","title":{"rendered":"481 de locuri de munc\u0103, puse la dispozi\u0163ie de AJOFM \u00een s\u0103pt\u0103m\u00e2na 19 \u2013 26 mai"},"content":{"rendered":"<p><a href=\"http:\/\/infois.ro\/wp-content\/uploads\/2013\/12\/ajofm.jpg\"><img loading=\"lazy\" decoding=\"async\" class=\"alignleft  wp-image-8723\" src=\"http:\/\/infois.ro\/wp-content\/uploads\/2013\/12\/ajofm.jpg\" alt=\"\" width=\"317\" height=\"238\" srcset=\"https:\/\/infois.ro\/wp-content\/uploads\/2013\/12\/ajofm.jpg 600w, https:\/\/infois.ro\/wp-content\/uploads\/2013\/12\/ajofm-300x225.jpg 300w\" sizes=\"(max-width: 317px) 100vw, 317px\" \/><\/a><\/p>\n<p style=\"text-align: justify;\">\u00cen s\u0103pt\u0103m\u00e2na 19 \u2013 26 mai, Agen\u0163ia Jude\u0163ean\u0103 pentru Ocuparea For\u0163ei de Munc\u0103 (AJOFM) Ia\u015fi pune la dispozi\u0163ie 481 de locuri de munc\u0103 vacante, din care 398 pentru persoanele cu studii medii \u015fi 83 pentru cele cu studii superioare. Cele mai multe locuri disponibile sunt \u00een servicii (263), construc\u0163ii (131), industrie (44), confec\u0163ii (25), agricultur\u0103 \u015fi silvicultur\u0103 (12) \u015fi, respectiv, s\u0103n\u0103tate \u015fi asisten\u0163\u0103 social\u0103 (6). \u00cen aceea\u015fi perioad\u0103, potrivit portalului de mobilitate a for\u0163ei de munc\u0103 EURES sunt puse la dispozi\u0163ie 119 locuri de munc\u0103 vacante, din care 66 \u00een Norvegia, 21 \u00een Germania, 14 \u00een Polonia, 10 \u00een Olanda, c\u00e2te 3 \u00een Italia \u015fi Malta \u015fi 2 locuri \u00een Slovenia. Cele mai c\u0103utate locuri de munc\u0103 sunt cele de \u015fofer profesionist (10), culeg\u0103tor flori (10), coafor (10), instalator ventila\u0163ie (10) \u015fi lucr\u0103tor \u00een produc\u0163ie (10).<\/p>\n<p style=\"text-align: justify;\">\n","protected":false},"excerpt":{"rendered":"<p>\u00cen s\u0103pt\u0103m\u00e2na 19 \u2013 26 mai, Agen\u0163ia Jude\u0163ean\u0103 pentru Ocuparea For\u0163ei de Munc\u0103 (AJOFM) Ia\u015fi&#8230; <a class=\"meta-more\" href=\"https:\/\/infois.ro\/?p=54875\">more <span class=\"meta-nav\">&raquo;<\/span><\/a><\/p>\n","protected":false},"author":2,"featured_media":8723,"comment_status":"closed","ping_status":"closed","sticky":false,"template":"","format":"standard","meta":{"footnotes":""},"categories":[6,41],"tags":[74,560,40,541],"aioseo_notices":[],"_links":{"self":[{"href":"https:\/\/infois.ro\/index.php?rest_route=\/wp\/v2\/posts\/54875"}],"collection":[{"href":"https:\/\/infois.ro\/index.php?rest_route=\/wp\/v2\/posts"}],"about":[{"href":"https:\/\/infois.ro\/index.php?rest_route=\/wp\/v2\/types\/post"}],"author":[{"embeddable":true,"href":"https:\/\/infois.ro\/index.php?rest_route=\/wp\/v2\/users\/2"}],"replies":[{"embeddable":true,"href":"https:\/\/infois.ro\/index.php?rest_route=%2Fwp%2Fv2%2Fcomments&post=54875"}],"version-history":[{"count":1,"href":"https:\/\/infois.ro\/index.php?rest_route=\/wp\/v2\/posts\/54875\/revisions"}],"predecessor-version":[{"id":54876,"href":"https:\/\/infois.ro\/index.php?rest_route=\/wp\/v2\/posts\/54875\/revisions\/54876"}],"wp:featuredmedia":[{"embeddable":true,"href":"https:\/\/infois.ro\/index.php?rest_route=\/wp\/v2\/media\/8723"}],"wp:attachment":[{"href":"https:\/\/infois.ro\/index.php?rest_route=%2Fwp%2Fv2%2Fmedia&parent=54875"}],"wp:term":[{"taxonomy":"category","embeddable":true,"href":"https:\/\/infois.ro\/index.php?rest_route=%2Fwp%2Fv2%2Fcategories&post=54875"},{"taxonomy":"post_tag","embeddable":true,"href":"https:\/\/infois.ro\/index.php?rest_route=%2Fwp%2Fv2%2Ftags&post=54875"}],"curies":[{"name":"wp","href":"https:\/\/api.w.org\/{rel}","templated":true}]}}