{"id":5630,"date":"2013-05-29T15:21:04","date_gmt":"2013-05-29T12:21:04","guid":{"rendered":"http:\/\/infois.ro\/?p=5630"},"modified":"2013-05-29T15:21:04","modified_gmt":"2013-05-29T12:21:04","slug":"philippe-kern-dezbate-candidatura-iasului-la-titlul-de-capitala-culturala-europeana","status":"publish","type":"post","link":"https:\/\/infois.ro\/?p=5630","title":{"rendered":"Philippe Kern dezbate candidatura Ia\u015fului la titlul de capital\u0103 cultural\u0103 european\u0103"},"content":{"rendered":"<p style=\"text-align: justify;\"><a class=\"highslide\" style=\"font-size: 13px; line-height: 19px;\" onclick=\"return vz.expand(this)\" href=\"http:\/\/infois.ro\/wp-content\/uploads\/2013\/05\/philippe-kern.jpg\"><img loading=\"lazy\" decoding=\"async\" class=\"alignleft size-large wp-image-5631\" title=\"philippe kern\" src=\"http:\/\/infois.ro\/wp-content\/uploads\/cache\/2013\/05\/philippe-kern\/2598733496.jpg\" alt=\"\" width=\"640\" height=\"640\" \/><\/a><\/p>\n<p style=\"text-align: justify;\">Prim\u0103ria municipiului Ia\u0219i \u0219i Funda\u021bia \u201dIa\u015fi &#8211; Capital\u0103 Cultural\u0103 European\u0103\u201d organizeaz\u0103 vineri, 31 mai, \u00eencep\u00e2nd de la ora 10.00, \u00een Sala Mare a Prim\u0103riei, o dezbaterea preliminar\u0103 asupra conceptului \u0219i a strategiei pe termen lung \u00een jurul c\u0103rora se va organiza dosarul de candidatur\u0103 a municipiului Ia\u0219i pentru titlul de \u201dCapital\u0103 Cultural\u0103 European\u0103\u201d \u00een anul 2021. La dezbatere particip\u0103, la invita\u021bia primarului municipiului Ia\u0219i, Gheorghe Nichita, Philippe Kern, expert european de prestigiu, pre\u0219edinte al companiei \u201dKea European Affairs\u201d din Bruxelles, una dintre cele mai importante firme de consultan\u021b\u0103 din lume \u00een privin\u021ba strategiilor \u0219i politicilor publice \u00een domeniul culturii \u0219i industriilor creative, cea care a sprijinit dosarul de candidatur\u0103 de succes a ora\u0219ului Lille, Fran\u021ba, Capital\u0103 Cultural\u0103 European\u0103 \u00een 2004. La dezbatere sunt invita\u021bi s\u0103 participe, de asemenea, membrii Consiliului Local Municipal, cei ai comisiilor de cultur\u0103 de la nivelul Consiliului Jude\u021bean \u0219i Municipal, directori de institu\u021bii reprezentative, exper\u021bi \u0219i reprezentan\u021bi ai societ\u0103\u021bii civile care vor fi implica\u021bi \u00een construirea dosarului de candidatur\u0103 a municipiului Ia\u0219i.<strong><\/strong><\/p>\n","protected":false},"excerpt":{"rendered":"<p>Prim\u0103ria municipiului Ia\u0219i \u0219i Funda\u021bia \u201dIa\u015fi &#8211; Capital\u0103 Cultural\u0103 European\u0103\u201d organizeaz\u0103 vineri, 31 mai, \u00eencep\u00e2nd&#8230; <a class=\"meta-more\" href=\"https:\/\/infois.ro\/?p=5630\">more <span class=\"meta-nav\">&raquo;<\/span><\/a><\/p>\n","protected":false},"author":2,"featured_media":5631,"comment_status":"open","ping_status":"closed","sticky":false,"template":"","format":"standard","meta":{"footnotes":""},"categories":[1,41],"tags":[74,2366,2367,296],"aioseo_notices":[],"_links":{"self":[{"href":"https:\/\/infois.ro\/index.php?rest_route=\/wp\/v2\/posts\/5630"}],"collection":[{"href":"https:\/\/infois.ro\/index.php?rest_route=\/wp\/v2\/posts"}],"about":[{"href":"https:\/\/infois.ro\/index.php?rest_route=\/wp\/v2\/types\/post"}],"author":[{"embeddable":true,"href":"https:\/\/infois.ro\/index.php?rest_route=\/wp\/v2\/users\/2"}],"replies":[{"embeddable":true,"href":"https:\/\/infois.ro\/index.php?rest_route=%2Fwp%2Fv2%2Fcomments&post=5630"}],"version-history":[{"count":1,"href":"https:\/\/infois.ro\/index.php?rest_route=\/wp\/v2\/posts\/5630\/revisions"}],"predecessor-version":[{"id":5632,"href":"https:\/\/infois.ro\/index.php?rest_route=\/wp\/v2\/posts\/5630\/revisions\/5632"}],"wp:featuredmedia":[{"embeddable":true,"href":"https:\/\/infois.ro\/index.php?rest_route=\/wp\/v2\/media\/5631"}],"wp:attachment":[{"href":"https:\/\/infois.ro\/index.php?rest_route=%2Fwp%2Fv2%2Fmedia&parent=5630"}],"wp:term":[{"taxonomy":"category","embeddable":true,"href":"https:\/\/infois.ro\/index.php?rest_route=%2Fwp%2Fv2%2Fcategories&post=5630"},{"taxonomy":"post_tag","embeddable":true,"href":"https:\/\/infois.ro\/index.php?rest_route=%2Fwp%2Fv2%2Ftags&post=5630"}],"curies":[{"name":"wp","href":"https:\/\/api.w.org\/{rel}","templated":true}]}}