{"id":5654,"date":"2013-05-30T09:26:26","date_gmt":"2013-05-30T06:26:26","guid":{"rendered":"http:\/\/infois.ro\/?p=5654"},"modified":"2015-02-04T08:54:38","modified_gmt":"2015-02-04T06:54:38","slug":"lucrarile-de-consolidare-si-reabilitare-a-imobilului-din-str-vasile-alecsandri-nr-6-suplimentate-cu-suma-de-21-milioane-de-lei","status":"publish","type":"post","link":"https:\/\/infois.ro\/?p=5654","title":{"rendered":"Lucr\u0103rile de consolidare \u0219i reabilitare a imobilului din str. Vasile Alecsandri nr. 6, suplimentate cu suma de 2,1 milioane de lei"},"content":{"rendered":"<p style=\"text-align: justify;\"><a class=\"highslide\" href=\"http:\/\/infois.ro\/wp-content\/uploads\/2013\/05\/v-alecsandri.jpg\"><img loading=\"lazy\" decoding=\"async\" class=\"alignleft size-large wp-image-5655\" title=\"v alecsandri\" src=\"http:\/\/infois.ro\/wp-content\/uploads\/cache\/2013\/05\/v-alecsandri\/221217850.jpg\" alt=\"\" width=\"640\" height=\"392\" \/><\/a><\/p>\n<p style=\"text-align: justify;\">\u00centruni\u021bi miercuri, 29 mai, \u00een \u0219edin\u021b\u0103 ordinar\u0103, consilierii jude\u021beni ie\u0219eni au aprobat, printre altele, suplimentarea cu suma de 2,1 milioane de lei a fondurilor necesare pentru continuarea lucr\u0103rilor de consolidare, refunc\u021bionalizare \u0219i mansardare a imobilului monument istoric, situat pe str. Vasile Alecsandri nr. 6, \u00een care urmeaz\u0103 s\u0103-\u0219i mute activitatea institu\u021bia Consiliului Jude\u021bean Ia\u0219i. P\u00e2n\u0103 \u00een prezent, pentru lucr\u0103rile de consolidare \u0219i reabilitare a imobilului din str. Vasile Alecsandri nr. 6 s-au cheltuiit 4,9 milioane de lei (\u00een mandatul fostului pre\u0219edintele al institu\u021biei, Constantin Simirad). Pentru c\u0103 exista riscul ca, \u00een cazul \u00een care finan\u021barea nu ar mai fi continuat, o bun\u0103 parte dintre lucr\u0103rile deja executate la imobil s\u0103 se deterioreze, consilierii jude\u021beni au decis s\u0103 aloce, \u00een regim de urgen\u021b\u0103, suma de 2,1 milioane de lei, pentru finalizarea c\u00e2t mai rapid\u0103 a investi\u021biei. Mai mult, potrivit proiectului de hot\u0103r\u00e2re, aprobat de plenul Legislativului jude\u021bean, lucr\u0103rile care urmeaz\u0103 s\u0103 fie executate la imobil vor trebui s\u0103 respecte standardele interna\u021bionale de calitate, care s\u0103 permit\u0103 o via\u021b\u0103 c\u00e2t mai lung\u0103 a cl\u0103dirii. Lucr\u0103rile de consolidare, refunc\u021bionalizare \u0219i mansardare a imobilului monument istoric, situat pe str. Vasile Alecsandri nr. 6 sunt sunt executate de societatea comercial\u0103 Moldoconstruct, \u00een asociere cu firma DAS, diriginte de \u015fantier fiind \u00centreprinderea Industrial\u0103 &#8220;Carp Gheorghe&#8221;. Lucr\u0103rile au fost estimate s\u0103 dureze, ini\u021bial, 18 luni, urm\u00e2nd ca dup\u0103 finalizarea acestora, mai multe birouri \u015fi servicii din cadrul Consiliului Jude\u0163ean s\u0103 se mute \u00een noul sediu. Cel care a luat decizia privind mutarea sediului administra\u0163iei jude\u0163ene din cauza st\u0103rii precare a Palatului administrativ, imobil ce g\u0103zduie\u015fte acum sediul Prefecturii \u015fi al Consiliului Jude\u0163ean.\u00a0 Cl\u0103direa, cunoscut\u0103 de ie\u015feni \u015fi sub numele de \u201eCasa p\u0103trat\u0103\u201d, ca urmare a formei sale geometrice, a fost dat\u0103 \u00een folosin\u0163\u0103 \u00een anul 1967, afl\u00e2ndu-se \u00een prezent \u00eentr-o stare deosebit de precar\u0103 din punct de vedere al structurii de rezisten\u0163\u0103. Tot \u00een cadrul \u0219edin\u021bei de joi, 29 mai, consilierii jude\u021beni au aprobat regulamentul de organizare \u0219i func\u021bionare al aparatului de specialitate al CJ Ia\u0219i, precum \u0219i regulamentul de organizare \u0219i func\u021bionare al Muzeului Literaturii Rom\u00e2ne Ia\u0219i. De asemenea, \u00een cadrul \u0219edin\u021bei de ieri, consilierii jude\u021beni au aprobat noua organigram\u0103 \u0219i statul de func\u021bii al Teatrului Pentru Copii \u0219i Tineret \u201dLuceaf\u0103rul\u201d. Nu \u00een ultimul r\u00e2nd, plenul Consiliului Jude\u021bean a aprobat finan\u0163area cu suma de 5000.000 de lei a proiectelor\u00a0 propuse de organiza\u0163iile neguvernamentale din jude\u021b.<\/p>\n","protected":false},"excerpt":{"rendered":"<p>\u00centruni\u021bi miercuri, 29 mai, \u00een \u0219edin\u021b\u0103 ordinar\u0103, consilierii jude\u021beni ie\u0219eni au aprobat, printre altele, suplimentarea&#8230; <a class=\"meta-more\" href=\"https:\/\/infois.ro\/?p=5654\">more <span class=\"meta-nav\">&raquo;<\/span><\/a><\/p>\n","protected":false},"author":2,"featured_media":5655,"comment_status":"open","ping_status":"closed","sticky":false,"template":"","format":"standard","meta":{"footnotes":""},"categories":[1,41],"tags":[74,133,2189,40,1583],"aioseo_notices":[],"_links":{"self":[{"href":"https:\/\/infois.ro\/index.php?rest_route=\/wp\/v2\/posts\/5654"}],"collection":[{"href":"https:\/\/infois.ro\/index.php?rest_route=\/wp\/v2\/posts"}],"about":[{"href":"https:\/\/infois.ro\/index.php?rest_route=\/wp\/v2\/types\/post"}],"author":[{"embeddable":true,"href":"https:\/\/infois.ro\/index.php?rest_route=\/wp\/v2\/users\/2"}],"replies":[{"embeddable":true,"href":"https:\/\/infois.ro\/index.php?rest_route=%2Fwp%2Fv2%2Fcomments&post=5654"}],"version-history":[{"count":3,"href":"https:\/\/infois.ro\/index.php?rest_route=\/wp\/v2\/posts\/5654\/revisions"}],"predecessor-version":[{"id":15612,"href":"https:\/\/infois.ro\/index.php?rest_route=\/wp\/v2\/posts\/5654\/revisions\/15612"}],"wp:featuredmedia":[{"embeddable":true,"href":"https:\/\/infois.ro\/index.php?rest_route=\/wp\/v2\/media\/5655"}],"wp:attachment":[{"href":"https:\/\/infois.ro\/index.php?rest_route=%2Fwp%2Fv2%2Fmedia&parent=5654"}],"wp:term":[{"taxonomy":"category","embeddable":true,"href":"https:\/\/infois.ro\/index.php?rest_route=%2Fwp%2Fv2%2Fcategories&post=5654"},{"taxonomy":"post_tag","embeddable":true,"href":"https:\/\/infois.ro\/index.php?rest_route=%2Fwp%2Fv2%2Ftags&post=5654"}],"curies":[{"name":"wp","href":"https:\/\/api.w.org\/{rel}","templated":true}]}}