{"id":5657,"date":"2013-05-30T09:29:55","date_gmt":"2013-05-30T06:29:55","guid":{"rendered":"http:\/\/infois.ro\/?p=5657"},"modified":"2013-05-30T09:29:55","modified_gmt":"2013-05-30T06:29:55","slug":"judetul-iasi-va-gazdui-un-seminar-al-comitetului-regiunilor-si-un-business-forum-transfrontalier","status":"publish","type":"post","link":"https:\/\/infois.ro\/?p=5657","title":{"rendered":"Jude\u021bul Ia\u0219i va g\u0103zdui un seminar al Comitetului Regiunilor \u0219i un business forum transfrontalier"},"content":{"rendered":"<p style=\"text-align: justify;\"><a class=\"highslide\" onclick=\"return vz.expand(this)\" href=\"http:\/\/infois.ro\/wp-content\/uploads\/2013\/05\/Casa-patrata-iasi.jpg\"><img loading=\"lazy\" decoding=\"async\" class=\"alignleft size-large wp-image-5658\" title=\"Casa patrata iasi\" src=\"http:\/\/infois.ro\/wp-content\/uploads\/cache\/2013\/05\/Casa-patrata-iasi\/1974026898.jpg\" alt=\"\" width=\"640\" height=\"480\" \/><\/a><\/p>\n<p style=\"text-align: justify;\">La mijlocul lunii iunie, jude\u021bul Ia\u0219i va fi gazda a dou\u0103 evenimente importante \u00een ceea ce prive\u0219te politica extern\u0103 a Rom\u00e2niei. Primul eveniment va avea loc \u00een perioada 16-18 iunie \u0219i va consta \u00eentr-un seminar extern al Comisiei CIVEX a Comitetului Regiunilor pe tema \u201eCooper\u0103rii transfrontaliere la grani\u021ba de est a Uniunii Europene\u201d. Totodat\u0103, Forumul Economic Transfrontalier va avea loc \u00een perioada 17-18 iunie, co-organizator fiind Euroregiunea Siret-Prut-Nistru. \u201e<em>Primul eveniment este un seminar al Comisiei CIVEX din cadrul Comitetului Regiunilor. Vor fi 30 de pre\u0219edin\u021bi, primari, consilieri europeni, membri ai Comitetului Regiunilor, care vor veni la Ia\u0219i. Vom avea ca tem\u0103 cooperarea transfrontalier\u0103. \u00cen acela\u0219i timp vom organiza prima edi\u021bie a unui forum de business la care vor participa, pe l\u00e2ng\u0103 reprezentan\u021bi ai administra\u021biei publice locale, firme din Ia\u0219i \u0219i Vaslui, cele dou\u0103 jude\u021be din Rom\u00e2nia care fac parte din Euroregiunea Siret &#8211; Prut &#8211; Nistru, \u0219i circa o sut\u0103 de companii importante din 23 de raioane din Republica Moldova, c\u00e2te sunt \u00een Euroregiune, \u0219i Ucraina. Vom avea ca invita\u021bi \u0219i Pre\u0219edin\u021bii \u0219i deciden\u021bii politici din Regiunile ucrainene Odessa \u0219i Vinnitsa. Sunt cele dou\u0103 mari regiuni care m\u0103rginesc la nord \u0219i la est Republica Moldova \u0219i cu care Jude\u021bul Ia\u0219i are rela\u021bii foarte bune<\/em>\u201d, a declarat Cristian Adomni\u021bei, pre\u0219edintele Consiliului Jude\u021bean Ia\u0219i \u0219i totodat\u0103 membru \u00een Comisia CIVEX a Comitetului Regiunilor.<\/p>\n<p style=\"text-align: justify;\">Comitetul Regiunilor este reprezentantul regiunilor \u015fi ora\u015felor din Uniunea European\u0103. Cei 344 de membri, reprezentan\u0163i locali \u015fi regionali ale\u015fi din cele 27 de state membre ale Uniunii Europene (UE), se \u00eent\u00e2lnesc, anual, \u00een 6 sesiuni plenare, organizeaz\u0103 peste 40 de consult\u0103ri ale p\u0103r\u021bilor interesate \u0219i peste 300 de evenimente, dau peste 50 de avize privind legisla\u0163ia UE. Comitetul Regiunilor are 6 comisii care, pe baza tratatelor UE, au competen\u0163e \u00een urm\u0103toarele domenii politice:<\/p>\n<p style=\"text-align: justify;\">1)\u00a0\u00a0\u00a0 Ocuparea for\u0163ei de munc\u0103, formare profesional\u0103, coeziune economic\u0103 \u015fi social\u0103, politica social\u0103, s\u0103n\u0103tate;<\/p>\n<p style=\"text-align: justify;\">2)\u00a0\u00a0\u00a0 Educa\u0163ie \u015fi cultur\u0103;<\/p>\n<p style=\"text-align: justify;\">3)\u00a0\u00a0\u00a0 Mediu, schimb\u0103ri climatice, energie;<\/p>\n<p style=\"text-align: justify;\">4)\u00a0\u00a0\u00a0 Transport \u015fi re\u0163ele transeuropene;<\/p>\n<p style=\"text-align: justify;\">5)\u00a0\u00a0\u00a0 Protec\u0163ia civil\u0103 \u015fi serviciile de interes general;<\/p>\n<p style=\"text-align: justify;\">6)\u00a0\u00a0\u00a0 CIVEX \u2013 Comisia pentru cet\u0103\u0163enie, guvernan\u0163\u0103, afaceri externe \u015fi institu\u0163ionale este responsabil\u0103 pentru coordonarea activit\u0103\u021bii \u00een domenii care includ justi\u021bie \u0219i afaceri interne, drepturi \u0219i libert\u0103\u021bi fundamentale, reglementare, cet\u0103\u021benie, precum \u0219i teme institu\u021bionale mai largi \u2013 guvernare \u0219i proces administrativ. Comisia lucreaz\u0103 pe teme privind dimensiunea extern\u0103 a Uniunii Europene, cu accent pe statele vecine \u0219i candidate, precum \u0219i pe teme privind cooperarea descentralizat\u0103.<\/p>\n","protected":false},"excerpt":{"rendered":"<p>La mijlocul lunii iunie, jude\u021bul Ia\u0219i va fi gazda a dou\u0103 evenimente importante \u00een ceea&#8230; <a class=\"meta-more\" href=\"https:\/\/infois.ro\/?p=5657\">more <span class=\"meta-nav\">&raquo;<\/span><\/a><\/p>\n","protected":false},"author":2,"featured_media":5658,"comment_status":"open","ping_status":"closed","sticky":false,"template":"","format":"standard","meta":{"footnotes":""},"categories":[1],"tags":[],"aioseo_notices":[],"_links":{"self":[{"href":"https:\/\/infois.ro\/index.php?rest_route=\/wp\/v2\/posts\/5657"}],"collection":[{"href":"https:\/\/infois.ro\/index.php?rest_route=\/wp\/v2\/posts"}],"about":[{"href":"https:\/\/infois.ro\/index.php?rest_route=\/wp\/v2\/types\/post"}],"author":[{"embeddable":true,"href":"https:\/\/infois.ro\/index.php?rest_route=\/wp\/v2\/users\/2"}],"replies":[{"embeddable":true,"href":"https:\/\/infois.ro\/index.php?rest_route=%2Fwp%2Fv2%2Fcomments&post=5657"}],"version-history":[{"count":1,"href":"https:\/\/infois.ro\/index.php?rest_route=\/wp\/v2\/posts\/5657\/revisions"}],"predecessor-version":[{"id":5659,"href":"https:\/\/infois.ro\/index.php?rest_route=\/wp\/v2\/posts\/5657\/revisions\/5659"}],"wp:featuredmedia":[{"embeddable":true,"href":"https:\/\/infois.ro\/index.php?rest_route=\/wp\/v2\/media\/5658"}],"wp:attachment":[{"href":"https:\/\/infois.ro\/index.php?rest_route=%2Fwp%2Fv2%2Fmedia&parent=5657"}],"wp:term":[{"taxonomy":"category","embeddable":true,"href":"https:\/\/infois.ro\/index.php?rest_route=%2Fwp%2Fv2%2Fcategories&post=5657"},{"taxonomy":"post_tag","embeddable":true,"href":"https:\/\/infois.ro\/index.php?rest_route=%2Fwp%2Fv2%2Ftags&post=5657"}],"curies":[{"name":"wp","href":"https:\/\/api.w.org\/{rel}","templated":true}]}}