{"id":56882,"date":"2021-09-02T14:22:42","date_gmt":"2021-09-02T11:22:42","guid":{"rendered":"http:\/\/infois.ro\/?p=56882"},"modified":"2021-09-02T15:24:14","modified_gmt":"2021-09-02T12:24:14","slug":"educatie-pe-tabla-de-sah-proiect-derulat-in-localitatile-din-mediul-rural-din-judetul-iasi","status":"publish","type":"post","link":"https:\/\/infois.ro\/?p=56882","title":{"rendered":"\u201cEduca\u0163ie pe tabla de \u015fah\u201d \u2013 proiect derulat \u00een localit\u0103\u0163ile din mediul rural din jude\u0163ul Ia\u015fi"},"content":{"rendered":"<p><a href=\"http:\/\/infois.ro\/wp-content\/uploads\/2021\/09\/educatie-pe-tabla.jpg\"><img loading=\"lazy\" decoding=\"async\" class=\"alignleft  wp-image-56883\" src=\"http:\/\/infois.ro\/wp-content\/uploads\/2021\/09\/educatie-pe-tabla.jpg\" alt=\"\" width=\"415\" height=\"197\" srcset=\"https:\/\/infois.ro\/wp-content\/uploads\/2021\/09\/educatie-pe-tabla.jpg 640w, https:\/\/infois.ro\/wp-content\/uploads\/2021\/09\/educatie-pe-tabla-300x143.jpg 300w\" sizes=\"(max-width: 415px) 100vw, 415px\" \/><\/a><\/p>\n<p style=\"text-align: justify;\">\u00cen cadrul proiectului educa\u0163ional \u201cEduca\u0163ie pe tabla de \u015fah\u201d, ini\u0163iat de Asocia\u021bia Club Sportiv Pionii Regelui &#8211; Rom\u00e2ne\u0219ti, derulat \u00een parteneriat cu Inspectoratul \u0218colar Jude\u021bean, la sf\u00e2r\u015fitul s\u0103pt\u0103m\u00e2nii trecute s-a desf\u0103\u015furat turneul de \u015fah ,,Emanuel Lasker\u201d.<\/p>\n<p style=\"text-align: justify;\">Turneul a aliniat la start 103 participan\u021bi provenind din 11 localit\u0103\u021bi din jude\u0163ul Ia\u015fi, respectiv Rom\u00e2ne\u0219ti, Podu Iloaiei, Sine\u0219ti, Hele\u0219teni, Cogeasca, O\u021beleni, V\u00e2n\u0103tori, Erbiceni, Cozia \u015fi Vama.<\/p>\n<p style=\"text-align: justify;\">Proiectul educa\u0163ional \u201cEduca\u0163ie pe tabla de \u015fah\u201d, care va fi implementat\u00a0 p\u00e2n\u0103 \u00een \u00a0august 2022, are ca obiectiv principal desf\u0103\u0219urarea unor activit\u0103\u021bi \u00een sfera educa\u021biei prin \u0219ah \u00een 20 de \u0219coli din mediul rural din jude\u021bul Ia\u0219i.<\/p>\n","protected":false},"excerpt":{"rendered":"<p>\u00cen cadrul proiectului educa\u0163ional \u201cEduca\u0163ie pe tabla de \u015fah\u201d, ini\u0163iat de Asocia\u021bia Club Sportiv Pionii&#8230; <a class=\"meta-more\" href=\"https:\/\/infois.ro\/?p=56882\">more <span class=\"meta-nav\">&raquo;<\/span><\/a><\/p>\n","protected":false},"author":2,"featured_media":56883,"comment_status":"closed","ping_status":"closed","sticky":false,"template":"","format":"standard","meta":{"footnotes":""},"categories":[12,41],"tags":[74,40,3112,342,5254],"aioseo_notices":[],"_links":{"self":[{"href":"https:\/\/infois.ro\/index.php?rest_route=\/wp\/v2\/posts\/56882"}],"collection":[{"href":"https:\/\/infois.ro\/index.php?rest_route=\/wp\/v2\/posts"}],"about":[{"href":"https:\/\/infois.ro\/index.php?rest_route=\/wp\/v2\/types\/post"}],"author":[{"embeddable":true,"href":"https:\/\/infois.ro\/index.php?rest_route=\/wp\/v2\/users\/2"}],"replies":[{"embeddable":true,"href":"https:\/\/infois.ro\/index.php?rest_route=%2Fwp%2Fv2%2Fcomments&post=56882"}],"version-history":[{"count":1,"href":"https:\/\/infois.ro\/index.php?rest_route=\/wp\/v2\/posts\/56882\/revisions"}],"predecessor-version":[{"id":56884,"href":"https:\/\/infois.ro\/index.php?rest_route=\/wp\/v2\/posts\/56882\/revisions\/56884"}],"wp:featuredmedia":[{"embeddable":true,"href":"https:\/\/infois.ro\/index.php?rest_route=\/wp\/v2\/media\/56883"}],"wp:attachment":[{"href":"https:\/\/infois.ro\/index.php?rest_route=%2Fwp%2Fv2%2Fmedia&parent=56882"}],"wp:term":[{"taxonomy":"category","embeddable":true,"href":"https:\/\/infois.ro\/index.php?rest_route=%2Fwp%2Fv2%2Fcategories&post=56882"},{"taxonomy":"post_tag","embeddable":true,"href":"https:\/\/infois.ro\/index.php?rest_route=%2Fwp%2Fv2%2Ftags&post=56882"}],"curies":[{"name":"wp","href":"https:\/\/api.w.org\/{rel}","templated":true}]}}