{"id":57154,"date":"2021-09-14T14:59:20","date_gmt":"2021-09-14T11:59:20","guid":{"rendered":"http:\/\/infois.ro\/?p=57154"},"modified":"2021-09-15T09:06:05","modified_gmt":"2021-09-15T06:06:05","slug":"pregatit-pentru-viitor-proiect-de-incluziune-pe-piata-muncii-a-tinerilor-si-somerilor","status":"publish","type":"post","link":"https:\/\/infois.ro\/?p=57154","title":{"rendered":"\u201cPreg\u0103tit pentru viitor\u201d &#8211; proiect de incluziune pe pia\u0163a muncii a tinerilor \u015fi \u015fomerilor"},"content":{"rendered":"<p><a href=\"http:\/\/infois.ro\/wp-content\/uploads\/2018\/10\/invatamant-dual.jpg\"><img loading=\"lazy\" decoding=\"async\" class=\"alignleft  wp-image-36939\" src=\"http:\/\/infois.ro\/wp-content\/uploads\/2018\/10\/invatamant-dual.jpg\" alt=\"\" width=\"441\" height=\"295\" srcset=\"https:\/\/infois.ro\/wp-content\/uploads\/2018\/10\/invatamant-dual.jpg 640w, https:\/\/infois.ro\/wp-content\/uploads\/2018\/10\/invatamant-dual-300x201.jpg 300w\" sizes=\"(max-width: 441px) 100vw, 441px\" \/><\/a><\/p>\n<p style=\"text-align: justify;\">\u00cen data de 01.09.2021 a fost semnat contractul nr. 16749\/01.09.2021 pentru proiectul \u201ePREG\u0102TIT PENTRU VIITOR\u201d, proiect cofinan\u021bat din Fondul Social European prin Programul Opera\u021bional Capital Uman 2014 \u2013 2020, axa prioritar\u0103 1 &#8211; \u00eembun\u0103t\u0103\u021birea situa\u021biei tinerilor din categoria NEETs.<\/p>\n<p style=\"text-align: justify;\">Agen\u0163ia Jude\u021bean\u0103 pentru Ocuparea For\u021bei de Munc\u0103 (AJOFM) Ia\u015fi, \u00een calitate de beneficiar al finan\u021b\u0103rii, \u00een parteneriat cu Agen\u0163ia Jude\u021bean\u0103 pentru Ocuparea For\u021bei de Munc\u0103 Maramure\u0219, Blue Consulting SRL \u0219i Clemon SRL, implementeaz\u0103 proiectul \u201ePREG\u0102TIT PENTRU VIITOR\u201d, cod SMIS 2014+ 150110, proiect cofinan\u021bat din Fondul Social European prin Programul Opera\u021bional Capital Uman 2014 \u2013 2020, axa prioritar\u0103 1 &#8211; \u00eembun\u0103t\u0103\u021birea situa\u021biei tinerilor din categoria NEETs.<\/p>\n<p style=\"text-align: justify;\">Contractul de finan\u021bare nr. 16749\/01.09.2021 a fost \u00eencheiat cu OIRPOSDRU Nord- Est, \u00een calitate de Organism Intermediar pentru Programul Opera\u021bional Competitivitate 2014-2020.<\/p>\n<p style=\"text-align: justify;\">Valoarea total\u0103 eligibil\u0103 a proiectului este de 19.408.550,30 lei, din care valoarea eligibil\u0103 nerambursabil\u0103 din FSE este de 16.358.423,89 lei, valoarea eligibil\u0103 nerambursabil\u0103 din bugetul na\u021bional este de 1.123.673,88 lei \u0219i valoarea co-finan\u021b\u0103rii eligibile a beneficiarului \u00een valoare 1.926.452,53 lei<\/p>\n<p style=\"text-align: justify;\">Obiectivul general al proiectului este cre\u0219terea \u0219anselor de ocupare \u0219i \u00eembun\u0103t\u0103\u021birea situa\u021biei pentru 1.051 tineri \u015fi \u015fomeri cu v\u00e2rsta \u00eentre\u00a0 16 \u2013 29 ani (din care 250 din mediul rural \u0219i 110 de etnie rom\u0103) \u00eenregistra\u021bi la SPO, cu reziden\u021ba \u00een jude\u021bele Ia\u0219i \u0219i Maramure\u0219, prin implementarea de servicii integrate \u0219i flexibile de ocupare pe pia\u021ba for\u021bei de munc\u0103, demers concretizat prin ob\u021binerea unui certificat de calificare de c\u0103tre cel pu\u021bin 780 de tineri NEETs, angajarea a minimum 455 de tineri, precum \u0219i infiin\u021barea a 36 noi afaceri.<\/p>\n<p style=\"text-align: justify;\">Obiectivele specifice ale proiectului:<\/p>\n<p style=\"text-align: justify;\">OS 1:<\/p>\n<p style=\"text-align: justify;\">Identificarea unui num\u0103r de minim 1051 tineri NEETs, \u0219omeri cu v\u00e2rsta \u00eentre 16 &#8211; 29 ani, cu reziden\u021ba \u00een judetele Ia\u0219i \u0219i Maramure\u0219 prin dezvoltarea unei campanii de informare \u0219i promovare \u0219i \u00eembun\u0103t\u0103\u021birea nivelului de competen\u021be pentru 840 tineri NEETs \u0219omeri cu nivelurile de ocupabilitate B,C si D prin participarea la programe de formare profesional\u0103 a adul\u021bilor, demers concretizat prin ob\u021binerea unui certificat de calificare de c\u0103tre cel pu\u021bin 780 tineri NEETs.<\/p>\n<p style=\"text-align: justify;\">OS 2:<\/p>\n<p style=\"text-align: justify;\">Cre\u0219terea \u0219anselor de a g\u0103si un loc de munc\u0103 pentru 1051 tineri NEETs \u0219omeri cu v\u00e2rsta \u00eentre\u00a0\u00a0 16-29 ani, \u00eenregistra\u021bi la Serviciul Public de Ocupare, cu reziden\u021ba \u00een judetele Ia\u0219i \u0219i Maramure\u0219 prin furnizarea de servicii specializate pentru stimularea ocup\u0103rii respectiv medierea muncii, organizat\u0103 \u0219i desfasurat\u0103 \u00een conformitate cu prevederile Legii nr.76\/2002 privind sistemul asigur\u0103rilor pentru \u0219omaj \u0219i stimularea ocup\u0103rii for\u021bei de munc\u0103, cu modific\u0103rile \u0219i complet\u0103rile ulterioare, demers concretizat prin angajarea a minimum 455 tineri NEETs, inclusiv cei care desf\u0103\u0219oar\u0103 o activitate independent\u0103.<\/p>\n<p style=\"text-align: justify;\">OS 3<\/p>\n<p style=\"text-align: justify;\">Sus\u021binerea antreprenoriatului prin:<\/p>\n<ul style=\"text-align: justify;\">\n<li>dezvoltarea competen\u021belor, aptitudinilor \u0219i aptitudinilor antreprenoriale a 150 de tineri NEETs;<\/li>\n<li>acordarea de subven\u021bii (micro-granturi) \u00een valoare de maxim 25.000 euro pentru 36 afaceri nou \u00eenfiin\u021bate de tinerii NEETs;<\/li>\n<li>sprijinirea dezvolt\u0103rii sustenabile a afacerilor prin acordarea de servicii de consiliere\/ consultan\u021b\u0103\/mentorat\/monitorizare.<\/li>\n<\/ul>\n<p style=\"text-align: justify;\">\n<p style=\"text-align: justify;\">Activit\u0103\u021bile proiectului:<\/p>\n<p style=\"text-align: justify;\">\u00cen cadrul proiectului vor fi acordate servicii integrate si flexibile de ocupare pentru tinerii NEETS:<\/p>\n<ul style=\"text-align: justify;\">\n<li>Mediere;<\/li>\n<li>Formare profesional\u0103;<\/li>\n<li>\u00cendrumare la locul de munc\u0103;<\/li>\n<li>Sus\u021binerea antreprenoriatului prin acordarea de micro-granturi de 25.000 euro.<\/li>\n<\/ul>\n<p style=\"text-align: justify;\">\n<p style=\"text-align: justify;\">Rezultatele previzionate \u00een cadrul proiectului:<\/p>\n<ul style=\"text-align: justify;\">\n<li>1051 tineri NEETS inclu\u0219i \u00een grupul \u021bint\u0103 a proiectului;<\/li>\n<li>56 de programe de formare profesional\u0103 nivel II \u0219i III;<\/li>\n<li>840 tineri NEETS participan\u021bi la programele de formare din care minim 780 tineri NEETS vor dob\u00e2ndi o calificare;<\/li>\n<li>1051 tineri NEETS media\u021bi;<\/li>\n<li>6 burse ale locurilor de munc\u0103;<\/li>\n<li>170 beneficiari indruma\u021bi la locul de munc\u0103;<\/li>\n<li>minim 455 tineri vor avea un loc de munc\u0103 (inclusiv cei 36 tineri care vor ini\u021bia propria afacere);<\/li>\n<li>150 de persoane participante la programul de formare antreprenorial\u0103;<\/li>\n<li>36 firme \u00eenfiin\u021bate de tineri NEETs;<\/li>\n<li>minim 36 locuri de munc\u0103 nou create prin intermediul firmelor.<\/li>\n<\/ul>\n<p style=\"text-align: justify;\">\n<p style=\"text-align: justify;\">Durata de implementare a proiectului este de 24 de luni, respectiv \u00eentre data de 02 septembrie 2021 \u0219i data de 01 septembrie 2023.<\/p>\n","protected":false},"excerpt":{"rendered":"<p>\u00cen data de 01.09.2021 a fost semnat contractul nr. 16749\/01.09.2021 pentru proiectul \u201ePREG\u0102TIT PENTRU VIITOR\u201d,&#8230; <a class=\"meta-more\" href=\"https:\/\/infois.ro\/?p=57154\">more <span class=\"meta-nav\">&raquo;<\/span><\/a><\/p>\n","protected":false},"author":2,"featured_media":36939,"comment_status":"closed","ping_status":"closed","sticky":false,"template":"","format":"standard","meta":{"footnotes":""},"categories":[6,41],"tags":[74,560,40,541,3112,559],"aioseo_notices":[],"_links":{"self":[{"href":"https:\/\/infois.ro\/index.php?rest_route=\/wp\/v2\/posts\/57154"}],"collection":[{"href":"https:\/\/infois.ro\/index.php?rest_route=\/wp\/v2\/posts"}],"about":[{"href":"https:\/\/infois.ro\/index.php?rest_route=\/wp\/v2\/types\/post"}],"author":[{"embeddable":true,"href":"https:\/\/infois.ro\/index.php?rest_route=\/wp\/v2\/users\/2"}],"replies":[{"embeddable":true,"href":"https:\/\/infois.ro\/index.php?rest_route=%2Fwp%2Fv2%2Fcomments&post=57154"}],"version-history":[{"count":1,"href":"https:\/\/infois.ro\/index.php?rest_route=\/wp\/v2\/posts\/57154\/revisions"}],"predecessor-version":[{"id":57155,"href":"https:\/\/infois.ro\/index.php?rest_route=\/wp\/v2\/posts\/57154\/revisions\/57155"}],"wp:featuredmedia":[{"embeddable":true,"href":"https:\/\/infois.ro\/index.php?rest_route=\/wp\/v2\/media\/36939"}],"wp:attachment":[{"href":"https:\/\/infois.ro\/index.php?rest_route=%2Fwp%2Fv2%2Fmedia&parent=57154"}],"wp:term":[{"taxonomy":"category","embeddable":true,"href":"https:\/\/infois.ro\/index.php?rest_route=%2Fwp%2Fv2%2Fcategories&post=57154"},{"taxonomy":"post_tag","embeddable":true,"href":"https:\/\/infois.ro\/index.php?rest_route=%2Fwp%2Fv2%2Ftags&post=57154"}],"curies":[{"name":"wp","href":"https:\/\/api.w.org\/{rel}","templated":true}]}}