{"id":5718,"date":"2013-06-03T09:06:47","date_gmt":"2013-06-03T06:06:47","guid":{"rendered":"http:\/\/infois.ro\/?p=5718"},"modified":"2013-06-03T09:06:47","modified_gmt":"2013-06-03T06:06:47","slug":"un-nou-pas-catre-desemnarea-iasului-drept-capitala-culturala-europeana","status":"publish","type":"post","link":"https:\/\/infois.ro\/?p=5718","title":{"rendered":"Un nou pas c\u0103tre desemnarea Ia\u0219ului drept \u201dCapital\u0103 Cultural\u0103 European\u0103\u201d"},"content":{"rendered":"<p style=\"text-align: justify;\"><a class=\"highslide\" onclick=\"return vz.expand(this)\" href=\"http:\/\/infois.ro\/wp-content\/uploads\/2013\/06\/consultant-belgian.jpg\"><img loading=\"lazy\" decoding=\"async\" class=\"alignleft size-large wp-image-5719\" title=\"consultant belgian\" src=\"http:\/\/infois.ro\/wp-content\/uploads\/cache\/2013\/06\/consultant-belgian\/645234250.jpg\" alt=\"\" width=\"640\" height=\"353\" \/><\/a><\/p>\n<p style=\"text-align: justify;\">Expertul european Philippe Kern, pre\u015fedintele companiei \u201dKea European Affairs\u201d, una dintre cele mai importante firme de consultan\u0163\u0103 din lume \u00een privin\u0163a strategiilor \u015fi politicilor publice \u00een domeniul culturii \u015fi a industriilor creative, va face parte din staff-ul Prim\u0103riei ie\u0219ene, care se va ocupa cu \u00eentocmirea documenta\u021biei necesare pentru depunerea candidaturii Ia\u0219ilor pentru a deveni, \u00een anul 2021, \u201dCapital\u0103 Cultural\u0103 European\u0103\u201d. Philippe Kern, care a mai lucrat pentru candidaturile ora\u015felor Lille \u015fi Mons la titlul de \u201dCapital\u0103 Cultural\u0103 European\u0103\u201d a participat, la sf\u00e2r\u0219itul s\u0103pt\u0103m\u00e2nii trecute, la Ia\u0219i, la o dezbatere organizat\u0103 de Prim\u0103rie \u00eempreun\u0103 cu Funda\u0163ia \u201cIa\u015fi \u2013 Capital\u0103 Cultural\u0103 European\u0103 \u201d privind conceptul \u015fi\u00a0 strategia pe termen lung, \u00een jurul c\u0103rora urmeaz\u0103 s\u0103 se \u00eentocmeasc\u0103 dosarul de candidatur\u0103 a municipiului Ia\u015fi pentru titlul de \u201dCapital\u0103 Cultural\u0103 European\u0103\u201d. Printre subiectele dezb\u0103tute \u00een cadrul \u00eent\u00e2lnirii desf\u0103\u0219urate \u00een Sala Mare a Prim\u0103riei s-au num\u0103rat investi\u0163iile pe termen mediu \u015fi lung necesare \u00een domeniul culturii, turismului \u015fi infrastructurii, cum s\u0103 fie utilizate optim resursele de care municipiul Ia\u015fi dispune, precum \u015fi faptul c\u0103 accentul \u00een realizarea dosarului de candidatur\u0103 trebuie pus pe proiectele culturale ce vor sprijini dezvoltarea economic\u0103. Programul \u201eCapitala Cultural\u0103 European\u0103\u201d a fost ini\u0163iat de mini\u015ftrii Culturii din \u0163\u0103rile Uniunii Europene \u00een anul 1985, la propunerea ministrului grec al Culturii din acea vreme, Melina Mercouri. Programul a fost conceput cu scopul \u201ede a apropia popoarele Europei\u201d \u015fi de \u201ea celebra contribu\u0163ia ora\u015felor europene la dezvoltarea culturii\u201d printr-un program cultural cu dimensiuni \u015fi semnifica\u0163ie european\u0103. P\u00e2n\u0103 acum, peste 30 de ora\u015fe au primit titlul de \u201eCapital\u0103 European\u0103 a Culturii\u201d. Desemnarea ora\u015felor care urmeaz\u0103 s\u0103 devin\u0103 \u201eCapitale Culturale Europene\u201d se face de c\u0103tre Comisia European\u0103 (CE), pe baza propunerilor venite din partea Ministerului Culturii din fiecare \u0163ar\u0103 membr\u0103 a Uniunii Europene. Comisia European\u0103 are stabilite, \u00een acest moment, ora\u015fele care urmeaz\u0103 s\u0103 primeasc\u0103 statutul de capital\u0103 cultural\u0103 a Europei p\u00e2n\u0103 \u00een anul 2020, inclusiv.<\/p>\n","protected":false},"excerpt":{"rendered":"<p>Expertul european Philippe Kern, pre\u015fedintele companiei \u201dKea European Affairs\u201d, una dintre cele mai importante firme&#8230; <a class=\"meta-more\" href=\"https:\/\/infois.ro\/?p=5718\">more <span class=\"meta-nav\">&raquo;<\/span><\/a><\/p>\n","protected":false},"author":2,"featured_media":5719,"comment_status":"open","ping_status":"closed","sticky":false,"template":"","format":"standard","meta":{"footnotes":""},"categories":[1,41],"tags":[74,2366,40,2405,2367],"aioseo_notices":[],"_links":{"self":[{"href":"https:\/\/infois.ro\/index.php?rest_route=\/wp\/v2\/posts\/5718"}],"collection":[{"href":"https:\/\/infois.ro\/index.php?rest_route=\/wp\/v2\/posts"}],"about":[{"href":"https:\/\/infois.ro\/index.php?rest_route=\/wp\/v2\/types\/post"}],"author":[{"embeddable":true,"href":"https:\/\/infois.ro\/index.php?rest_route=\/wp\/v2\/users\/2"}],"replies":[{"embeddable":true,"href":"https:\/\/infois.ro\/index.php?rest_route=%2Fwp%2Fv2%2Fcomments&post=5718"}],"version-history":[{"count":1,"href":"https:\/\/infois.ro\/index.php?rest_route=\/wp\/v2\/posts\/5718\/revisions"}],"predecessor-version":[{"id":5720,"href":"https:\/\/infois.ro\/index.php?rest_route=\/wp\/v2\/posts\/5718\/revisions\/5720"}],"wp:featuredmedia":[{"embeddable":true,"href":"https:\/\/infois.ro\/index.php?rest_route=\/wp\/v2\/media\/5719"}],"wp:attachment":[{"href":"https:\/\/infois.ro\/index.php?rest_route=%2Fwp%2Fv2%2Fmedia&parent=5718"}],"wp:term":[{"taxonomy":"category","embeddable":true,"href":"https:\/\/infois.ro\/index.php?rest_route=%2Fwp%2Fv2%2Fcategories&post=5718"},{"taxonomy":"post_tag","embeddable":true,"href":"https:\/\/infois.ro\/index.php?rest_route=%2Fwp%2Fv2%2Ftags&post=5718"}],"curies":[{"name":"wp","href":"https:\/\/api.w.org\/{rel}","templated":true}]}}