{"id":57344,"date":"2021-09-22T13:39:30","date_gmt":"2021-09-22T10:39:30","guid":{"rendered":"http:\/\/infois.ro\/?p=57344"},"modified":"2021-09-23T09:43:46","modified_gmt":"2021-09-23T06:43:46","slug":"elevii-scolii-gimnaziale-din-pascani-au-lansat-proiectul-impreuna-in-scoala-viitorului","status":"publish","type":"post","link":"https:\/\/infois.ro\/?p=57344","title":{"rendered":"Elevii \u015ecolii Gimnaziale din Pa\u015fcani au lansat proiectul \u201e\u00cempreun\u0103 \u00een \u0219coala viitorului\u201d"},"content":{"rendered":"<p><a href=\"http:\/\/infois.ro\/wp-content\/uploads\/2021\/09\/scoala-gimnaziala-speciala-pascani.jpg\"><img loading=\"lazy\" decoding=\"async\" class=\"alignleft  wp-image-57345\" src=\"http:\/\/infois.ro\/wp-content\/uploads\/2021\/09\/scoala-gimnaziala-speciala-pascani.jpg\" alt=\"\" width=\"411\" height=\"294\" srcset=\"https:\/\/infois.ro\/wp-content\/uploads\/2021\/09\/scoala-gimnaziala-speciala-pascani.jpg 640w, https:\/\/infois.ro\/wp-content\/uploads\/2021\/09\/scoala-gimnaziala-speciala-pascani-300x215.jpg 300w\" sizes=\"(max-width: 411px) 100vw, 411px\" \/><\/a><\/p>\n<p style=\"text-align: justify;\">Derulat de Asocia\u021bia Go Care Rom\u00e2nia, \u00een parteneriat cu \u0218coala Gimnazial\u0103 Special\u0103 Pa\u0219cani, cu sprijinul financiar Active Citizens Fund Rom\u00e2nia, program finan\u021bat de Islanda, Liechtenstein \u0219i Norvegia prin Granturile SEE 2014-2021, proiectul \u201e\u00cempreun\u0103 \u00een \u015fcoala viitorului\u201d are ca scop consolidarea rela\u021biei parteneriale p\u0103rinte-copil-cadru didactic \u00een sistemul educa\u021bional-terapeutic din \u00eenv\u0103\u021b\u0103m\u00e2ntul special \u0219i special-integrat, prin activit\u0103\u021bi de parenting. Bugetul aprobat pentru acest proiect este de 17,684.00 euro, din care 14964 euro, fonduri nerambursabile.<\/p>\n<p style=\"text-align: justify;\">\n<p style=\"text-align: justify;\">Prin implementarea proiectului, \u0218coala Gimnazial\u0103 Special\u0103 Pa\u0219cani \u00ee\u0219i propune s\u0103 ating\u0103 obiective pe care \u0219i le-a stabilit de mai mult timp \u0219i care vor veni \u00een sprijinul beneficiarilor, copii, cadre didactice \u0219i p\u0103rin\u021bi.<\/p>\n<p style=\"text-align: justify;\">\n<p style=\"text-align: justify;\">Promotorul proiectului, Asocia\u021bia Go Care Rom\u00e2nia, sprijin\u0103 astfel \u0219coala partener\u0103 pentru realizarea celor trei deziderate: cre\u0219terea eficien\u021bei \u00een lucrul cu copiii cu CES prin specializarea a zece cadre didactice ca \u0219i educatori parentali \u00eentr-un program de parenting acreditat &#8211; Holt Rom\u00e2nia; definitivarea serviciului de educa\u021bie online \u00een portofoliul de servicii ale \u0218colii Gimnaziale Speciale Pa\u0219cani pentru cre\u0219terea rezultatelor elevilor; consolidarea rela\u021biei parteneriale p\u0103rinte- copil- cadru didactic.<\/p>\n<p style=\"text-align: justify;\">\n<p style=\"text-align: justify;\">Proiectul cuprinde mai multe activit\u0103\u021bi, dintre care, cele mai importante sunt cursul pentru formare a zece educatori parentali &#8211; oferit de Asocia\u021bia Holt Rom\u00e2nia, cursul de formare IT pentru cadre didactice \u0219i p\u0103rin\u021bi- organizat de EDU-APPS \u0219i dezvoltarea platfomei educa\u021bionale a \u0219colii- program oferit de EDU-APPS.<\/p>\n<p style=\"text-align: justify;\">\n<p style=\"text-align: justify;\">De asemenea, la finalul implement\u0103rii proiectului va fi organizat\u0103 o conferin\u021b\u0103 cu participarea unor speciali\u0219ti \u00een domeniul educa\u021biei speciale, cuprinz\u00e2nd trei teme importante: parentingul &#8211; importan\u021ba colabor\u0103rii \u00eentre p\u0103rin\u021bi \u0219i profesori; rolul serviciilor educa\u021bionale \u00een mediul online pe perioada pandemiei \u0219i rolul organiza\u021biilor neguvernamentale \u00een facilitarea unor servicii\/ proiecte educa\u021bional-terapeutice. Ne propunem, totodat\u0103, s\u0103 elaborar\u0103m un ghid de bune practici cu titlul \u201eConsolidarea relatiei parteneriale parinte- copil- cadru didactic \u00een sistemul educa\u021bional-terapeutic din \u0219colile speciale\u201d \u2013 precizeaz\u0103 ini\u0163iatorii proiectuloui \u00eentr-un comunicat.<\/p>\n<p style=\"text-align: justify;\">\n<p style=\"text-align: justify;\">Asocia\u021bia Go Care Rom\u00e2nia, fondat\u0103 \u00een anul 2008, este partener tradi\u021bional al \u0218colii Gimnaziale Speciale Pa\u0219cani \u0219i al altor institu\u021bii de \u00eenv\u0103\u021b\u0103m\u00e2nt din Pa\u0219cani \u0219i din jude\u021bul Ia\u0219i, derul\u00e2nd numeroase proiecte educa\u021bionale \u0219i social- filantropice.<\/p>\n<p style=\"text-align: justify;\">\n<p style=\"text-align: justify;\">Pe parcursul anilor, av\u00e2nd ca membri, majoritar, cadre didactice, organiza\u021bia a ini\u021biat proiecte precum \u201eArti\u0219tii speciali\u201d- tab\u0103r\u0103 de crea\u021bie la T\u00e2rgu Ocna \u0219i Petru Vod\u0103, \u201ePe urmele voievodului \u0218tefan cel Mare &#8211; pelerinaj la obiective istorice din Nordul Moldovei, \u201dTineri pentru tineri\u201d \u2013 spectacole caritabile, \u201eO cas\u0103 pentru o nou\u0103 via\u021b\u0103\u201d- construirea unei case pentru o familie nevoia\u0219\u0103 din localitatea Victoria, cu sprijinul financiar al Funda\u021biei Go Care Norge, din Bergen-Norvegia. \u00cen prezent organiza\u021bia lucreaz\u0103 la implementarea altor dou\u0103 proiecte educa\u021bional-terapeutice \u00een folosul unor institu\u021bii de \u00eenv\u0103\u021b\u0103m\u00e2nt special din jude\u021b.<\/p>\n<p style=\"text-align: justify;\">\n<p style=\"text-align: justify;\">Programul Active Citizens Fund Rom\u00e2nia este finan\u021bat prin Granturile SEE 2014-2021. Obiectivul general al Granturilor este de a reduce disparit\u0103\u021bile economice \u0219i sociale \u0219i a consolida rela\u021biile bilaterale dintre cele 15 state beneficiare \u0219i statele donatoare (Islanda, Liechtenstein, Norvegia).<\/p>\n<p style=\"text-align: justify;\">Programul este administrat de consor\u021biul compus din Funda\u021bia pentru Dezvoltarea Societ\u0103\u021bii Civile, Funda\u021bia pentru Parteneriat, Centrul de Resurse pentru Comunit\u0103\u021bile de Romi, Funda\u021bia PACT \u0219i Frivillighet Norge, care ac\u021bioneaz\u0103 \u00een calitate de Operator de fond desemnat de c\u0103tre FMO \u2013 Oficiul Mecanismului Financiar al Granturilor SEE \u0219i Norvegiene.<\/p>\n<p style=\"text-align: justify;\">Active Citizens Fund Rom\u00e2nia vizeaz\u0103 consolidarea societ\u0103\u0163ii civile \u0219i a cet\u0103\u021beniei active \u015fi cre\u0219terea capacit\u0103\u021bii grupurilor vulnerabile. Cu o alocare total\u0103 de 46.000.000 euro, programul urm\u0103re\u0219te dezvoltarea pe termen lung a sustenabilit\u0103\u0163ii capacit\u0103\u021bii sectorului societ\u0103\u021bii civile, intensific\u00e2nd rolul s\u0103u \u00een promovarea particip\u0103rii democratice, a cet\u0103\u021beniei active \u0219i a drepturilor omului, consolid\u00e2nd \u00een acela\u0219i timp rela\u021biile bilaterale cu statele donatoare Norvegia, Islanda \u0219i Liechtenstein.<\/p>\n","protected":false},"excerpt":{"rendered":"<p>Derulat de Asocia\u021bia Go Care Rom\u00e2nia, \u00een parteneriat cu \u0218coala Gimnazial\u0103 Special\u0103 Pa\u0219cani, cu sprijinul&#8230; <a class=\"meta-more\" href=\"https:\/\/infois.ro\/?p=57344\">more <span class=\"meta-nav\">&raquo;<\/span><\/a><\/p>\n","protected":false},"author":2,"featured_media":57345,"comment_status":"closed","ping_status":"closed","sticky":false,"template":"","format":"standard","meta":{"footnotes":""},"categories":[12,41],"tags":[74,14663,14662,40,851,3112],"aioseo_notices":[],"_links":{"self":[{"href":"https:\/\/infois.ro\/index.php?rest_route=\/wp\/v2\/posts\/57344"}],"collection":[{"href":"https:\/\/infois.ro\/index.php?rest_route=\/wp\/v2\/posts"}],"about":[{"href":"https:\/\/infois.ro\/index.php?rest_route=\/wp\/v2\/types\/post"}],"author":[{"embeddable":true,"href":"https:\/\/infois.ro\/index.php?rest_route=\/wp\/v2\/users\/2"}],"replies":[{"embeddable":true,"href":"https:\/\/infois.ro\/index.php?rest_route=%2Fwp%2Fv2%2Fcomments&post=57344"}],"version-history":[{"count":1,"href":"https:\/\/infois.ro\/index.php?rest_route=\/wp\/v2\/posts\/57344\/revisions"}],"predecessor-version":[{"id":57346,"href":"https:\/\/infois.ro\/index.php?rest_route=\/wp\/v2\/posts\/57344\/revisions\/57346"}],"wp:featuredmedia":[{"embeddable":true,"href":"https:\/\/infois.ro\/index.php?rest_route=\/wp\/v2\/media\/57345"}],"wp:attachment":[{"href":"https:\/\/infois.ro\/index.php?rest_route=%2Fwp%2Fv2%2Fmedia&parent=57344"}],"wp:term":[{"taxonomy":"category","embeddable":true,"href":"https:\/\/infois.ro\/index.php?rest_route=%2Fwp%2Fv2%2Fcategories&post=57344"},{"taxonomy":"post_tag","embeddable":true,"href":"https:\/\/infois.ro\/index.php?rest_route=%2Fwp%2Fv2%2Ftags&post=57344"}],"curies":[{"name":"wp","href":"https:\/\/api.w.org\/{rel}","templated":true}]}}