{"id":57378,"date":"2021-09-23T14:46:12","date_gmt":"2021-09-23T11:46:12","guid":{"rendered":"http:\/\/infois.ro\/?p=57378"},"modified":"2021-09-24T08:47:55","modified_gmt":"2021-09-24T05:47:55","slug":"zilele-cjrae-iasi-la-cea-de-a-v-a-editie","status":"publish","type":"post","link":"https:\/\/infois.ro\/?p=57378","title":{"rendered":"\u201eZilele CJRAE Ia\u015fi\u201d \u2013 la cea de-a V-a edi\u0163ie"},"content":{"rendered":"<p><a href=\"http:\/\/infois.ro\/wp-content\/uploads\/2021\/09\/cjrae-intalnire-profesori.jpg\"><img loading=\"lazy\" decoding=\"async\" class=\"alignleft  wp-image-56971\" src=\"http:\/\/infois.ro\/wp-content\/uploads\/2021\/09\/cjrae-intalnire-profesori.jpg\" alt=\"\" width=\"303\" height=\"202\" srcset=\"https:\/\/infois.ro\/wp-content\/uploads\/2021\/09\/cjrae-intalnire-profesori.jpg 640w, https:\/\/infois.ro\/wp-content\/uploads\/2021\/09\/cjrae-intalnire-profesori-300x200.jpg 300w\" sizes=\"(max-width: 303px) 100vw, 303px\" \/><\/a><\/p>\n<p style=\"text-align: justify;\">\u00cen perioada 24 &#8211; 28 septembrie, echipa Centrului\u00a0 Jude\u0163ean\u00a0 de\u00a0 Resurse\u00a0 \u015fi\u00a0 Asisten\u0163\u0103\u00a0 Educa\u0163ional\u0103 (CJRAE) Ia\u015fi organizeaz\u0103 \u201eZilele CJRAE Ia\u015fi\u201d, eveniment care are rolul de a de a facilita contexte de abordare a preocup\u0103rilor comune practicienilor \u00een domeniul educa\u0163ional.<\/p>\n<p style=\"text-align: justify;\">\n<p style=\"text-align: justify;\">Aflat\u0103 la cea de-a V-a edi\u0163ie, manifestarea propune teme psihopedagogice \u00een acord cu actualitatea, cu dinamica \u015fcolii ancorat\u0103 \u00eentr-un timp al provoc\u0103rilor \u015fi contribuie la promovarea serviciilor de asisten\u0163\u0103 psihopedagogic\u0103, a proiectelor, programelor \u015fi resurselor informa\u0163ionale \u00een domeniu, precum \u015fi la valorizarea speciali\u015ftilor din domeniul psihopedagogic: profesori consilieri \u015fcolari, respectiv profesori logopezi.<\/p>\n<p style=\"text-align: justify;\">\n<p style=\"text-align: justify;\">Agenda manifest\u0103rilor include dezbateri, conferin\u021be, ateliere de lucru \u015fi prezent\u0103ri de resurse educa\u021bionale utile cadrelor didactice \u0219i p\u0103rin\u021bilor.<\/p>\n<p style=\"text-align: justify;\">\n<p style=\"text-align: justify;\">Deschiderea oficial\u0103 a evenimentului va avea loc vineri, 24 septembrie, \u00eentre orele 13.00 &#8211; 15.00, cu dezbaterea \u201eParteneriate active \u00een construirea unei \u0219coli cu toleran\u021b\u0103 zero la bullying\u201d, organizat\u0103 la sediul CJRAE. Particip\u0103 reprezentan\u021bi ai institu\u021biilor \u0219i organiza\u021biilor coordonatoare sau partenere: Inspectoratul \u0218colar Jude\u021bean Ia\u0219i, Consiliul Jude\u021bean Ia\u0219i, UAIC Ia\u0219i, Casa Corpului Didactic Ia\u0219i, Consiliul Jude\u021bean al Elevilor Ia\u0219i, IPJ Ia\u0219i \u2013 Biroul de siguran\u021b\u0103 \u0219colar\u0103, IPJ Ia\u0219i \u2013 Biroul de Analiz\u0103 \u0219i Prevenire a Criminalit\u0103\u021bii,\u00a0 CPECA, ANITP, Asocia\u021bia Salva\u021bi Copiii, Asocia\u021bia Alternative Sociale, Asocia\u021bia ProRuralis, Asocia\u021bia Star of Hope.<\/p>\n<p style=\"text-align: justify;\">\u201eDezbaterea reprezint\u0103 un prilej de promovare a platformei \u201eHarta serviciilor de sprijin pentru tineri \u0219i adul\u021bi\u201d construit\u0103 de CJRAE Ia\u0219i. Platforma reprezint\u0103 un instrument de lucru ce ofer\u0103 suport deopotriv\u0103 beneficiarilor \u00een vederea alegerii serviciilor specifice c\u00e2t \u015fi institu\u021biilor \u0219i speciali\u015ftilor din domeniul socio-educativ, facilit\u00e2nd coordonarea resurselor \u0219i serviciilor la nivelul comunit\u0103\u021bii\u201d, a precizat Anca Hardulea, directorul CJRAE Ia\u015fi.<\/p>\n<p style=\"text-align: justify;\">\n<p style=\"text-align: justify;\">Luni, 27 septembrie, \u00eentre orele 11.00 \u2013 13.00, va avea loc conferin\u021ba de \u00eencheiere a proiectului ERASMUS+ \u201eEgalitate de \u0219anse prin parteneriate active \u00een oferirea de servicii \u0219i resurse de prevenire a bullyingului \u00een mediul educa\u021bional\u201d ID 2019-1-R001-KA104-061632.\u00a0 Moderatorii, profesori consilieri \u0219colari din cadrul CJRAE Ia\u0219i, participan\u021bi la mobilitatea de formare din Barcelona vor provoca invita\u021bii prin abord\u0103ri practice, interactive. \u00cen cadrul conferin\u021bei vor fi lansate bro\u0219urile: S.O.S.! Bullying! \u2013 material suport pentru profesori \u0219i S.O.S.! Bullying! \u2013 material suport pentru p\u0103rin\u021bi.<\/p>\n<p style=\"text-align: justify;\">\n<p style=\"text-align: justify;\">Mar\u021bi, 28 septembrie, \u00eencep\u00e2nd cu ora 14.00, Centrul de Documentare din cadrul CJRAE Ia\u0219i va g\u0103zdui evenimentele \u201eLectur\u0103 \u0219i dialog\u201d \u0219i \u201eTo\u021bi suntem o minune \u2013 ceain\u0103rie literar\u0103\u201d. Plec\u00e2nd de la ideea c\u0103 atunci c\u00e2nd cite\u0219ti este provocator s\u0103 discu\u021bi despre c\u0103r\u021bile citite, cititorii, profesori consilieri \u0219colari, vor prezenta rezultatul lecturilor \u00een acord cu problematica evenimentului. Cu aceast\u0103 ocazie lans\u0103m \u0219i resursele elaborate la nivelul CJRAE Ia\u0219i \u00een anul 2021.<\/p>\n<p style=\"text-align: justify;\">\n<p style=\"text-align: justify;\">\u201eNe propunem ca evenimentele din cadrul Zilelor CJRAE Ia\u0219i s\u0103 fie un prilej de dezvoltare a parteneriatelor active la nivelul comunit\u0103\u021bii, s\u0103 faciliteze dialoguri orientate spre solu\u021bii la problemele educa\u021bionale cu care \u0219coala ie\u0219ean\u0103 se confrunt\u0103 \u0219i s\u0103 consolideze comunitatea profesional\u0103 a consilierilor \u0219i logopezilor \u0219colari\u201d, a declarat Anca Hardulea, directorul CJRAE Ia\u015fi.<\/p>\n","protected":false},"excerpt":{"rendered":"<p>\u00cen perioada 24 &#8211; 28 septembrie, echipa Centrului\u00a0 Jude\u0163ean\u00a0 de\u00a0 Resurse\u00a0 \u015fi\u00a0 Asisten\u0163\u0103\u00a0 Educa\u0163ional\u0103 (CJRAE)&#8230; <a class=\"meta-more\" href=\"https:\/\/infois.ro\/?p=57378\">more <span class=\"meta-nav\">&raquo;<\/span><\/a><\/p>\n","protected":false},"author":2,"featured_media":56971,"comment_status":"closed","ping_status":"closed","sticky":false,"template":"","format":"standard","meta":{"footnotes":""},"categories":[12,41],"tags":[74,227,40,3112,14666],"aioseo_notices":[],"_links":{"self":[{"href":"https:\/\/infois.ro\/index.php?rest_route=\/wp\/v2\/posts\/57378"}],"collection":[{"href":"https:\/\/infois.ro\/index.php?rest_route=\/wp\/v2\/posts"}],"about":[{"href":"https:\/\/infois.ro\/index.php?rest_route=\/wp\/v2\/types\/post"}],"author":[{"embeddable":true,"href":"https:\/\/infois.ro\/index.php?rest_route=\/wp\/v2\/users\/2"}],"replies":[{"embeddable":true,"href":"https:\/\/infois.ro\/index.php?rest_route=%2Fwp%2Fv2%2Fcomments&post=57378"}],"version-history":[{"count":1,"href":"https:\/\/infois.ro\/index.php?rest_route=\/wp\/v2\/posts\/57378\/revisions"}],"predecessor-version":[{"id":57379,"href":"https:\/\/infois.ro\/index.php?rest_route=\/wp\/v2\/posts\/57378\/revisions\/57379"}],"wp:featuredmedia":[{"embeddable":true,"href":"https:\/\/infois.ro\/index.php?rest_route=\/wp\/v2\/media\/56971"}],"wp:attachment":[{"href":"https:\/\/infois.ro\/index.php?rest_route=%2Fwp%2Fv2%2Fmedia&parent=57378"}],"wp:term":[{"taxonomy":"category","embeddable":true,"href":"https:\/\/infois.ro\/index.php?rest_route=%2Fwp%2Fv2%2Fcategories&post=57378"},{"taxonomy":"post_tag","embeddable":true,"href":"https:\/\/infois.ro\/index.php?rest_route=%2Fwp%2Fv2%2Ftags&post=57378"}],"curies":[{"name":"wp","href":"https:\/\/api.w.org\/{rel}","templated":true}]}}