{"id":58238,"date":"2021-10-26T19:43:25","date_gmt":"2021-10-26T16:43:25","guid":{"rendered":"http:\/\/infois.ro\/?p=58238"},"modified":"2021-10-27T09:46:06","modified_gmt":"2021-10-27T06:46:06","slug":"campanie-de-incurajare-a-vaccinarii-in-randul-tinerilor-demarata-de-studentii-ieseni","status":"publish","type":"post","link":"https:\/\/infois.ro\/?p=58238","title":{"rendered":"Campanie de \u00eencurajare a vaccin\u0103rii \u00een r\u00e2ndul tinerilor, demarat\u0103 de studen\u0163ii ie\u015feni"},"content":{"rendered":"<p><a href=\"http:\/\/infois.ro\/wp-content\/uploads\/2021\/02\/centru-de-vaccinare-anti-covid.jpg\"><img loading=\"lazy\" decoding=\"async\" class=\"alignleft  wp-image-52808\" src=\"http:\/\/infois.ro\/wp-content\/uploads\/2021\/02\/centru-de-vaccinare-anti-covid.jpg\" alt=\"\" width=\"420\" height=\"220\" srcset=\"https:\/\/infois.ro\/wp-content\/uploads\/2021\/02\/centru-de-vaccinare-anti-covid.jpg 640w, https:\/\/infois.ro\/wp-content\/uploads\/2021\/02\/centru-de-vaccinare-anti-covid-300x158.jpg 300w\" sizes=\"(max-width: 420px) 100vw, 420px\" \/><\/a><\/p>\n<p style=\"text-align: justify;\">Studen\u021bii Universit\u0103\u021bi de \u0218tiin\u021bele Vie\u021bii \u201eIon Ionescu de la Brad\u201d (USV) au demarat propria campanie de \u00eencurajare a vaccin\u0103rii \u00een r\u00e2ndul tinerilor din campus, dar \u0219i a celor care nu sunt caza\u021bi \u00een c\u0103minele institu\u021biei.<\/p>\n<p style=\"text-align: justify;\">\n<p style=\"text-align: justify;\">Fie c\u0103 sunt studen\u021bi rom\u00e2ni sau str\u0103ini, la Facultatea de Agricultur\u0103, Horticultur\u0103, Medicin\u0103 Veterinar\u0103 sau Ingineria Resurselor Animale \u0219i Alimentare, tinerii care studiaz\u0103 la USV Ia\u0219i \u00eencurajeaz\u0103 vaccinarea prin propriu exemplu, vorbind despre motivele care au stat la baza deciziei lor. Astfel, \u00een \u00eentreg campusul sunt popularizate clipuri video realizate cu mesajele studen\u021bilor vaccina\u021bi, cu loca\u021bia unde ace\u0219tia se pot imuniza \u0219i cu explica\u021bii \u0219tiin\u021bifice am\u0103nun\u021bite asupra tipurilor de seruri existente \u00een centrele de vaccinare.<\/p>\n<p style=\"text-align: justify;\">\n<p style=\"text-align: justify;\">\u201eM-am vaccinat pentru a pune punct acestei pandemii. Cu c\u00e2t mai multe persoane se vaccineaz\u0103, cu at\u00e2t ne apropiem mai mult de imunizare. Motivul principal se rezum\u0103 la responsabilitatea fa\u021b\u0103 de libertatea mea, care const\u0103 \u00een a nu limita libertatea altora\u201d, a declarat Adriana Trandaf, reprezentanta Ligii Studen\u021bilor Agronomi \u0219i Veterinari.<\/p>\n<p style=\"text-align: justify;\">\n<p style=\"text-align: justify;\">Conducerea universit\u0103\u021bii \u00eencurajeaz\u0103 to\u021bi studen\u021bii \u0219i nu numai s\u0103 se vaccineze \u00eempotriva COVID-19 \u0219i sus\u021bine logistic demersurile medicale de combatere a pandemiei, asigur\u00e2nd \u0219i facilit\u00e2nd accesul la Centrul de Vaccinare deschis \u00eenc\u0103 din luna februarie, \u00een incinta C\u0103minului A5 MERITUS. Vaccinarea este sigur\u0103, voluntar\u0103, gratuit\u0103 \u0219i singura solu\u021bie pentru a \u00eenvinge pandemia. Din p\u0103cate, \u00een Rom\u00e2nia doar circa 29% din popula\u021bie este imunizat\u0103 prin vaccinare. Acest procent claseaz\u0103 \u021bara noastr\u0103 pe ultimele locuri \u00een Europa \u0219i, mai grav, este mult sub nivelul de imunizare colectiv\u0103 de la care se poate reveni treptat la normalitate.<\/p>\n<p style=\"text-align: justify;\">\n<p style=\"text-align: justify;\">\u201eM-am vaccinat pentru a tr\u0103i liber prezentul pentru bine meu, dar mai ales al familiei mele. \u00cei \u00eencurajez \u0219i pe ceilal\u021bi s\u0103 se vaccineze \u0219i s\u0103 fie responsabili deoarece vaccinul reprezint\u0103 revenirea la normalitate\u201d, spune Andreea Culic\u0103, student\u0103 la Facultatea de Medicin\u0103 Veterinar\u0103.<\/p>\n<p style=\"text-align: justify;\">\n","protected":false},"excerpt":{"rendered":"<p>Studen\u021bii Universit\u0103\u021bi de \u0218tiin\u021bele Vie\u021bii \u201eIon Ionescu de la Brad\u201d (USV) au demarat propria campanie&#8230; <a class=\"meta-more\" href=\"https:\/\/infois.ro\/?p=58238\">more <span class=\"meta-nav\">&raquo;<\/span><\/a><\/p>\n","protected":false},"author":2,"featured_media":52808,"comment_status":"closed","ping_status":"closed","sticky":false,"template":"","format":"standard","meta":{"footnotes":""},"categories":[12,41],"tags":[74,3515,40,13132,2334,14365,1109],"aioseo_notices":[],"_links":{"self":[{"href":"https:\/\/infois.ro\/index.php?rest_route=\/wp\/v2\/posts\/58238"}],"collection":[{"href":"https:\/\/infois.ro\/index.php?rest_route=\/wp\/v2\/posts"}],"about":[{"href":"https:\/\/infois.ro\/index.php?rest_route=\/wp\/v2\/types\/post"}],"author":[{"embeddable":true,"href":"https:\/\/infois.ro\/index.php?rest_route=\/wp\/v2\/users\/2"}],"replies":[{"embeddable":true,"href":"https:\/\/infois.ro\/index.php?rest_route=%2Fwp%2Fv2%2Fcomments&post=58238"}],"version-history":[{"count":1,"href":"https:\/\/infois.ro\/index.php?rest_route=\/wp\/v2\/posts\/58238\/revisions"}],"predecessor-version":[{"id":58239,"href":"https:\/\/infois.ro\/index.php?rest_route=\/wp\/v2\/posts\/58238\/revisions\/58239"}],"wp:featuredmedia":[{"embeddable":true,"href":"https:\/\/infois.ro\/index.php?rest_route=\/wp\/v2\/media\/52808"}],"wp:attachment":[{"href":"https:\/\/infois.ro\/index.php?rest_route=%2Fwp%2Fv2%2Fmedia&parent=58238"}],"wp:term":[{"taxonomy":"category","embeddable":true,"href":"https:\/\/infois.ro\/index.php?rest_route=%2Fwp%2Fv2%2Fcategories&post=58238"},{"taxonomy":"post_tag","embeddable":true,"href":"https:\/\/infois.ro\/index.php?rest_route=%2Fwp%2Fv2%2Ftags&post=58238"}],"curies":[{"name":"wp","href":"https:\/\/api.w.org\/{rel}","templated":true}]}}