{"id":5856,"date":"2013-06-10T11:47:26","date_gmt":"2013-06-10T08:47:26","guid":{"rendered":"http:\/\/infois.ro\/?p=5856"},"modified":"2013-06-10T11:47:51","modified_gmt":"2013-06-10T08:47:51","slug":"proiectul-%e2%80%9ecentrul-intermodal-regional-de-transport-marfa-in-zona-iasi-prezentat-la-summitul-feroviar-al-moldovei","status":"publish","type":"post","link":"https:\/\/infois.ro\/?p=5856","title":{"rendered":"Proiectul \u201eCentrul Intermodal Regional de Transport Marf\u0103 \u00een Zona Ia\u0219i\u201d, prezentat la Summitul Feroviar al Moldovei"},"content":{"rendered":"<p style=\"text-align: justify;\"><a class=\"highslide\" onclick=\"return vz.expand(this)\" href=\"http:\/\/infois.ro\/wp-content\/uploads\/2013\/06\/summit.jpg\"><img loading=\"lazy\" decoding=\"async\" class=\"size-medium wp-image-5857\" title=\"summit\" src=\"http:\/\/infois.ro\/wp-content\/uploads\/cache\/2013\/06\/summit\/1913670587.jpg\" alt=\"\" width=\"300\" height=\"200\" \/><\/a><\/p>\n<p style=\"text-align: justify;\">La sf\u00e2r\u0219itul acestei s\u0103pt\u0103m\u00e2ni, o delega\u021bie a Consiliului Jude\u021bean Ia\u0219i a participat la cea de-a doua edi\u021bie a <em>Summitului Feroviar al Moldovei<\/em>, eveniment organizat la Chi\u0219in\u0103u. Summitul a fost organizat de \u00ce.S. \u201eCalea Ferat\u0103 din Moldova\u201d \u0219i Club Feroviar \u0219i s-a desf\u0103\u015furat cu sprijinul Ministerului Transporturilor \u015fi Infrastructurii Drumurilor din Republica Moldova. \u00cen cadrul acestuia, delega\u021bia din Ia\u0219i a f\u0103cut o prezentare a proiectului \u201eCentrul Intermodal Regional de Transport Marf\u0103 \u00een zona Ia\u0219i\u201d. \u201e<em>Este unul dintre proiectele importante pentru dezvoltarea economic\u0103 Jude\u021bului Ia\u0219i \u0219i a Regiunii Nord-Est. Cu siguran\u021b\u0103 va avea un puternic impact asupra Moldovei de pe ambele maluri ale Prutului, prin cre\u0219terea atractivit\u0103\u021bii comerciale interna\u021bionale \u0219i prin crearea unui pol de distribu\u021bie \u0219i schimb de m\u0103rfuri<\/em>\u201d, a declarant Cristian Adomni\u0163ei, pre\u0219edintele Consiliului Jude\u021bean Ia\u0219i.<\/p>\n<p style=\"text-align: justify;\">La \u00eent\u00e2lnire au participat <strong>Anatol \u015ealaru<\/strong>, ministrul Transporturilor \u015fi Infrastructurii Drumurilor al Republicii Moldova,\u00a0<strong>Vitalie Struna<\/strong>, director general al Companiei de Cale Ferat\u0103 din Moldova,\u00a0<strong>\u015etefan Ro\u015feanu<\/strong>, Senior Partner \u2013 Club Feroviar,\u00a0<strong>Rosario De Blasio<\/strong>, Coordonator pentru controlul calit\u0103\u0163ii opera\u0163iunilor \u2013 Misiunea Uniunii Europene de Asisten\u0163\u0103 la Frontier\u0103 \u00een Moldova \u015fi \u00een Ucraina (EUBAM), <strong>Alexandre Darras<\/strong>, Manager Proiecte \u2013 Delega\u0163ia UE \u00een Republica Moldova, precum \u0219i mai mul\u021bi poten\u021biali investitori din Asia Central\u0103 \u0219i Europa de Est. Unul dintre subiectele dezb\u0103tute la summit a fost identificarea mijloacelor de dezvoltare a infrastructurii feroviare \u00een Parteneriatul Estic, \u00een vederea atragerii fluxurilor de marf\u0103 \u0219i c\u0103l\u0103tori \u00een traficul Europa \u2013 Asia.<\/p>\n<p style=\"text-align: justify;\">Centrul Intermodal Regional de Transport Marf\u0103 \u00een Zona Ia\u0219i are amplasament zona de cale ferat\u0103 (sta\u021bia CF) Holboca (Comuna Holboca &#8211; Jude\u021bul Ia\u0219i). Realizarea proiectului se va face printr-un Contract de Asociere \u00een Participa\u021biune \u00eentre Compania Na\u021bional\u0103 de C\u0103i Ferate \u201eCFR\u201d,\u00a0 Consiliul Jude\u021bean Ia\u0219i \u0219i Consiliul Local Holboca, iar beneficiarul investi\u021biei va fi Compania Na\u021bional\u0103 de C\u0103i Ferate \u201eCFR\u201d SA. Obiectivul de investi\u021bii \u201eCentrul Intermodal Regional de Transport Marf\u0103 \u00een zona Ia\u0219i\u201d va fi finan\u021bat prin Programul Opera\u021bional Sectorial \u201eTransport\u201d, Axa prioritar\u0103 3 \u2013 Monitorizarea sectorului de transport \u00een scopul \u00eembun\u0103t\u0103\u021birii protec\u021biei mediului, a s\u0103n\u0103t\u0103\u021bii umane \u0219i a siguran\u021bei pasagerilor, domeniul major de interven\u021bie 3.1. \u2013 Promovarea transportului intermodal. Valoarea total\u0103 a investi\u021biei va fi de aproximativ 38 milioane de euro, f\u0103r\u0103 TVA.<\/p>\n","protected":false},"excerpt":{"rendered":"<p>La sf\u00e2r\u0219itul acestei s\u0103pt\u0103m\u00e2ni, o delega\u021bie a Consiliului Jude\u021bean Ia\u0219i a participat la cea de-a&#8230; <a class=\"meta-more\" href=\"https:\/\/infois.ro\/?p=5856\">more <span class=\"meta-nav\">&raquo;<\/span><\/a><\/p>\n","protected":false},"author":2,"featured_media":5857,"comment_status":"open","ping_status":"closed","sticky":false,"template":"","format":"standard","meta":{"footnotes":""},"categories":[1,41],"tags":[74,2457,1126,40,2456],"aioseo_notices":[],"_links":{"self":[{"href":"https:\/\/infois.ro\/index.php?rest_route=\/wp\/v2\/posts\/5856"}],"collection":[{"href":"https:\/\/infois.ro\/index.php?rest_route=\/wp\/v2\/posts"}],"about":[{"href":"https:\/\/infois.ro\/index.php?rest_route=\/wp\/v2\/types\/post"}],"author":[{"embeddable":true,"href":"https:\/\/infois.ro\/index.php?rest_route=\/wp\/v2\/users\/2"}],"replies":[{"embeddable":true,"href":"https:\/\/infois.ro\/index.php?rest_route=%2Fwp%2Fv2%2Fcomments&post=5856"}],"version-history":[{"count":2,"href":"https:\/\/infois.ro\/index.php?rest_route=\/wp\/v2\/posts\/5856\/revisions"}],"predecessor-version":[{"id":5859,"href":"https:\/\/infois.ro\/index.php?rest_route=\/wp\/v2\/posts\/5856\/revisions\/5859"}],"wp:featuredmedia":[{"embeddable":true,"href":"https:\/\/infois.ro\/index.php?rest_route=\/wp\/v2\/media\/5857"}],"wp:attachment":[{"href":"https:\/\/infois.ro\/index.php?rest_route=%2Fwp%2Fv2%2Fmedia&parent=5856"}],"wp:term":[{"taxonomy":"category","embeddable":true,"href":"https:\/\/infois.ro\/index.php?rest_route=%2Fwp%2Fv2%2Fcategories&post=5856"},{"taxonomy":"post_tag","embeddable":true,"href":"https:\/\/infois.ro\/index.php?rest_route=%2Fwp%2Fv2%2Ftags&post=5856"}],"curies":[{"name":"wp","href":"https:\/\/api.w.org\/{rel}","templated":true}]}}