{"id":5911,"date":"2013-06-11T15:47:53","date_gmt":"2013-06-11T12:47:53","guid":{"rendered":"http:\/\/infois.ro\/?p=5911"},"modified":"2013-06-11T15:47:53","modified_gmt":"2013-06-11T12:47:53","slug":"primaria-a-finalizat-regulamentul-de-functionare-a-parcarilor-cu-plata","status":"publish","type":"post","link":"https:\/\/infois.ro\/?p=5911","title":{"rendered":"Prim\u0103ria a finalizat regulamentul de func\u021bionare a parc\u0103rilor cu plat\u0103"},"content":{"rendered":"<p style=\"text-align: justify;\"><a class=\"highslide\" onclick=\"return vz.expand(this)\" href=\"http:\/\/infois.ro\/wp-content\/uploads\/2013\/06\/parcare.jpg\"><img loading=\"lazy\" decoding=\"async\" class=\"alignleft size-large wp-image-5912\" title=\"parcare\" src=\"http:\/\/infois.ro\/wp-content\/uploads\/cache\/2013\/06\/parcare\/2854422203.jpg\" alt=\"\" width=\"600\" height=\"400\" \/><\/a><\/p>\n<p style=\"text-align: justify;\">Prim\u0103ria municipiului Ia\u0219i a finalizat proiectul regulamentului de exploatare a domeniului public destinat parc\u0103rii cu plat\u0103 a\u00a0 autovehiculelor \u00een ora\u0219, documentul urm\u00e2nd a fi postat \u00eencep\u00e2nd de miercuri 12 iunie pe site-ul institu\u021biei, \u00een vederea dezbaterii publice. Dup\u0103 cum a declarat viceprimarul Mihai Chirica mar\u021bi, 11 iunie, \u00eentr-o conferin\u021b\u0103 de pres\u0103, documentul reglementeaz\u0103 modul de gestionare \u015fi de func\u0163ionare al sistemului de parcare \u00een municipiu, stabilind \u00een acela\u0219i timp cadrul juridic care define\u015fte raporturile dintre municipiul Ia\u015fi (\u00een calitate de administrator al domeniului public) \u015fi proprietarul, respectiv \u015foferul autovehiculului care ocup\u0103 temporar domeniul public. \u201dFondurile rezultate din exploatarea parcajelor publice \u00een regim de gestiune direct\u0103 se fac venit la bugetul municipiului Ia\u015fi. Aceste fonduri vor fi folosite cu prec\u0103dere pentru amenajarea de noi locuri de parcare \u015fi pentru \u00eembun\u0103t\u0103\u0163irea condi\u0163iilor de desf\u0103\u015furare a circula\u0163iei. Fondurile rezultate din exploatarea parcajelor publice \u00een regim de gestiune delegat\u0103 constituie venituri ale operatorilor economici responsabili cu gestionarea parc\u0103rilor publice respective. Operatorii de parcare vor fi obliga\u0163i la plata unor redeven\u0163e c\u0103tre Prim\u0103ria Municipiului Ia\u015fi \u00een termenii \u015fi condi\u0163iile prev\u0103zute \u00een contractele de concesiune. Redeven\u0163ele astfel pl\u0103tite constituie venituri ale bugetului Prim\u0103ria Municipiului Ia\u015fi, folosindu-se cu prec\u0103dere pentru amenajarea de noi locuri de parcare \u015fi pentru \u00eembun\u0103t\u0103\u0163irea condi\u0163iilor de desf\u0103\u015furare a circula\u0163iei\u201d, a precizat viceprimarul. Potrivit noului regulament,\u00a0 \u00een municipiul Ia\u0219i vor fi instituite trei zone de tarifare a locurilor de parcare, \u00een\u00a0 func\u0163ie de gradul de solicitare al acestora, dup\u0103 cum urmeaz\u0103: zona tarifar\u0103 zero (zona central\u0103 a municipiului), zona tarifar\u0103 I \u0219i zona tarifar\u0103 II. Tarifele de parcare pentru autovehicule sunt exprimate valoric \u00een raport cu tariful orar pentru o or\u0103 de parcare \u00een zon\u0103, astfel: tarife orare zona zero &#8211; 1,5 lei\/30 min, 3,0 lei\/60 min; tarife orare zona I &#8211; 0,75 lei\/30 min; 1,50 lei\/60 min, tarife orare zona II &#8211; 0,75 lei\/60 min; 1,50 lei\/120 min; abonamente pentru locatari: 80 lei\/lun\u0103 zona zero, 40 lei\/lun\u0103 zona I, 20 lei\/lun\u0103 zona II. Parcarea autovehiculelor \u00een locuri neautorizate pentru parcare cu plat\u0103 constituie contraven\u0163ie \u015fi va fi sanc\u0163ionat\u0103 cu amend\u0103, blocarea \u015fi\/sau ridicarea autovehiculului, dup\u0103 caz. Noul regulament prevede \u0219i introducerea abonamentelor pentru locurile de parcare din ora\u0219, care asigur\u0103 sta\u0163ionarea pe timp nelimitat \u00een zona pentru care au fost cump\u0103rate, pentru perioada de valabilitate a acestuia. Dup\u0103 cum a precizat vicepriamrul Mihai Chirica vor exista dou\u0103 tipuri de abonamente, unul pentru locatari (la domiciliu), care se va elibera pentru un singur autovehicul, numai persoanelor fizice cu domiciliul \u00een perimetrul de taxare \u015fi care fac dovada de proprietate asupra autovehiculului \u015fi domiciliului, document care d\u0103 dreptul de parcare pe o raz\u0103 de o sut\u0103 de metri fa\u0163\u0103 de domiciliu (perimetru de parcare), respectiv abonamentul de locatar nominalizat, care se acord\u0103 posesorilor de parcare reziden\u0163ial\u0103, care au contract \u00eencheiat cu cu Prim\u0103ria pentru un loc de parcare. Va fi introduse, de asemenea, abonamentul nominalizat \u201dfull time\u201d, care asigur\u0103 locul de parcare nominalizat 24 de ore din 24, la urm\u0103toarele tarife: pentru zona zero &#8211; 120 lei\/loc\/lun\u0103, pentru zona I &#8211; 60 lei\/loc\/lun\u0103, iar pentru zona II \u00a0\u00a0\u00a0\u00a0\u00a0\u00a0\u00a0\u00a0 &#8211;\u00a0\u00a0 40 lei\/loc\/lun\u0103. \u00a0Regulamentul se aplic\u0103 \u00een zilele lucr\u0103toare, \u00eentre orele 8.00- 20.00, s\u00e2mb\u0103ta 8.00- 13.00, sau \u00een func\u0163ie de ceea ce scrie pe panoul de informare aferent fiecarei locatii in parte. Duminica \u015fi \u00een s\u0103rb\u0103torile legale nu se aplic\u0103 dispozi\u0163iile regulamentului. Pensionarii peste 65 de ani, veteranii de r\u0103zboi, revolu\u0163ionarii cuprin\u015fi \u00een lista publicata in Monitorul Oficial, posesori de autovehicule beneficiaz\u0103 de o reducere de 50 % din tariful abonamentului de parcare (Abonament locatar). De aceea\u015fi gratuitate beneficiaz\u0103 \u015fi pensionarii a c\u0103ror pensie este mai mic\u0103 dec\u00e2t dou\u0103 salarii minime pe<strong> <\/strong>economie. Autovehiculele care se g\u0103sesc \u00een parc\u0103rile cu plat\u0103 mai mult de 72 de ore vor fi tractate, dup\u0103 un avertisment de tractare dat dup\u0103 primele 48 de ore, \u015fi depozitate \u00een locuri special amenajate.<\/p>\n","protected":false},"excerpt":{"rendered":"<p>Prim\u0103ria municipiului Ia\u0219i a finalizat proiectul regulamentului de exploatare a domeniului public destinat parc\u0103rii cu&#8230; <a class=\"meta-more\" href=\"https:\/\/infois.ro\/?p=5911\">more <span class=\"meta-nav\">&raquo;<\/span><\/a><\/p>\n","protected":false},"author":2,"featured_media":5912,"comment_status":"open","ping_status":"closed","sticky":false,"template":"","format":"standard","meta":{"footnotes":""},"categories":[1,41],"tags":[74,2477,2476,296,2478],"aioseo_notices":[],"_links":{"self":[{"href":"https:\/\/infois.ro\/index.php?rest_route=\/wp\/v2\/posts\/5911"}],"collection":[{"href":"https:\/\/infois.ro\/index.php?rest_route=\/wp\/v2\/posts"}],"about":[{"href":"https:\/\/infois.ro\/index.php?rest_route=\/wp\/v2\/types\/post"}],"author":[{"embeddable":true,"href":"https:\/\/infois.ro\/index.php?rest_route=\/wp\/v2\/users\/2"}],"replies":[{"embeddable":true,"href":"https:\/\/infois.ro\/index.php?rest_route=%2Fwp%2Fv2%2Fcomments&post=5911"}],"version-history":[{"count":1,"href":"https:\/\/infois.ro\/index.php?rest_route=\/wp\/v2\/posts\/5911\/revisions"}],"predecessor-version":[{"id":5913,"href":"https:\/\/infois.ro\/index.php?rest_route=\/wp\/v2\/posts\/5911\/revisions\/5913"}],"wp:featuredmedia":[{"embeddable":true,"href":"https:\/\/infois.ro\/index.php?rest_route=\/wp\/v2\/media\/5912"}],"wp:attachment":[{"href":"https:\/\/infois.ro\/index.php?rest_route=%2Fwp%2Fv2%2Fmedia&parent=5911"}],"wp:term":[{"taxonomy":"category","embeddable":true,"href":"https:\/\/infois.ro\/index.php?rest_route=%2Fwp%2Fv2%2Fcategories&post=5911"},{"taxonomy":"post_tag","embeddable":true,"href":"https:\/\/infois.ro\/index.php?rest_route=%2Fwp%2Fv2%2Ftags&post=5911"}],"curies":[{"name":"wp","href":"https:\/\/api.w.org\/{rel}","templated":true}]}}