{"id":5925,"date":"2013-06-12T14:53:12","date_gmt":"2013-06-12T11:53:12","guid":{"rendered":"http:\/\/infois.ro\/?p=5925"},"modified":"2013-06-12T14:53:12","modified_gmt":"2013-06-12T11:53:12","slug":"manifestari-organizate-in-judetul-iasi-cu-ocazia-zilei-eroilor","status":"publish","type":"post","link":"https:\/\/infois.ro\/?p=5925","title":{"rendered":"Manifest\u0103ri organizate \u00een jude\u021bul Ia\u0219i cu ocazia \u201dZilei Eroilor\u201d"},"content":{"rendered":"<p style=\"text-align: justify;\"><a class=\"highslide\" onclick=\"return vz.expand(this)\" href=\"http:\/\/infois.ro\/wp-content\/uploads\/2013\/06\/ziua-eroilor-2013.jpg\"><img loading=\"lazy\" decoding=\"async\" class=\"alignleft size-large wp-image-5926\" title=\"ziua eroilor 2013\" src=\"http:\/\/infois.ro\/wp-content\/uploads\/cache\/2013\/06\/ziua-eroilor-2013\/896208284.jpg\" alt=\"\" width=\"600\" height=\"398\" \/><\/a><\/p>\n<p style=\"text-align: justify;\">Cu prilejul S\u0103rb\u0103torii de \u00cen\u0103l\u021barea Domnului, \u00een care, prin tradi\u021bie, se aniverseaz\u0103 Ziua Eroilor, \u00een jude\u021bul Ia\u0219i se vor desf\u0103\u0219ura joi, 13 iunie, o serie de manifest\u0103ri dedicate acestei s\u0103rb\u0103tori. Astfel, la Cimitirul Eternitatea, la Monumentul Eroilor Rom\u00e2ni din Primul R\u0103zboi Mondial (1916 \u2013 1918), \u00eentre orele 12.00-12.45 va avea loc un ceremonial militar \u015fi religios, urmat de depuneri de coroane. La Monumentul Eroilor Rom\u00e2ni din Cel de-al Doilea R\u0103zboi mondial, \u00eentre orele 12.50 \u2013 12.55 vor avea loc depuneri de coroane \u015fi jerbe de flori;\u00a0 la Morm\u00e2ntul Eroului slt. H\u00e2ncu Bogdan Valerian, \u00eentre orele 12.55 \u2013 13.00, depuneri de coroane \u015fi jerbe de flori; la Cimitirul Militarilor Ru\u015fi din cele Dou\u0103 R\u0103zboaie Mondiale, \u00eentre orele 13.05\u201313.10, depuneri de coroane \u015fi jerbe de flori; la Cimitirul Militarilor Francezi din Primul R\u0103zboi Mondial, \u00eentre orele 13.15\u201313.20, depuneri de coroane \u015fi jerbe de flori; la Cimitirul Militarilor Germani din Cel De-al Doilea R\u0103zboi Mondial, \u00eentre orele 13.25\u201313.30, depuneri de coroane \u015fi jerbe de flori. La Cimitirul Eroilor Evrei, \u00eentre orele 13.45 \u2013 14.00, depuneri de coroane \u015fi jerbe de flori, la Cimitirul Eroilor Rom\u00e2ni din comuna Le\u0163cani, jude\u0163ul Ia\u015fi, respectiv la Monumentul Eroilor Rom\u00e2ni din Cel De-al Doilea R\u0103zboi Mondial, \u00eentre orele 14.30 \u2013 15.15, ceremonial militar \u015fi religios, urmat de depuneri coroane de flori. La Cimitirul Eroilor din Galata, \u00eentre orele 12.00\u2013 12.30, depuneri de coroane \u015fi jerbe de flori; la Cimitirul Eroilor de la Spitalul Socola, \u00eentre orele 12.00 \u2013 12.30, depuneri de coroane \u015fi jerbe de flori. La Monumentul \u201eVultur\u201d din Bucium Ia\u015fi, la ora 12.00, la Monumentul Eroilor de la Biserica \u201eSf. Nicolae\u201d Copou Ia\u015fi (ora 12.00), precum \u0219i la Cimitirul Eroilor din Comuna Rediu, jude\u0163ul Ia\u015fi (ora 10.00). Ac\u0163iunile sunt organizate de Institu\u0163ia Prefectului \u00a0Jude\u0163ului Ia\u015fi, Garnizoana Ia\u015fi, Consiliul Jude\u0163ean Ia\u015fi, Prim\u0103ria Municipiului Ia\u015fi, Mitropolia Moldovei \u015fi Bucovinei, Prim\u0103ria comunei Le\u0163cani, jude\u0163ul Ia\u015fi, Asocia\u0163ia \u201cCultul Eroilor\u201d, Asocia\u0163ii \u015fi Uniuni ale veteranilor de r\u0103zboi, Asocia\u0163ii ale cadrelor militare \u00een rezerv\u0103 \u015fi \u00een retragere, Centrul Cultural Francez, Centrul Cultural German, Comunitatea Evreilor Ia\u015fi.<\/p>\n","protected":false},"excerpt":{"rendered":"<p>Cu prilejul S\u0103rb\u0103torii de \u00cen\u0103l\u021barea Domnului, \u00een care, prin tradi\u021bie, se aniverseaz\u0103 Ziua Eroilor, \u00een&#8230; <a class=\"meta-more\" href=\"https:\/\/infois.ro\/?p=5925\">more <span class=\"meta-nav\">&raquo;<\/span><\/a><\/p>\n","protected":false},"author":2,"featured_media":5926,"comment_status":"open","ping_status":"closed","sticky":false,"template":"","format":"standard","meta":{"footnotes":""},"categories":[1,59],"tags":[74,2484,40,2483],"aioseo_notices":[],"_links":{"self":[{"href":"https:\/\/infois.ro\/index.php?rest_route=\/wp\/v2\/posts\/5925"}],"collection":[{"href":"https:\/\/infois.ro\/index.php?rest_route=\/wp\/v2\/posts"}],"about":[{"href":"https:\/\/infois.ro\/index.php?rest_route=\/wp\/v2\/types\/post"}],"author":[{"embeddable":true,"href":"https:\/\/infois.ro\/index.php?rest_route=\/wp\/v2\/users\/2"}],"replies":[{"embeddable":true,"href":"https:\/\/infois.ro\/index.php?rest_route=%2Fwp%2Fv2%2Fcomments&post=5925"}],"version-history":[{"count":1,"href":"https:\/\/infois.ro\/index.php?rest_route=\/wp\/v2\/posts\/5925\/revisions"}],"predecessor-version":[{"id":5927,"href":"https:\/\/infois.ro\/index.php?rest_route=\/wp\/v2\/posts\/5925\/revisions\/5927"}],"wp:featuredmedia":[{"embeddable":true,"href":"https:\/\/infois.ro\/index.php?rest_route=\/wp\/v2\/media\/5926"}],"wp:attachment":[{"href":"https:\/\/infois.ro\/index.php?rest_route=%2Fwp%2Fv2%2Fmedia&parent=5925"}],"wp:term":[{"taxonomy":"category","embeddable":true,"href":"https:\/\/infois.ro\/index.php?rest_route=%2Fwp%2Fv2%2Fcategories&post=5925"},{"taxonomy":"post_tag","embeddable":true,"href":"https:\/\/infois.ro\/index.php?rest_route=%2Fwp%2Fv2%2Ftags&post=5925"}],"curies":[{"name":"wp","href":"https:\/\/api.w.org\/{rel}","templated":true}]}}